{"id":959,"date":"2025-02-06T18:39:00","date_gmt":"2025-02-06T16:39:00","guid":{"rendered":"http:\/\/www.ainojaaskelainen.com\/?p=959"},"modified":"2025-02-19T15:11:50","modified_gmt":"2025-02-19T13:11:50","slug":"liepeilta","status":"publish","type":"post","link":"https:\/\/www.ainojaaskelainen.com\/?p=959","title":{"rendered":"LIEPEILT\u00c4"},"content":{"rendered":"\n<p>Kohta on aika. N\u00e4yttelyni Liepeilt\u00e4 on esill\u00e4 Galleria Huudossa 6.3.-30.3. 2025 <br>Galleria Huuto sijaitsee Kalasatamassa osoitteessa Panimokatu 1, 2. krs.  Galleria on esteet\u00f6n. Aukiolo TI-SU 12-18<br>Avajaiset ovat keskiviikkona 5.3. 18-20 TERVETULOA KAIKKI! <br><em>Olen itse paikalla n\u00e4yttelyn ensimm\u00e4isen\u00e4 viikonloppuna 8.3. ja 9.3. klo 12-18. <\/em><\/p>\n\n\n\n<figure class=\"wp-block-gallery has-nested-images columns-default is-cropped wp-block-gallery-1 is-layout-flex wp-block-gallery-is-layout-flex\">\n<figure class=\"wp-block-image size-large\"><a href=\"http:\/\/www.ainojaaskelainen.com\/wp-content\/uploads\/2025\/02\/huuto1-1.jpg\"><img loading=\"lazy\" decoding=\"async\" width=\"1024\" height=\"712\" data-id=\"961\" src=\"http:\/\/www.ainojaaskelainen.com\/wp-content\/uploads\/2025\/02\/huuto1-1-1024x712.jpg\" alt=\"\" class=\"wp-image-961\" srcset=\"https:\/\/www.ainojaaskelainen.com\/wp-content\/uploads\/2025\/02\/huuto1-1-1024x712.jpg 1024w, https:\/\/www.ainojaaskelainen.com\/wp-content\/uploads\/2025\/02\/huuto1-1-300x209.jpg 300w, https:\/\/www.ainojaaskelainen.com\/wp-content\/uploads\/2025\/02\/huuto1-1-768x534.jpg 768w, https:\/\/www.ainojaaskelainen.com\/wp-content\/uploads\/2025\/02\/huuto1-1-624x434.jpg 624w, https:\/\/www.ainojaaskelainen.com\/wp-content\/uploads\/2025\/02\/huuto1-1.jpg 1438w\" sizes=\"auto, (max-width: 1024px) 100vw, 1024px\" \/><\/a><\/figure>\n<\/figure>\n\n\n\n<blockquote class=\"wp-block-quote is-layout-flow wp-block-quote-is-layout-flow\">\n<p><br>&#8221;Aino pyysi minua keskustelemaan kanssaan h\u00e4nen tulevasta n\u00e4yttelyst\u00e4\u00e4n \u201dLiepeilt\u00e4\u201d Galleria Huudossa. H\u00e4n nostaa vedoslaatikostosta esiin teoksiaan, jotka ovat monotypioita. Aikaisempien n\u00e4yttelyiden tunnistettavat maisemat ja naishahmot ovat muuttunut v\u00e4ripinnoiksi ja l\u00e4hikuviksi silmist\u00e4, joissa luomet ovat avoinna tai suljettuina. K\u00e4y ilmi, ett\u00e4 teoksissa on muun muassa punakaalia. Luonnon kuvaamisen sijaan luonto on kiinni paperissa. Tuijottavat silm\u00e4t katsovat takaisin ja k\u00e4\u00e4nt\u00e4v\u00e4t huomion itseeni kuin kaikkin\u00e4kev\u00e4 silm\u00e4.&nbsp;&#8221;<br><br>Kuvaitaitelija, v\u00e4it\u00f6stutkija, Timo T\u00e4hk\u00e4nen<\/p>\n<\/blockquote>\n\n\n\n<p>T\u00e4ss\u00e4 on yst\u00e4v\u00e4ni Timon havaintoja ja pohdintaa tulevasta. Saa n\u00e4hd\u00e4 millainen n\u00e4yttelyst\u00e4 tulle ja pit\u00e4v\u00e4tk\u00f6 mielikuvat ja odotukset paikkaansa. Vasta ripustaessa n\u00e4yttely\u00e4 n\u00e4kee todella sopivatko teokset odotetusti yhteen ja miten tila toimii.<\/p>\n\n\n\n<figure class=\"wp-block-image size-large\"><a href=\"http:\/\/www.ainojaaskelainen.com\/wp-content\/uploads\/2025\/02\/huuto4.jpg\"><img loading=\"lazy\" decoding=\"async\" width=\"1024\" height=\"624\" src=\"http:\/\/www.ainojaaskelainen.com\/wp-content\/uploads\/2025\/02\/huuto4-1024x624.jpg\" alt=\"\" class=\"wp-image-964\" srcset=\"https:\/\/www.ainojaaskelainen.com\/wp-content\/uploads\/2025\/02\/huuto4-1024x624.jpg 1024w, https:\/\/www.ainojaaskelainen.com\/wp-content\/uploads\/2025\/02\/huuto4-300x183.jpg 300w, https:\/\/www.ainojaaskelainen.com\/wp-content\/uploads\/2025\/02\/huuto4-768x468.jpg 768w, https:\/\/www.ainojaaskelainen.com\/wp-content\/uploads\/2025\/02\/huuto4-1536x937.jpg 1536w, https:\/\/www.ainojaaskelainen.com\/wp-content\/uploads\/2025\/02\/huuto4-624x380.jpg 624w, https:\/\/www.ainojaaskelainen.com\/wp-content\/uploads\/2025\/02\/huuto4.jpg 1640w\" sizes=\"auto, (max-width: 1024px) 100vw, 1024px\" \/><\/a><\/figure>\n\n\n\n<p>Gallerian sivut:  www.galleriahuuto.fi<\/p>\n","protected":false},"excerpt":{"rendered":"<p>Kohta on aika. N\u00e4yttelyni Liepeilt\u00e4 on esill\u00e4 Galleria Huudossa 6.3.-30.3. 2025 Galleria Huuto sijaitsee Kalasatamassa osoitteessa Panimokatu 1, 2. krs. Galleria on esteet\u00f6n. Aukiolo TI-SU 12-18Avajaiset ovat keskiviikkona 5.3. 18-20 TERVETULOA KAIKKI! Olen itse paikalla n\u00e4yttelyn ensimm\u00e4isen\u00e4 viikonloppuna 8.3. ja 9.3. klo 12-18. &#8221;Aino pyysi minua keskustelemaan kanssaan h\u00e4nen tulevasta n\u00e4yttelyst\u00e4\u00e4n \u201dLiepeilt\u00e4\u201d Galleria Huudossa. H\u00e4n [&hellip;]<\/p>\n","protected":false},"author":2,"featured_media":0,"comment_status":"open","ping_status":"closed","sticky":false,"template":"","format":"standard","meta":{"ngg_post_thumbnail":0,"footnotes":""},"categories":[8,3,1],"tags":[],"class_list":["post-959","post","type-post","status-publish","format-standard","hentry","category-galleria-huuto","category-nayttelyt","category-yleinen"],"yoast_head":"<!-- This site is optimized with the Yoast SEO plugin v27.5 - https:\/\/yoast.com\/product\/yoast-seo-wordpress\/ -->\n<title>LIEPEILT\u00c4 - Kuvataiteilija Aino J\u00e4\u00e4skel\u00e4inen<\/title>\n<meta name=\"robots\" content=\"index, follow, max-snippet:-1, max-image-preview:large, max-video-preview:-1\" \/>\n<link rel=\"canonical\" href=\"http:\/\/www.ainojaaskelainen.com\/?p=959\" \/>\n<meta property=\"og:locale\" content=\"fi_FI\" \/>\n<meta property=\"og:type\" content=\"article\" \/>\n<meta property=\"og:title\" content=\"LIEPEILT\u00c4 - Kuvataiteilija Aino J\u00e4\u00e4skel\u00e4inen\" \/>\n<meta property=\"og:description\" content=\"Kohta on aika. N\u00e4yttelyni Liepeilt\u00e4 on esill\u00e4 Galleria Huudossa 6.3.-30.3. 2025 Galleria Huuto sijaitsee Kalasatamassa osoitteessa Panimokatu 1, 2. krs. Galleria on esteet\u00f6n. Aukiolo TI-SU 12-18Avajaiset ovat keskiviikkona 5.3. 18-20 TERVETULOA KAIKKI! Olen itse paikalla n\u00e4yttelyn ensimm\u00e4isen\u00e4 viikonloppuna 8.3. ja 9.3. klo 12-18. &#8221;Aino pyysi minua keskustelemaan kanssaan h\u00e4nen tulevasta n\u00e4yttelyst\u00e4\u00e4n \u201dLiepeilt\u00e4\u201d Galleria Huudossa. H\u00e4n [&hellip;]\" \/>\n<meta property=\"og:url\" content=\"http:\/\/www.ainojaaskelainen.com\/?p=959\" \/>\n<meta property=\"og:site_name\" content=\"Kuvataiteilija Aino J\u00e4\u00e4skel\u00e4inen\" \/>\n<meta property=\"article:publisher\" content=\"https:\/\/www.facebook.com\/ainojaaskelainentaidegraafikko\/\" \/>\n<meta property=\"article:published_time\" content=\"2025-02-06T16:39:00+00:00\" \/>\n<meta property=\"article:modified_time\" content=\"2025-02-19T13:11:50+00:00\" \/>\n<meta property=\"og:image\" content=\"http:\/\/www.ainojaaskelainen.com\/wp-content\/uploads\/2025\/02\/huuto1-1-1024x712.jpg\" \/>\n<meta name=\"author\" content=\"aino\" \/>\n<meta name=\"twitter:card\" content=\"summary_large_image\" \/>\n<meta name=\"twitter:label1\" content=\"Kirjoittanut\" \/>\n\t<meta name=\"twitter:data1\" content=\"aino\" \/>\n\t<meta name=\"twitter:label2\" content=\"Arvioitu lukuaika\" \/>\n\t<meta name=\"twitter:data2\" content=\"2 minuuttia\" \/>\n<script type=\"application\/ld+json\" class=\"yoast-schema-graph\">{\"@context\":\"https:\\\/\\\/schema.org\",\"@graph\":[{\"@type\":\"Article\",\"@id\":\"http:\\\/\\\/www.ainojaaskelainen.com\\\/?p=959#article\",\"isPartOf\":{\"@id\":\"http:\\\/\\\/www.ainojaaskelainen.com\\\/?p=959\"},\"author\":{\"name\":\"aino\",\"@id\":\"https:\\\/\\\/www.ainojaaskelainen.com\\\/#\\\/schema\\\/person\\\/4324d52d7a074f0be829f9dc6d7263b7\"},\"headline\":\"LIEPEILT\u00c4\",\"datePublished\":\"2025-02-06T16:39:00+00:00\",\"dateModified\":\"2025-02-19T13:11:50+00:00\",\"mainEntityOfPage\":{\"@id\":\"http:\\\/\\\/www.ainojaaskelainen.com\\\/?p=959\"},\"wordCount\":174,\"commentCount\":0,\"image\":{\"@id\":\"http:\\\/\\\/www.ainojaaskelainen.com\\\/?p=959#primaryimage\"},\"thumbnailUrl\":\"http:\\\/\\\/www.ainojaaskelainen.com\\\/wp-content\\\/uploads\\\/2025\\\/02\\\/huuto1-1-1024x712.jpg\",\"articleSection\":[\"Galleria Huuto\",\"n\u00e4yttelyt\"],\"inLanguage\":\"fi\",\"potentialAction\":[{\"@type\":\"CommentAction\",\"name\":\"Comment\",\"target\":[\"http:\\\/\\\/www.ainojaaskelainen.com\\\/?p=959#respond\"]}]},{\"@type\":\"WebPage\",\"@id\":\"http:\\\/\\\/www.ainojaaskelainen.com\\\/?p=959\",\"url\":\"http:\\\/\\\/www.ainojaaskelainen.com\\\/?p=959\",\"name\":\"LIEPEILT\u00c4 - Kuvataiteilija Aino J\u00e4\u00e4skel\u00e4inen\",\"isPartOf\":{\"@id\":\"https:\\\/\\\/www.ainojaaskelainen.com\\\/#website\"},\"primaryImageOfPage\":{\"@id\":\"http:\\\/\\\/www.ainojaaskelainen.com\\\/?p=959#primaryimage\"},\"image\":{\"@id\":\"http:\\\/\\\/www.ainojaaskelainen.com\\\/?p=959#primaryimage\"},\"thumbnailUrl\":\"http:\\\/\\\/www.ainojaaskelainen.com\\\/wp-content\\\/uploads\\\/2025\\\/02\\\/huuto1-1-1024x712.jpg\",\"datePublished\":\"2025-02-06T16:39:00+00:00\",\"dateModified\":\"2025-02-19T13:11:50+00:00\",\"author\":{\"@id\":\"https:\\\/\\\/www.ainojaaskelainen.com\\\/#\\\/schema\\\/person\\\/4324d52d7a074f0be829f9dc6d7263b7\"},\"breadcrumb\":{\"@id\":\"http:\\\/\\\/www.ainojaaskelainen.com\\\/?p=959#breadcrumb\"},\"inLanguage\":\"fi\",\"potentialAction\":[{\"@type\":\"ReadAction\",\"target\":[\"http:\\\/\\\/www.ainojaaskelainen.com\\\/?p=959\"]}]},{\"@type\":\"ImageObject\",\"inLanguage\":\"fi\",\"@id\":\"http:\\\/\\\/www.ainojaaskelainen.com\\\/?p=959#primaryimage\",\"url\":\"https:\\\/\\\/www.ainojaaskelainen.com\\\/wp-content\\\/uploads\\\/2025\\\/02\\\/huuto1-1.jpg\",\"contentUrl\":\"https:\\\/\\\/www.ainojaaskelainen.com\\\/wp-content\\\/uploads\\\/2025\\\/02\\\/huuto1-1.jpg\",\"width\":1438,\"height\":1000},{\"@type\":\"BreadcrumbList\",\"@id\":\"http:\\\/\\\/www.ainojaaskelainen.com\\\/?p=959#breadcrumb\",\"itemListElement\":[{\"@type\":\"ListItem\",\"position\":1,\"name\":\"Etusivu\",\"item\":\"https:\\\/\\\/www.ainojaaskelainen.com\\\/\"},{\"@type\":\"ListItem\",\"position\":2,\"name\":\"LIEPEILT\u00c4\"}]},{\"@type\":\"WebSite\",\"@id\":\"https:\\\/\\\/www.ainojaaskelainen.com\\\/#website\",\"url\":\"https:\\\/\\\/www.ainojaaskelainen.com\\\/\",\"name\":\"Kuvataiteilija Aino J\u00e4\u00e4skel\u00e4inen\",\"description\":\"\",\"potentialAction\":[{\"@type\":\"SearchAction\",\"target\":{\"@type\":\"EntryPoint\",\"urlTemplate\":\"https:\\\/\\\/www.ainojaaskelainen.com\\\/?s={search_term_string}\"},\"query-input\":{\"@type\":\"PropertyValueSpecification\",\"valueRequired\":true,\"valueName\":\"search_term_string\"}}],\"inLanguage\":\"fi\"},{\"@type\":\"Person\",\"@id\":\"https:\\\/\\\/www.ainojaaskelainen.com\\\/#\\\/schema\\\/person\\\/4324d52d7a074f0be829f9dc6d7263b7\",\"name\":\"aino\",\"image\":{\"@type\":\"ImageObject\",\"inLanguage\":\"fi\",\"@id\":\"https:\\\/\\\/secure.gravatar.com\\\/avatar\\\/8a0c94034ed8b80fb48462da8f154ea6cad02b08eb29f2f53500f8200b2c41cb?s=96&d=mm&r=g\",\"url\":\"https:\\\/\\\/secure.gravatar.com\\\/avatar\\\/8a0c94034ed8b80fb48462da8f154ea6cad02b08eb29f2f53500f8200b2c41cb?s=96&d=mm&r=g\",\"contentUrl\":\"https:\\\/\\\/secure.gravatar.com\\\/avatar\\\/8a0c94034ed8b80fb48462da8f154ea6cad02b08eb29f2f53500f8200b2c41cb?s=96&d=mm&r=g\",\"caption\":\"aino\"}}]}<\/script>\n<!-- \/ Yoast SEO plugin. -->","yoast_head_json":{"title":"LIEPEILT\u00c4 - Kuvataiteilija Aino J\u00e4\u00e4skel\u00e4inen","robots":{"index":"index","follow":"follow","max-snippet":"max-snippet:-1","max-image-preview":"max-image-preview:large","max-video-preview":"max-video-preview:-1"},"canonical":"http:\/\/www.ainojaaskelainen.com\/?p=959","og_locale":"fi_FI","og_type":"article","og_title":"LIEPEILT\u00c4 - Kuvataiteilija Aino J\u00e4\u00e4skel\u00e4inen","og_description":"Kohta on aika. N\u00e4yttelyni Liepeilt\u00e4 on esill\u00e4 Galleria Huudossa 6.3.-30.3. 2025 Galleria Huuto sijaitsee Kalasatamassa osoitteessa Panimokatu 1, 2. krs. Galleria on esteet\u00f6n. Aukiolo TI-SU 12-18Avajaiset ovat keskiviikkona 5.3. 18-20 TERVETULOA KAIKKI! Olen itse paikalla n\u00e4yttelyn ensimm\u00e4isen\u00e4 viikonloppuna 8.3. ja 9.3. klo 12-18. &#8221;Aino pyysi minua keskustelemaan kanssaan h\u00e4nen tulevasta n\u00e4yttelyst\u00e4\u00e4n \u201dLiepeilt\u00e4\u201d Galleria Huudossa. H\u00e4n [&hellip;]","og_url":"http:\/\/www.ainojaaskelainen.com\/?p=959","og_site_name":"Kuvataiteilija Aino J\u00e4\u00e4skel\u00e4inen","article_publisher":"https:\/\/www.facebook.com\/ainojaaskelainentaidegraafikko\/","article_published_time":"2025-02-06T16:39:00+00:00","article_modified_time":"2025-02-19T13:11:50+00:00","og_image":[{"url":"http:\/\/www.ainojaaskelainen.com\/wp-content\/uploads\/2025\/02\/huuto1-1-1024x712.jpg","type":"","width":"","height":""}],"author":"aino","twitter_card":"summary_large_image","twitter_misc":{"Kirjoittanut":"aino","Arvioitu lukuaika":"2 minuuttia"},"schema":{"@context":"https:\/\/schema.org","@graph":[{"@type":"Article","@id":"http:\/\/www.ainojaaskelainen.com\/?p=959#article","isPartOf":{"@id":"http:\/\/www.ainojaaskelainen.com\/?p=959"},"author":{"name":"aino","@id":"https:\/\/www.ainojaaskelainen.com\/#\/schema\/person\/4324d52d7a074f0be829f9dc6d7263b7"},"headline":"LIEPEILT\u00c4","datePublished":"2025-02-06T16:39:00+00:00","dateModified":"2025-02-19T13:11:50+00:00","mainEntityOfPage":{"@id":"http:\/\/www.ainojaaskelainen.com\/?p=959"},"wordCount":174,"commentCount":0,"image":{"@id":"http:\/\/www.ainojaaskelainen.com\/?p=959#primaryimage"},"thumbnailUrl":"http:\/\/www.ainojaaskelainen.com\/wp-content\/uploads\/2025\/02\/huuto1-1-1024x712.jpg","articleSection":["Galleria Huuto","n\u00e4yttelyt"],"inLanguage":"fi","potentialAction":[{"@type":"CommentAction","name":"Comment","target":["http:\/\/www.ainojaaskelainen.com\/?p=959#respond"]}]},{"@type":"WebPage","@id":"http:\/\/www.ainojaaskelainen.com\/?p=959","url":"http:\/\/www.ainojaaskelainen.com\/?p=959","name":"LIEPEILT\u00c4 - Kuvataiteilija Aino J\u00e4\u00e4skel\u00e4inen","isPartOf":{"@id":"https:\/\/www.ainojaaskelainen.com\/#website"},"primaryImageOfPage":{"@id":"http:\/\/www.ainojaaskelainen.com\/?p=959#primaryimage"},"image":{"@id":"http:\/\/www.ainojaaskelainen.com\/?p=959#primaryimage"},"thumbnailUrl":"http:\/\/www.ainojaaskelainen.com\/wp-content\/uploads\/2025\/02\/huuto1-1-1024x712.jpg","datePublished":"2025-02-06T16:39:00+00:00","dateModified":"2025-02-19T13:11:50+00:00","author":{"@id":"https:\/\/www.ainojaaskelainen.com\/#\/schema\/person\/4324d52d7a074f0be829f9dc6d7263b7"},"breadcrumb":{"@id":"http:\/\/www.ainojaaskelainen.com\/?p=959#breadcrumb"},"inLanguage":"fi","potentialAction":[{"@type":"ReadAction","target":["http:\/\/www.ainojaaskelainen.com\/?p=959"]}]},{"@type":"ImageObject","inLanguage":"fi","@id":"http:\/\/www.ainojaaskelainen.com\/?p=959#primaryimage","url":"https:\/\/www.ainojaaskelainen.com\/wp-content\/uploads\/2025\/02\/huuto1-1.jpg","contentUrl":"https:\/\/www.ainojaaskelainen.com\/wp-content\/uploads\/2025\/02\/huuto1-1.jpg","width":1438,"height":1000},{"@type":"BreadcrumbList","@id":"http:\/\/www.ainojaaskelainen.com\/?p=959#breadcrumb","itemListElement":[{"@type":"ListItem","position":1,"name":"Etusivu","item":"https:\/\/www.ainojaaskelainen.com\/"},{"@type":"ListItem","position":2,"name":"LIEPEILT\u00c4"}]},{"@type":"WebSite","@id":"https:\/\/www.ainojaaskelainen.com\/#website","url":"https:\/\/www.ainojaaskelainen.com\/","name":"Kuvataiteilija Aino J\u00e4\u00e4skel\u00e4inen","description":"","potentialAction":[{"@type":"SearchAction","target":{"@type":"EntryPoint","urlTemplate":"https:\/\/www.ainojaaskelainen.com\/?s={search_term_string}"},"query-input":{"@type":"PropertyValueSpecification","valueRequired":true,"valueName":"search_term_string"}}],"inLanguage":"fi"},{"@type":"Person","@id":"https:\/\/www.ainojaaskelainen.com\/#\/schema\/person\/4324d52d7a074f0be829f9dc6d7263b7","name":"aino","image":{"@type":"ImageObject","inLanguage":"fi","@id":"https:\/\/secure.gravatar.com\/avatar\/8a0c94034ed8b80fb48462da8f154ea6cad02b08eb29f2f53500f8200b2c41cb?s=96&d=mm&r=g","url":"https:\/\/secure.gravatar.com\/avatar\/8a0c94034ed8b80fb48462da8f154ea6cad02b08eb29f2f53500f8200b2c41cb?s=96&d=mm&r=g","contentUrl":"https:\/\/secure.gravatar.com\/avatar\/8a0c94034ed8b80fb48462da8f154ea6cad02b08eb29f2f53500f8200b2c41cb?s=96&d=mm&r=g","caption":"aino"}}]}},"_links":{"self":[{"href":"https:\/\/www.ainojaaskelainen.com\/index.php?rest_route=\/wp\/v2\/posts\/959","targetHints":{"allow":["GET"]}}],"collection":[{"href":"https:\/\/www.ainojaaskelainen.com\/index.php?rest_route=\/wp\/v2\/posts"}],"about":[{"href":"https:\/\/www.ainojaaskelainen.com\/index.php?rest_route=\/wp\/v2\/types\/post"}],"author":[{"embeddable":true,"href":"https:\/\/www.ainojaaskelainen.com\/index.php?rest_route=\/wp\/v2\/users\/2"}],"replies":[{"embeddable":true,"href":"https:\/\/www.ainojaaskelainen.com\/index.php?rest_route=%2Fwp%2Fv2%2Fcomments&post=959"}],"version-history":[{"count":5,"href":"https:\/\/www.ainojaaskelainen.com\/index.php?rest_route=\/wp\/v2\/posts\/959\/revisions"}],"predecessor-version":[{"id":969,"href":"https:\/\/www.ainojaaskelainen.com\/index.php?rest_route=\/wp\/v2\/posts\/959\/revisions\/969"}],"wp:attachment":[{"href":"https:\/\/www.ainojaaskelainen.com\/index.php?rest_route=%2Fwp%2Fv2%2Fmedia&parent=959"}],"wp:term":[{"taxonomy":"category","embeddable":true,"href":"https:\/\/www.ainojaaskelainen.com\/index.php?rest_route=%2Fwp%2Fv2%2Fcategories&post=959"},{"taxonomy":"post_tag","embeddable":true,"href":"https:\/\/www.ainojaaskelainen.com\/index.php?rest_route=%2Fwp%2Fv2%2Ftags&post=959"}],"curies":[{"name":"wp","href":"https:\/\/api.w.org\/{rel}","templated":true}]}}