{"id":901,"date":"2023-11-09T10:13:11","date_gmt":"2023-11-09T08:13:11","guid":{"rendered":"http:\/\/www.ainojaaskelainen.com\/?p=901"},"modified":"2023-11-16T10:24:54","modified_gmt":"2023-11-16T08:24:54","slug":"muutos","status":"publish","type":"post","link":"https:\/\/www.ainojaaskelainen.com\/?p=901","title":{"rendered":"Muutoksia, eli taiteilija ei malttanut pit\u00e4\u00e4 n\u00e4ppej\u00e4\u00e4n irti!"},"content":{"rendered":"\n<p>Joskus k\u00e4y n\u00e4in. Eli taitelija ei malta olla koskematta vanhaan teokseensa. Vuosi sitten kes\u00e4ll\u00e4 k\u00e4vi niin kohdallani.<\/p>\n\n\n\n<figure class=\"wp-block-image size-large\"><a href=\"http:\/\/www.ainojaaskelainen.com\/wp-content\/uploads\/2023\/11\/Sisar-II.jpg\"><img loading=\"lazy\" decoding=\"async\" width=\"1024\" height=\"819\" src=\"http:\/\/www.ainojaaskelainen.com\/wp-content\/uploads\/2023\/11\/Sisar-II-1024x819.jpg\" alt=\"\" class=\"wp-image-904\" srcset=\"https:\/\/www.ainojaaskelainen.com\/wp-content\/uploads\/2023\/11\/Sisar-II-1024x819.jpg 1024w, https:\/\/www.ainojaaskelainen.com\/wp-content\/uploads\/2023\/11\/Sisar-II-300x240.jpg 300w, https:\/\/www.ainojaaskelainen.com\/wp-content\/uploads\/2023\/11\/Sisar-II-768x614.jpg 768w, https:\/\/www.ainojaaskelainen.com\/wp-content\/uploads\/2023\/11\/Sisar-II-1536x1228.jpg 1536w, https:\/\/www.ainojaaskelainen.com\/wp-content\/uploads\/2023\/11\/Sisar-II-624x499.jpg 624w, https:\/\/www.ainojaaskelainen.com\/wp-content\/uploads\/2023\/11\/Sisar-II.jpg 1913w\" sizes=\"auto, (max-width: 1024px) 100vw, 1024px\" \/><\/a><figcaption class=\"wp-element-caption\">Sisar II, monotypia ja muste<\/figcaption><\/figure>\n\n\n\n<p>Vanhat ja isot valkoisella v\u00e4rill\u00e4 valkoiselle paperille tekem\u00e4ni teokset saivat uuden el\u00e4m\u00e4n.<\/p>\n\n\n\n<p>Kes\u00e4ll\u00e4 2007 pidin Maisterin\u00e4yttelyni \u201dOli kerran jossain\u201d hienossa Kuvataideakatemian Galleriassa Kasarminkadulla.<\/p>\n\n\n\n<p>Voit k\u00e4yd\u00e4 katsomassa teoksia ja galleriatilaa portfolion puolelta 2007\u20132008 kansiosta. http:\/\/www.ainojaaskelainen.com\/?page_id=9<\/p>\n\n\n\n<p>N\u00e4yttelyss\u00e4 oli esill\u00e4 mm. isoja, hienoja ja vaaleita t\u00f6it\u00e4. Ty\u00f6t olivat sitten esill\u00e4 ainakin Porissa Poriginal galleriassa kes\u00e4ll\u00e4 2008.<\/p>\n\n\n\n<figure class=\"wp-block-image size-large\"><a href=\"http:\/\/www.ainojaaskelainen.com\/wp-content\/uploads\/2023\/11\/siella-kuljimmekerran.jpg\"><img loading=\"lazy\" decoding=\"async\" width=\"1024\" height=\"829\" src=\"http:\/\/www.ainojaaskelainen.com\/wp-content\/uploads\/2023\/11\/siella-kuljimmekerran-1024x829.jpg\" alt=\"\" class=\"wp-image-902\" srcset=\"https:\/\/www.ainojaaskelainen.com\/wp-content\/uploads\/2023\/11\/siella-kuljimmekerran-1024x829.jpg 1024w, https:\/\/www.ainojaaskelainen.com\/wp-content\/uploads\/2023\/11\/siella-kuljimmekerran-300x243.jpg 300w, https:\/\/www.ainojaaskelainen.com\/wp-content\/uploads\/2023\/11\/siella-kuljimmekerran-768x622.jpg 768w, https:\/\/www.ainojaaskelainen.com\/wp-content\/uploads\/2023\/11\/siella-kuljimmekerran-1536x1243.jpg 1536w, https:\/\/www.ainojaaskelainen.com\/wp-content\/uploads\/2023\/11\/siella-kuljimmekerran-2048x1657.jpg 2048w, https:\/\/www.ainojaaskelainen.com\/wp-content\/uploads\/2023\/11\/siella-kuljimmekerran-624x505.jpg 624w\" sizes=\"auto, (max-width: 1024px) 100vw, 1024px\" \/><\/a><figcaption class=\"wp-element-caption\">Siell\u00e4 kuljimme II, monotypia ja tussi<\/figcaption><\/figure>\n\n\n\n<p>Sitten ne roikkuvat yli 15 vuotta ty\u00f6huoneeni sein\u00e4ll\u00e4, ker\u00e4siv\u00e4t p\u00f6ly\u00e4 ja tipahtelivat v\u00e4lill\u00e4 alas. Muun muassa l\u00e4mp\u00f6pattereita s\u00e4\u00e4dettiin ja korjailtiin niiden takana ja muuta k\u00e4tev\u00e4\u00e4. Ne ovat niin isoja, ett\u00e4 niiden k\u00e4sittely yksin ja pieniss\u00e4 tiloissa on riski.<br>Vuosi sitten kes\u00e4ll\u00e4, kun jossain teoksessa oli uusi ryppy ja likaa totesin teoksille olevan parempi, jos ajatus valkoisesta ja sile\u00e4st\u00e4 paperista vain unohdettaisiin, enk\u00e4 menett\u00e4isi mit\u00e4\u00e4n pienest\u00e4 muutoksesta.<\/p>\n\n\n\n<p>Otin esiin nestem\u00e4ist\u00e4 tussia ja mustetta ja t\u00e4ss\u00e4 tulos! Muutos on aika suuri ja hyv\u00e4. Tietenkin minua j\u00e4nnitti mokaanko kaiken, koska paperi imee kaiken itseens\u00e4 ja herk\u00e4t tytt\u00f6hahmot ovat vaativia.<\/p>\n\n\n\n<figure class=\"wp-block-image size-large is-resized\"><a href=\"http:\/\/www.ainojaaskelainen.com\/wp-content\/uploads\/2023\/11\/villistiII.jpg\"><img loading=\"lazy\" decoding=\"async\" width=\"691\" height=\"1024\" src=\"http:\/\/www.ainojaaskelainen.com\/wp-content\/uploads\/2023\/11\/villistiII-691x1024.jpg\" alt=\"\" class=\"wp-image-906\" style=\"width:655px;height:auto\" srcset=\"https:\/\/www.ainojaaskelainen.com\/wp-content\/uploads\/2023\/11\/villistiII-691x1024.jpg 691w, https:\/\/www.ainojaaskelainen.com\/wp-content\/uploads\/2023\/11\/villistiII-202x300.jpg 202w, https:\/\/www.ainojaaskelainen.com\/wp-content\/uploads\/2023\/11\/villistiII-768x1139.jpg 768w, https:\/\/www.ainojaaskelainen.com\/wp-content\/uploads\/2023\/11\/villistiII-1036x1536.jpg 1036w, https:\/\/www.ainojaaskelainen.com\/wp-content\/uploads\/2023\/11\/villistiII-1381x2048.jpg 1381w, https:\/\/www.ainojaaskelainen.com\/wp-content\/uploads\/2023\/11\/villistiII-624x925.jpg 624w, https:\/\/www.ainojaaskelainen.com\/wp-content\/uploads\/2023\/11\/villistiII.jpg 1417w\" sizes=\"auto, (max-width: 691px) 100vw, 691px\" \/><\/a><figcaption class=\"wp-element-caption\">Villisti II, monotypia ja tussi<\/figcaption><\/figure>\n\n\n\n<p>T\u00e4m\u00e4 alla oleva \u201dKatson, uneksin\u201d niminen teos l\u00e4htee Voipaalan taidekeskukseen Valkeakoskelle \u201dSattuman vaara\u201d nimiseen yhteisn\u00e4yttelyyn (2.12.2023 &#8211; 4.2. 2024).<br>K\u00e4yk\u00e4\u00e4 katsomassa!<\/p>\n\n\n\n<figure class=\"wp-block-image size-large\"><a href=\"http:\/\/www.ainojaaskelainen.com\/wp-content\/uploads\/2023\/11\/voipaalaan-scaled.jpg\"><img loading=\"lazy\" decoding=\"async\" width=\"1024\" height=\"837\" src=\"http:\/\/www.ainojaaskelainen.com\/wp-content\/uploads\/2023\/11\/voipaalaan-1024x837.jpg\" alt=\"\" class=\"wp-image-905\" srcset=\"https:\/\/www.ainojaaskelainen.com\/wp-content\/uploads\/2023\/11\/voipaalaan-1024x837.jpg 1024w, https:\/\/www.ainojaaskelainen.com\/wp-content\/uploads\/2023\/11\/voipaalaan-300x245.jpg 300w, https:\/\/www.ainojaaskelainen.com\/wp-content\/uploads\/2023\/11\/voipaalaan-768x628.jpg 768w, https:\/\/www.ainojaaskelainen.com\/wp-content\/uploads\/2023\/11\/voipaalaan-1536x1256.jpg 1536w, https:\/\/www.ainojaaskelainen.com\/wp-content\/uploads\/2023\/11\/voipaalaan-2048x1674.jpg 2048w, https:\/\/www.ainojaaskelainen.com\/wp-content\/uploads\/2023\/11\/voipaalaan-624x510.jpg 624w\" sizes=\"auto, (max-width: 1024px) 100vw, 1024px\" \/><\/a><figcaption class=\"wp-element-caption\">Katson, uneksin, monotypia ja muste<\/figcaption><\/figure>\n\n\n\n<p>Katsotaan mihin teosten uusi el\u00e4m\u00e4 vie. P\u00e4\u00e4sev\u00e4tk\u00f6 ne muutkin n\u00e4yttelyyn vai onko niiden kohtalo taas p\u00e4\u00e4ty\u00e4 putoilemaan kannattimiltaan ty\u00f6huoneeni sein\u00e4ll\u00e4.<\/p>\n","protected":false},"excerpt":{"rendered":"<p>Joskus k\u00e4y n\u00e4in. Eli taitelija ei malta olla koskematta vanhaan teokseensa. Vuosi sitten kes\u00e4ll\u00e4 k\u00e4vi niin kohdallani. Vanhat ja isot valkoisella v\u00e4rill\u00e4 valkoiselle paperille tekem\u00e4ni teokset saivat uuden el\u00e4m\u00e4n. Kes\u00e4ll\u00e4 2007 pidin Maisterin\u00e4yttelyni \u201dOli kerran jossain\u201d hienossa Kuvataideakatemian Galleriassa Kasarminkadulla. Voit k\u00e4yd\u00e4 katsomassa teoksia ja galleriatilaa portfolion puolelta 2007\u20132008 kansiosta. http:\/\/www.ainojaaskelainen.com\/?page_id=9 N\u00e4yttelyss\u00e4 oli esill\u00e4 mm. [&hellip;]<\/p>\n","protected":false},"author":2,"featured_media":0,"comment_status":"open","ping_status":"closed","sticky":false,"template":"","format":"standard","meta":{"ngg_post_thumbnail":0,"footnotes":""},"categories":[9,1],"tags":[15,17,18],"class_list":["post-901","post","type-post","status-publish","format-standard","hentry","category-ryhmanayttelyt","category-yleinen","tag-monotypia","tag-teos-muokkaus","tag-voipaala"],"yoast_head":"<!-- This site is optimized with the Yoast SEO plugin v27.5 - https:\/\/yoast.com\/product\/yoast-seo-wordpress\/ -->\n<title>Muutoksia, eli taiteilija ei malttanut pit\u00e4\u00e4 n\u00e4ppej\u00e4\u00e4n irti! - Kuvataiteilija Aino J\u00e4\u00e4skel\u00e4inen<\/title>\n<meta name=\"robots\" content=\"index, follow, max-snippet:-1, max-image-preview:large, max-video-preview:-1\" \/>\n<link rel=\"canonical\" href=\"http:\/\/www.ainojaaskelainen.com\/?p=901\" \/>\n<meta property=\"og:locale\" content=\"fi_FI\" \/>\n<meta property=\"og:type\" content=\"article\" \/>\n<meta property=\"og:title\" content=\"Muutoksia, eli taiteilija ei malttanut pit\u00e4\u00e4 n\u00e4ppej\u00e4\u00e4n irti! - Kuvataiteilija Aino J\u00e4\u00e4skel\u00e4inen\" \/>\n<meta property=\"og:description\" content=\"Joskus k\u00e4y n\u00e4in. Eli taitelija ei malta olla koskematta vanhaan teokseensa. Vuosi sitten kes\u00e4ll\u00e4 k\u00e4vi niin kohdallani. Vanhat ja isot valkoisella v\u00e4rill\u00e4 valkoiselle paperille tekem\u00e4ni teokset saivat uuden el\u00e4m\u00e4n. Kes\u00e4ll\u00e4 2007 pidin Maisterin\u00e4yttelyni \u201dOli kerran jossain\u201d hienossa Kuvataideakatemian Galleriassa Kasarminkadulla. Voit k\u00e4yd\u00e4 katsomassa teoksia ja galleriatilaa portfolion puolelta 2007\u20132008 kansiosta. http:\/\/www.ainojaaskelainen.com\/?page_id=9 N\u00e4yttelyss\u00e4 oli esill\u00e4 mm. [&hellip;]\" \/>\n<meta property=\"og:url\" content=\"http:\/\/www.ainojaaskelainen.com\/?p=901\" \/>\n<meta property=\"og:site_name\" content=\"Kuvataiteilija Aino J\u00e4\u00e4skel\u00e4inen\" \/>\n<meta property=\"article:publisher\" content=\"https:\/\/www.facebook.com\/ainojaaskelainentaidegraafikko\/\" \/>\n<meta property=\"article:published_time\" content=\"2023-11-09T08:13:11+00:00\" \/>\n<meta property=\"article:modified_time\" content=\"2023-11-16T08:24:54+00:00\" \/>\n<meta property=\"og:image\" content=\"http:\/\/www.ainojaaskelainen.com\/wp-content\/uploads\/2023\/11\/Sisar-II-1024x819.jpg\" \/>\n<meta name=\"author\" content=\"aino\" \/>\n<meta name=\"twitter:card\" content=\"summary_large_image\" \/>\n<meta name=\"twitter:label1\" content=\"Kirjoittanut\" \/>\n\t<meta name=\"twitter:data1\" content=\"aino\" \/>\n\t<meta name=\"twitter:label2\" content=\"Arvioitu lukuaika\" \/>\n\t<meta name=\"twitter:data2\" content=\"1 minuutti\" \/>\n<script type=\"application\/ld+json\" class=\"yoast-schema-graph\">{\"@context\":\"https:\\\/\\\/schema.org\",\"@graph\":[{\"@type\":\"Article\",\"@id\":\"http:\\\/\\\/www.ainojaaskelainen.com\\\/?p=901#article\",\"isPartOf\":{\"@id\":\"http:\\\/\\\/www.ainojaaskelainen.com\\\/?p=901\"},\"author\":{\"name\":\"aino\",\"@id\":\"https:\\\/\\\/www.ainojaaskelainen.com\\\/#\\\/schema\\\/person\\\/4324d52d7a074f0be829f9dc6d7263b7\"},\"headline\":\"Muutoksia, eli taiteilija ei malttanut pit\u00e4\u00e4 n\u00e4ppej\u00e4\u00e4n irti!\",\"datePublished\":\"2023-11-09T08:13:11+00:00\",\"dateModified\":\"2023-11-16T08:24:54+00:00\",\"mainEntityOfPage\":{\"@id\":\"http:\\\/\\\/www.ainojaaskelainen.com\\\/?p=901\"},\"wordCount\":282,\"commentCount\":0,\"image\":{\"@id\":\"http:\\\/\\\/www.ainojaaskelainen.com\\\/?p=901#primaryimage\"},\"thumbnailUrl\":\"http:\\\/\\\/www.ainojaaskelainen.com\\\/wp-content\\\/uploads\\\/2023\\\/11\\\/Sisar-II-1024x819.jpg\",\"keywords\":[\"monotypia\",\"teos muokkaus\",\"Voipaala\"],\"articleSection\":[\"Ryhm\u00e4n\u00e4yttelyt\"],\"inLanguage\":\"fi\",\"potentialAction\":[{\"@type\":\"CommentAction\",\"name\":\"Comment\",\"target\":[\"http:\\\/\\\/www.ainojaaskelainen.com\\\/?p=901#respond\"]}]},{\"@type\":\"WebPage\",\"@id\":\"http:\\\/\\\/www.ainojaaskelainen.com\\\/?p=901\",\"url\":\"http:\\\/\\\/www.ainojaaskelainen.com\\\/?p=901\",\"name\":\"Muutoksia, eli taiteilija ei malttanut pit\u00e4\u00e4 n\u00e4ppej\u00e4\u00e4n irti! - Kuvataiteilija Aino J\u00e4\u00e4skel\u00e4inen\",\"isPartOf\":{\"@id\":\"https:\\\/\\\/www.ainojaaskelainen.com\\\/#website\"},\"primaryImageOfPage\":{\"@id\":\"http:\\\/\\\/www.ainojaaskelainen.com\\\/?p=901#primaryimage\"},\"image\":{\"@id\":\"http:\\\/\\\/www.ainojaaskelainen.com\\\/?p=901#primaryimage\"},\"thumbnailUrl\":\"http:\\\/\\\/www.ainojaaskelainen.com\\\/wp-content\\\/uploads\\\/2023\\\/11\\\/Sisar-II-1024x819.jpg\",\"datePublished\":\"2023-11-09T08:13:11+00:00\",\"dateModified\":\"2023-11-16T08:24:54+00:00\",\"author\":{\"@id\":\"https:\\\/\\\/www.ainojaaskelainen.com\\\/#\\\/schema\\\/person\\\/4324d52d7a074f0be829f9dc6d7263b7\"},\"breadcrumb\":{\"@id\":\"http:\\\/\\\/www.ainojaaskelainen.com\\\/?p=901#breadcrumb\"},\"inLanguage\":\"fi\",\"potentialAction\":[{\"@type\":\"ReadAction\",\"target\":[\"http:\\\/\\\/www.ainojaaskelainen.com\\\/?p=901\"]}]},{\"@type\":\"ImageObject\",\"inLanguage\":\"fi\",\"@id\":\"http:\\\/\\\/www.ainojaaskelainen.com\\\/?p=901#primaryimage\",\"url\":\"https:\\\/\\\/www.ainojaaskelainen.com\\\/wp-content\\\/uploads\\\/2023\\\/11\\\/Sisar-II.jpg\",\"contentUrl\":\"https:\\\/\\\/www.ainojaaskelainen.com\\\/wp-content\\\/uploads\\\/2023\\\/11\\\/Sisar-II.jpg\",\"width\":1913,\"height\":1530},{\"@type\":\"BreadcrumbList\",\"@id\":\"http:\\\/\\\/www.ainojaaskelainen.com\\\/?p=901#breadcrumb\",\"itemListElement\":[{\"@type\":\"ListItem\",\"position\":1,\"name\":\"Etusivu\",\"item\":\"https:\\\/\\\/www.ainojaaskelainen.com\\\/\"},{\"@type\":\"ListItem\",\"position\":2,\"name\":\"Muutoksia, eli taiteilija ei malttanut pit\u00e4\u00e4 n\u00e4ppej\u00e4\u00e4n irti!\"}]},{\"@type\":\"WebSite\",\"@id\":\"https:\\\/\\\/www.ainojaaskelainen.com\\\/#website\",\"url\":\"https:\\\/\\\/www.ainojaaskelainen.com\\\/\",\"name\":\"Kuvataiteilija Aino J\u00e4\u00e4skel\u00e4inen\",\"description\":\"\",\"potentialAction\":[{\"@type\":\"SearchAction\",\"target\":{\"@type\":\"EntryPoint\",\"urlTemplate\":\"https:\\\/\\\/www.ainojaaskelainen.com\\\/?s={search_term_string}\"},\"query-input\":{\"@type\":\"PropertyValueSpecification\",\"valueRequired\":true,\"valueName\":\"search_term_string\"}}],\"inLanguage\":\"fi\"},{\"@type\":\"Person\",\"@id\":\"https:\\\/\\\/www.ainojaaskelainen.com\\\/#\\\/schema\\\/person\\\/4324d52d7a074f0be829f9dc6d7263b7\",\"name\":\"aino\",\"image\":{\"@type\":\"ImageObject\",\"inLanguage\":\"fi\",\"@id\":\"https:\\\/\\\/secure.gravatar.com\\\/avatar\\\/8a0c94034ed8b80fb48462da8f154ea6cad02b08eb29f2f53500f8200b2c41cb?s=96&d=mm&r=g\",\"url\":\"https:\\\/\\\/secure.gravatar.com\\\/avatar\\\/8a0c94034ed8b80fb48462da8f154ea6cad02b08eb29f2f53500f8200b2c41cb?s=96&d=mm&r=g\",\"contentUrl\":\"https:\\\/\\\/secure.gravatar.com\\\/avatar\\\/8a0c94034ed8b80fb48462da8f154ea6cad02b08eb29f2f53500f8200b2c41cb?s=96&d=mm&r=g\",\"caption\":\"aino\"}}]}<\/script>\n<!-- \/ Yoast SEO plugin. -->","yoast_head_json":{"title":"Muutoksia, eli taiteilija ei malttanut pit\u00e4\u00e4 n\u00e4ppej\u00e4\u00e4n irti! - Kuvataiteilija Aino J\u00e4\u00e4skel\u00e4inen","robots":{"index":"index","follow":"follow","max-snippet":"max-snippet:-1","max-image-preview":"max-image-preview:large","max-video-preview":"max-video-preview:-1"},"canonical":"http:\/\/www.ainojaaskelainen.com\/?p=901","og_locale":"fi_FI","og_type":"article","og_title":"Muutoksia, eli taiteilija ei malttanut pit\u00e4\u00e4 n\u00e4ppej\u00e4\u00e4n irti! - Kuvataiteilija Aino J\u00e4\u00e4skel\u00e4inen","og_description":"Joskus k\u00e4y n\u00e4in. Eli taitelija ei malta olla koskematta vanhaan teokseensa. Vuosi sitten kes\u00e4ll\u00e4 k\u00e4vi niin kohdallani. Vanhat ja isot valkoisella v\u00e4rill\u00e4 valkoiselle paperille tekem\u00e4ni teokset saivat uuden el\u00e4m\u00e4n. Kes\u00e4ll\u00e4 2007 pidin Maisterin\u00e4yttelyni \u201dOli kerran jossain\u201d hienossa Kuvataideakatemian Galleriassa Kasarminkadulla. Voit k\u00e4yd\u00e4 katsomassa teoksia ja galleriatilaa portfolion puolelta 2007\u20132008 kansiosta. http:\/\/www.ainojaaskelainen.com\/?page_id=9 N\u00e4yttelyss\u00e4 oli esill\u00e4 mm. [&hellip;]","og_url":"http:\/\/www.ainojaaskelainen.com\/?p=901","og_site_name":"Kuvataiteilija Aino J\u00e4\u00e4skel\u00e4inen","article_publisher":"https:\/\/www.facebook.com\/ainojaaskelainentaidegraafikko\/","article_published_time":"2023-11-09T08:13:11+00:00","article_modified_time":"2023-11-16T08:24:54+00:00","og_image":[{"url":"http:\/\/www.ainojaaskelainen.com\/wp-content\/uploads\/2023\/11\/Sisar-II-1024x819.jpg","type":"","width":"","height":""}],"author":"aino","twitter_card":"summary_large_image","twitter_misc":{"Kirjoittanut":"aino","Arvioitu lukuaika":"1 minuutti"},"schema":{"@context":"https:\/\/schema.org","@graph":[{"@type":"Article","@id":"http:\/\/www.ainojaaskelainen.com\/?p=901#article","isPartOf":{"@id":"http:\/\/www.ainojaaskelainen.com\/?p=901"},"author":{"name":"aino","@id":"https:\/\/www.ainojaaskelainen.com\/#\/schema\/person\/4324d52d7a074f0be829f9dc6d7263b7"},"headline":"Muutoksia, eli taiteilija ei malttanut pit\u00e4\u00e4 n\u00e4ppej\u00e4\u00e4n irti!","datePublished":"2023-11-09T08:13:11+00:00","dateModified":"2023-11-16T08:24:54+00:00","mainEntityOfPage":{"@id":"http:\/\/www.ainojaaskelainen.com\/?p=901"},"wordCount":282,"commentCount":0,"image":{"@id":"http:\/\/www.ainojaaskelainen.com\/?p=901#primaryimage"},"thumbnailUrl":"http:\/\/www.ainojaaskelainen.com\/wp-content\/uploads\/2023\/11\/Sisar-II-1024x819.jpg","keywords":["monotypia","teos muokkaus","Voipaala"],"articleSection":["Ryhm\u00e4n\u00e4yttelyt"],"inLanguage":"fi","potentialAction":[{"@type":"CommentAction","name":"Comment","target":["http:\/\/www.ainojaaskelainen.com\/?p=901#respond"]}]},{"@type":"WebPage","@id":"http:\/\/www.ainojaaskelainen.com\/?p=901","url":"http:\/\/www.ainojaaskelainen.com\/?p=901","name":"Muutoksia, eli taiteilija ei malttanut pit\u00e4\u00e4 n\u00e4ppej\u00e4\u00e4n irti! - Kuvataiteilija Aino J\u00e4\u00e4skel\u00e4inen","isPartOf":{"@id":"https:\/\/www.ainojaaskelainen.com\/#website"},"primaryImageOfPage":{"@id":"http:\/\/www.ainojaaskelainen.com\/?p=901#primaryimage"},"image":{"@id":"http:\/\/www.ainojaaskelainen.com\/?p=901#primaryimage"},"thumbnailUrl":"http:\/\/www.ainojaaskelainen.com\/wp-content\/uploads\/2023\/11\/Sisar-II-1024x819.jpg","datePublished":"2023-11-09T08:13:11+00:00","dateModified":"2023-11-16T08:24:54+00:00","author":{"@id":"https:\/\/www.ainojaaskelainen.com\/#\/schema\/person\/4324d52d7a074f0be829f9dc6d7263b7"},"breadcrumb":{"@id":"http:\/\/www.ainojaaskelainen.com\/?p=901#breadcrumb"},"inLanguage":"fi","potentialAction":[{"@type":"ReadAction","target":["http:\/\/www.ainojaaskelainen.com\/?p=901"]}]},{"@type":"ImageObject","inLanguage":"fi","@id":"http:\/\/www.ainojaaskelainen.com\/?p=901#primaryimage","url":"https:\/\/www.ainojaaskelainen.com\/wp-content\/uploads\/2023\/11\/Sisar-II.jpg","contentUrl":"https:\/\/www.ainojaaskelainen.com\/wp-content\/uploads\/2023\/11\/Sisar-II.jpg","width":1913,"height":1530},{"@type":"BreadcrumbList","@id":"http:\/\/www.ainojaaskelainen.com\/?p=901#breadcrumb","itemListElement":[{"@type":"ListItem","position":1,"name":"Etusivu","item":"https:\/\/www.ainojaaskelainen.com\/"},{"@type":"ListItem","position":2,"name":"Muutoksia, eli taiteilija ei malttanut pit\u00e4\u00e4 n\u00e4ppej\u00e4\u00e4n irti!"}]},{"@type":"WebSite","@id":"https:\/\/www.ainojaaskelainen.com\/#website","url":"https:\/\/www.ainojaaskelainen.com\/","name":"Kuvataiteilija Aino J\u00e4\u00e4skel\u00e4inen","description":"","potentialAction":[{"@type":"SearchAction","target":{"@type":"EntryPoint","urlTemplate":"https:\/\/www.ainojaaskelainen.com\/?s={search_term_string}"},"query-input":{"@type":"PropertyValueSpecification","valueRequired":true,"valueName":"search_term_string"}}],"inLanguage":"fi"},{"@type":"Person","@id":"https:\/\/www.ainojaaskelainen.com\/#\/schema\/person\/4324d52d7a074f0be829f9dc6d7263b7","name":"aino","image":{"@type":"ImageObject","inLanguage":"fi","@id":"https:\/\/secure.gravatar.com\/avatar\/8a0c94034ed8b80fb48462da8f154ea6cad02b08eb29f2f53500f8200b2c41cb?s=96&d=mm&r=g","url":"https:\/\/secure.gravatar.com\/avatar\/8a0c94034ed8b80fb48462da8f154ea6cad02b08eb29f2f53500f8200b2c41cb?s=96&d=mm&r=g","contentUrl":"https:\/\/secure.gravatar.com\/avatar\/8a0c94034ed8b80fb48462da8f154ea6cad02b08eb29f2f53500f8200b2c41cb?s=96&d=mm&r=g","caption":"aino"}}]}},"_links":{"self":[{"href":"https:\/\/www.ainojaaskelainen.com\/index.php?rest_route=\/wp\/v2\/posts\/901","targetHints":{"allow":["GET"]}}],"collection":[{"href":"https:\/\/www.ainojaaskelainen.com\/index.php?rest_route=\/wp\/v2\/posts"}],"about":[{"href":"https:\/\/www.ainojaaskelainen.com\/index.php?rest_route=\/wp\/v2\/types\/post"}],"author":[{"embeddable":true,"href":"https:\/\/www.ainojaaskelainen.com\/index.php?rest_route=\/wp\/v2\/users\/2"}],"replies":[{"embeddable":true,"href":"https:\/\/www.ainojaaskelainen.com\/index.php?rest_route=%2Fwp%2Fv2%2Fcomments&post=901"}],"version-history":[{"count":8,"href":"https:\/\/www.ainojaaskelainen.com\/index.php?rest_route=\/wp\/v2\/posts\/901\/revisions"}],"predecessor-version":[{"id":915,"href":"https:\/\/www.ainojaaskelainen.com\/index.php?rest_route=\/wp\/v2\/posts\/901\/revisions\/915"}],"wp:attachment":[{"href":"https:\/\/www.ainojaaskelainen.com\/index.php?rest_route=%2Fwp%2Fv2%2Fmedia&parent=901"}],"wp:term":[{"taxonomy":"category","embeddable":true,"href":"https:\/\/www.ainojaaskelainen.com\/index.php?rest_route=%2Fwp%2Fv2%2Fcategories&post=901"},{"taxonomy":"post_tag","embeddable":true,"href":"https:\/\/www.ainojaaskelainen.com\/index.php?rest_route=%2Fwp%2Fv2%2Ftags&post=901"}],"curies":[{"name":"wp","href":"https:\/\/api.w.org\/{rel}","templated":true}]}}