{"id":780,"date":"2022-01-24T12:22:07","date_gmt":"2022-01-24T10:22:07","guid":{"rendered":"http:\/\/www.ainojaaskelainen.com\/?p=780"},"modified":"2022-03-09T10:15:54","modified_gmt":"2022-03-09T08:15:54","slug":"ihmeiden-aika-ja-muita-unia","status":"publish","type":"post","link":"https:\/\/www.ainojaaskelainen.com\/?p=780","title":{"rendered":"Ihmeiden aika ja muita unia"},"content":{"rendered":"\n<p>Ihmeiden aika ja muita unia aukeaa keskiviikkona 2.2. Galleria G:ss\u00e4! N\u00e4yttely on esill\u00e4 2.2.-27.2. 2022 K\u00e4yk\u00e4\u00e4 katsomassa! Galleria G sijaitsee Korkeavuorenkadun ja Pikku roban kulmassa. Osoite on Pieni Roobertinkatu 10, 00120. Galleria on auki ti-pe 11-17 ja la-su 12-16. T\u00e4ss\u00e4 on viel\u00e4 n\u00e4yttelyteksti.<\/p>\n\n\n\n<p><em>Haluan kertoa teille tarinan, mutta ei siin\u00e4 ole juonta. Kuvittele loputon kes\u00e4p\u00e4iv\u00e4. Kaikki leikit oli leikitty eik\u00e4 ollut en\u00e4\u00e4 mit\u00e4\u00e4n tekemist\u00e4 ja piti vain vetelehti\u00e4. Usein yst\u00e4v\u00e4 tai sisar oli siin\u00e4 mutta toisinaan joutui kuvittelemaan kaiken yksin.<\/em><\/p>\n\n\n\n<p><em>Olisipa sellainen kes\u00e4.<\/em><\/p>\n\n\n\n<p><em>Toisaalta tytt\u00f6 katsoo tulevaisuuteen. Mit\u00e4 siell\u00e4 n\u00e4kyy? Pimeytt\u00e4? vai jotain m\u00e4\u00e4rittelem\u00e4t\u00f6nt\u00e4?<br>H\u00e4nen sisarensa katsoo vastarannalta takaisin.<\/em><\/p>\n\n\n\n<p><em>Ilmassa on odotusta ja joskus kuviteltu kaameus l\u00f6ytyykin kiven alta.<\/em><\/p>\n\n\n\n<p><em>T\u00f6it\u00e4 tehdess\u00e4ni kerron itselleni ep\u00e4m\u00e4\u00e4r\u00e4ist\u00e4, juonetonta tarinaa josta saa melkein selv\u00e4\u00e4 ja k\u00e4yn vuoropuhelua teosten kanssa. Sanallistaminen on ep\u00e4m\u00e4\u00e4r\u00e4ist\u00e4 ja asiaa kiert\u00e4v\u00e4\u00e4. Huomaan k\u00e4sittelev\u00e4ni t\u00f6iss\u00e4ni naiseutta, tytt\u00f6ytt\u00e4, arkuutta ja voimaa.Taitaa aiheina olla my\u00f6s perhe, suku sek\u00e4 ihmisyys ja luonnon ihmeet. Olen huomannut ett\u00e4 t\u00f6iss\u00e4ni on joskus jotain pelottavaa, kuin pime\u00e4ss\u00e4 mets\u00e4ss\u00e4 vastaan tulijat ja kahahdus n\u00e4k\u00f6kent\u00e4n laitamilla, mutta samalla onkin turvassa. Se vastaantulija tai kahahtaja olikin sisko tai oma lemmikki.<\/em><\/p>\n\n\n\n<p><em>Ty\u00f6skentelen p\u00e4\u00e4asiassa monotypian parissa. Monotypia on painaen tehty ainutkertainen teos. Olen kutsunut sit\u00e4 maalauksen ja taidegrafiikan rakkauslapseksi. Olen tehnyt t\u00e4h\u00e4n n\u00e4yttelyyn my\u00f6s keramiikkaveistoksia.<\/em><\/p>\n\n\n\n<p><em>Aino J\u00e4\u00e4skel\u00e4inen<\/em><\/p>\n\n\n\n<p>Kiitan l\u00e4mpim\u00e4sti Taikea ty\u00f6skentelyni tukemisesta!<\/p>\n\n\n\n<figure class=\"wp-block-image size-large is-resized\"><a href=\"http:\/\/www.ainojaaskelainen.com\/wp-content\/uploads\/2022\/01\/kutsuteoskuvaG-scaled.jpg\"><img loading=\"lazy\" decoding=\"async\" src=\"http:\/\/www.ainojaaskelainen.com\/wp-content\/uploads\/2022\/01\/kutsuteoskuvaG-1024x585.jpg\" alt=\"\" class=\"wp-image-781\" width=\"842\" height=\"480\" srcset=\"https:\/\/www.ainojaaskelainen.com\/wp-content\/uploads\/2022\/01\/kutsuteoskuvaG-1024x585.jpg 1024w, https:\/\/www.ainojaaskelainen.com\/wp-content\/uploads\/2022\/01\/kutsuteoskuvaG-300x171.jpg 300w, https:\/\/www.ainojaaskelainen.com\/wp-content\/uploads\/2022\/01\/kutsuteoskuvaG-768x439.jpg 768w, https:\/\/www.ainojaaskelainen.com\/wp-content\/uploads\/2022\/01\/kutsuteoskuvaG-1536x878.jpg 1536w, https:\/\/www.ainojaaskelainen.com\/wp-content\/uploads\/2022\/01\/kutsuteoskuvaG-2048x1170.jpg 2048w, https:\/\/www.ainojaaskelainen.com\/wp-content\/uploads\/2022\/01\/kutsuteoskuvaG-624x357.jpg 624w\" sizes=\"auto, (max-width: 842px) 100vw, 842px\" \/><\/a><figcaption>Leimahdus, monotypia, 53x42cm, 2021 ja Yst\u00e4v\u00e4(Emilia), monotypia, 53x42cm, 2021<\/figcaption><\/figure>\n\n\n\n<p><\/p>\n","protected":false},"excerpt":{"rendered":"<p>Ihmeiden aika ja muita unia aukeaa keskiviikkona 2.2. Galleria G:ss\u00e4! N\u00e4yttely on esill\u00e4 2.2.-27.2. 2022 K\u00e4yk\u00e4\u00e4 katsomassa! Galleria G sijaitsee Korkeavuorenkadun ja Pikku roban kulmassa. Osoite on Pieni Roobertinkatu 10, 00120. Galleria on auki ti-pe 11-17 ja la-su 12-16. T\u00e4ss\u00e4 on viel\u00e4 n\u00e4yttelyteksti. Haluan kertoa teille tarinan, mutta ei siin\u00e4 ole juonta. Kuvittele loputon kes\u00e4p\u00e4iv\u00e4. [&hellip;]<\/p>\n","protected":false},"author":2,"featured_media":0,"comment_status":"open","ping_status":"closed","sticky":false,"template":"","format":"standard","meta":{"ngg_post_thumbnail":0,"footnotes":""},"categories":[5,3,1],"tags":[],"class_list":["post-780","post","type-post","status-publish","format-standard","hentry","category-galleria-g","category-nayttelyt","category-yleinen"],"yoast_head":"<!-- This site is optimized with the Yoast SEO plugin v27.5 - https:\/\/yoast.com\/product\/yoast-seo-wordpress\/ -->\n<title>Ihmeiden aika ja muita unia - Kuvataiteilija Aino J\u00e4\u00e4skel\u00e4inen<\/title>\n<meta name=\"robots\" content=\"index, follow, max-snippet:-1, max-image-preview:large, max-video-preview:-1\" \/>\n<link rel=\"canonical\" href=\"http:\/\/www.ainojaaskelainen.com\/?p=780\" \/>\n<meta property=\"og:locale\" content=\"fi_FI\" \/>\n<meta property=\"og:type\" content=\"article\" \/>\n<meta property=\"og:title\" content=\"Ihmeiden aika ja muita unia - Kuvataiteilija Aino J\u00e4\u00e4skel\u00e4inen\" \/>\n<meta property=\"og:description\" content=\"Ihmeiden aika ja muita unia aukeaa keskiviikkona 2.2. Galleria G:ss\u00e4! N\u00e4yttely on esill\u00e4 2.2.-27.2. 2022 K\u00e4yk\u00e4\u00e4 katsomassa! Galleria G sijaitsee Korkeavuorenkadun ja Pikku roban kulmassa. Osoite on Pieni Roobertinkatu 10, 00120. Galleria on auki ti-pe 11-17 ja la-su 12-16. T\u00e4ss\u00e4 on viel\u00e4 n\u00e4yttelyteksti. Haluan kertoa teille tarinan, mutta ei siin\u00e4 ole juonta. Kuvittele loputon kes\u00e4p\u00e4iv\u00e4. [&hellip;]\" \/>\n<meta property=\"og:url\" content=\"http:\/\/www.ainojaaskelainen.com\/?p=780\" \/>\n<meta property=\"og:site_name\" content=\"Kuvataiteilija Aino J\u00e4\u00e4skel\u00e4inen\" \/>\n<meta property=\"article:publisher\" content=\"https:\/\/www.facebook.com\/ainojaaskelainentaidegraafikko\/\" \/>\n<meta property=\"article:published_time\" content=\"2022-01-24T10:22:07+00:00\" \/>\n<meta property=\"article:modified_time\" content=\"2022-03-09T08:15:54+00:00\" \/>\n<meta property=\"og:image\" content=\"http:\/\/www.ainojaaskelainen.com\/wp-content\/uploads\/2022\/01\/kutsuteoskuvaG-1024x585.jpg\" \/>\n<meta name=\"author\" content=\"aino\" \/>\n<meta name=\"twitter:card\" content=\"summary_large_image\" \/>\n<meta name=\"twitter:label1\" content=\"Kirjoittanut\" \/>\n\t<meta name=\"twitter:data1\" content=\"aino\" \/>\n\t<meta name=\"twitter:label2\" content=\"Arvioitu lukuaika\" \/>\n\t<meta name=\"twitter:data2\" content=\"2 minuuttia\" \/>\n<script type=\"application\/ld+json\" class=\"yoast-schema-graph\">{\"@context\":\"https:\\\/\\\/schema.org\",\"@graph\":[{\"@type\":\"Article\",\"@id\":\"http:\\\/\\\/www.ainojaaskelainen.com\\\/?p=780#article\",\"isPartOf\":{\"@id\":\"http:\\\/\\\/www.ainojaaskelainen.com\\\/?p=780\"},\"author\":{\"name\":\"aino\",\"@id\":\"https:\\\/\\\/www.ainojaaskelainen.com\\\/#\\\/schema\\\/person\\\/4324d52d7a074f0be829f9dc6d7263b7\"},\"headline\":\"Ihmeiden aika ja muita unia\",\"datePublished\":\"2022-01-24T10:22:07+00:00\",\"dateModified\":\"2022-03-09T08:15:54+00:00\",\"mainEntityOfPage\":{\"@id\":\"http:\\\/\\\/www.ainojaaskelainen.com\\\/?p=780\"},\"wordCount\":271,\"commentCount\":0,\"image\":{\"@id\":\"http:\\\/\\\/www.ainojaaskelainen.com\\\/?p=780#primaryimage\"},\"thumbnailUrl\":\"http:\\\/\\\/www.ainojaaskelainen.com\\\/wp-content\\\/uploads\\\/2022\\\/01\\\/kutsuteoskuvaG-1024x585.jpg\",\"articleSection\":[\"galleria g\",\"n\u00e4yttelyt\"],\"inLanguage\":\"fi\",\"potentialAction\":[{\"@type\":\"CommentAction\",\"name\":\"Comment\",\"target\":[\"http:\\\/\\\/www.ainojaaskelainen.com\\\/?p=780#respond\"]}]},{\"@type\":\"WebPage\",\"@id\":\"http:\\\/\\\/www.ainojaaskelainen.com\\\/?p=780\",\"url\":\"http:\\\/\\\/www.ainojaaskelainen.com\\\/?p=780\",\"name\":\"Ihmeiden aika ja muita unia - Kuvataiteilija Aino J\u00e4\u00e4skel\u00e4inen\",\"isPartOf\":{\"@id\":\"https:\\\/\\\/www.ainojaaskelainen.com\\\/#website\"},\"primaryImageOfPage\":{\"@id\":\"http:\\\/\\\/www.ainojaaskelainen.com\\\/?p=780#primaryimage\"},\"image\":{\"@id\":\"http:\\\/\\\/www.ainojaaskelainen.com\\\/?p=780#primaryimage\"},\"thumbnailUrl\":\"http:\\\/\\\/www.ainojaaskelainen.com\\\/wp-content\\\/uploads\\\/2022\\\/01\\\/kutsuteoskuvaG-1024x585.jpg\",\"datePublished\":\"2022-01-24T10:22:07+00:00\",\"dateModified\":\"2022-03-09T08:15:54+00:00\",\"author\":{\"@id\":\"https:\\\/\\\/www.ainojaaskelainen.com\\\/#\\\/schema\\\/person\\\/4324d52d7a074f0be829f9dc6d7263b7\"},\"breadcrumb\":{\"@id\":\"http:\\\/\\\/www.ainojaaskelainen.com\\\/?p=780#breadcrumb\"},\"inLanguage\":\"fi\",\"potentialAction\":[{\"@type\":\"ReadAction\",\"target\":[\"http:\\\/\\\/www.ainojaaskelainen.com\\\/?p=780\"]}]},{\"@type\":\"ImageObject\",\"inLanguage\":\"fi\",\"@id\":\"http:\\\/\\\/www.ainojaaskelainen.com\\\/?p=780#primaryimage\",\"url\":\"http:\\\/\\\/www.ainojaaskelainen.com\\\/wp-content\\\/uploads\\\/2022\\\/01\\\/kutsuteoskuvaG-1024x585.jpg\",\"contentUrl\":\"http:\\\/\\\/www.ainojaaskelainen.com\\\/wp-content\\\/uploads\\\/2022\\\/01\\\/kutsuteoskuvaG-1024x585.jpg\"},{\"@type\":\"BreadcrumbList\",\"@id\":\"http:\\\/\\\/www.ainojaaskelainen.com\\\/?p=780#breadcrumb\",\"itemListElement\":[{\"@type\":\"ListItem\",\"position\":1,\"name\":\"Etusivu\",\"item\":\"https:\\\/\\\/www.ainojaaskelainen.com\\\/\"},{\"@type\":\"ListItem\",\"position\":2,\"name\":\"Ihmeiden aika ja muita unia\"}]},{\"@type\":\"WebSite\",\"@id\":\"https:\\\/\\\/www.ainojaaskelainen.com\\\/#website\",\"url\":\"https:\\\/\\\/www.ainojaaskelainen.com\\\/\",\"name\":\"Kuvataiteilija Aino J\u00e4\u00e4skel\u00e4inen\",\"description\":\"\",\"potentialAction\":[{\"@type\":\"SearchAction\",\"target\":{\"@type\":\"EntryPoint\",\"urlTemplate\":\"https:\\\/\\\/www.ainojaaskelainen.com\\\/?s={search_term_string}\"},\"query-input\":{\"@type\":\"PropertyValueSpecification\",\"valueRequired\":true,\"valueName\":\"search_term_string\"}}],\"inLanguage\":\"fi\"},{\"@type\":\"Person\",\"@id\":\"https:\\\/\\\/www.ainojaaskelainen.com\\\/#\\\/schema\\\/person\\\/4324d52d7a074f0be829f9dc6d7263b7\",\"name\":\"aino\",\"image\":{\"@type\":\"ImageObject\",\"inLanguage\":\"fi\",\"@id\":\"https:\\\/\\\/secure.gravatar.com\\\/avatar\\\/8a0c94034ed8b80fb48462da8f154ea6cad02b08eb29f2f53500f8200b2c41cb?s=96&d=mm&r=g\",\"url\":\"https:\\\/\\\/secure.gravatar.com\\\/avatar\\\/8a0c94034ed8b80fb48462da8f154ea6cad02b08eb29f2f53500f8200b2c41cb?s=96&d=mm&r=g\",\"contentUrl\":\"https:\\\/\\\/secure.gravatar.com\\\/avatar\\\/8a0c94034ed8b80fb48462da8f154ea6cad02b08eb29f2f53500f8200b2c41cb?s=96&d=mm&r=g\",\"caption\":\"aino\"}}]}<\/script>\n<!-- \/ Yoast SEO plugin. -->","yoast_head_json":{"title":"Ihmeiden aika ja muita unia - Kuvataiteilija Aino J\u00e4\u00e4skel\u00e4inen","robots":{"index":"index","follow":"follow","max-snippet":"max-snippet:-1","max-image-preview":"max-image-preview:large","max-video-preview":"max-video-preview:-1"},"canonical":"http:\/\/www.ainojaaskelainen.com\/?p=780","og_locale":"fi_FI","og_type":"article","og_title":"Ihmeiden aika ja muita unia - Kuvataiteilija Aino J\u00e4\u00e4skel\u00e4inen","og_description":"Ihmeiden aika ja muita unia aukeaa keskiviikkona 2.2. Galleria G:ss\u00e4! N\u00e4yttely on esill\u00e4 2.2.-27.2. 2022 K\u00e4yk\u00e4\u00e4 katsomassa! Galleria G sijaitsee Korkeavuorenkadun ja Pikku roban kulmassa. Osoite on Pieni Roobertinkatu 10, 00120. Galleria on auki ti-pe 11-17 ja la-su 12-16. T\u00e4ss\u00e4 on viel\u00e4 n\u00e4yttelyteksti. Haluan kertoa teille tarinan, mutta ei siin\u00e4 ole juonta. Kuvittele loputon kes\u00e4p\u00e4iv\u00e4. [&hellip;]","og_url":"http:\/\/www.ainojaaskelainen.com\/?p=780","og_site_name":"Kuvataiteilija Aino J\u00e4\u00e4skel\u00e4inen","article_publisher":"https:\/\/www.facebook.com\/ainojaaskelainentaidegraafikko\/","article_published_time":"2022-01-24T10:22:07+00:00","article_modified_time":"2022-03-09T08:15:54+00:00","og_image":[{"url":"http:\/\/www.ainojaaskelainen.com\/wp-content\/uploads\/2022\/01\/kutsuteoskuvaG-1024x585.jpg","type":"","width":"","height":""}],"author":"aino","twitter_card":"summary_large_image","twitter_misc":{"Kirjoittanut":"aino","Arvioitu lukuaika":"2 minuuttia"},"schema":{"@context":"https:\/\/schema.org","@graph":[{"@type":"Article","@id":"http:\/\/www.ainojaaskelainen.com\/?p=780#article","isPartOf":{"@id":"http:\/\/www.ainojaaskelainen.com\/?p=780"},"author":{"name":"aino","@id":"https:\/\/www.ainojaaskelainen.com\/#\/schema\/person\/4324d52d7a074f0be829f9dc6d7263b7"},"headline":"Ihmeiden aika ja muita unia","datePublished":"2022-01-24T10:22:07+00:00","dateModified":"2022-03-09T08:15:54+00:00","mainEntityOfPage":{"@id":"http:\/\/www.ainojaaskelainen.com\/?p=780"},"wordCount":271,"commentCount":0,"image":{"@id":"http:\/\/www.ainojaaskelainen.com\/?p=780#primaryimage"},"thumbnailUrl":"http:\/\/www.ainojaaskelainen.com\/wp-content\/uploads\/2022\/01\/kutsuteoskuvaG-1024x585.jpg","articleSection":["galleria g","n\u00e4yttelyt"],"inLanguage":"fi","potentialAction":[{"@type":"CommentAction","name":"Comment","target":["http:\/\/www.ainojaaskelainen.com\/?p=780#respond"]}]},{"@type":"WebPage","@id":"http:\/\/www.ainojaaskelainen.com\/?p=780","url":"http:\/\/www.ainojaaskelainen.com\/?p=780","name":"Ihmeiden aika ja muita unia - Kuvataiteilija Aino J\u00e4\u00e4skel\u00e4inen","isPartOf":{"@id":"https:\/\/www.ainojaaskelainen.com\/#website"},"primaryImageOfPage":{"@id":"http:\/\/www.ainojaaskelainen.com\/?p=780#primaryimage"},"image":{"@id":"http:\/\/www.ainojaaskelainen.com\/?p=780#primaryimage"},"thumbnailUrl":"http:\/\/www.ainojaaskelainen.com\/wp-content\/uploads\/2022\/01\/kutsuteoskuvaG-1024x585.jpg","datePublished":"2022-01-24T10:22:07+00:00","dateModified":"2022-03-09T08:15:54+00:00","author":{"@id":"https:\/\/www.ainojaaskelainen.com\/#\/schema\/person\/4324d52d7a074f0be829f9dc6d7263b7"},"breadcrumb":{"@id":"http:\/\/www.ainojaaskelainen.com\/?p=780#breadcrumb"},"inLanguage":"fi","potentialAction":[{"@type":"ReadAction","target":["http:\/\/www.ainojaaskelainen.com\/?p=780"]}]},{"@type":"ImageObject","inLanguage":"fi","@id":"http:\/\/www.ainojaaskelainen.com\/?p=780#primaryimage","url":"http:\/\/www.ainojaaskelainen.com\/wp-content\/uploads\/2022\/01\/kutsuteoskuvaG-1024x585.jpg","contentUrl":"http:\/\/www.ainojaaskelainen.com\/wp-content\/uploads\/2022\/01\/kutsuteoskuvaG-1024x585.jpg"},{"@type":"BreadcrumbList","@id":"http:\/\/www.ainojaaskelainen.com\/?p=780#breadcrumb","itemListElement":[{"@type":"ListItem","position":1,"name":"Etusivu","item":"https:\/\/www.ainojaaskelainen.com\/"},{"@type":"ListItem","position":2,"name":"Ihmeiden aika ja muita unia"}]},{"@type":"WebSite","@id":"https:\/\/www.ainojaaskelainen.com\/#website","url":"https:\/\/www.ainojaaskelainen.com\/","name":"Kuvataiteilija Aino J\u00e4\u00e4skel\u00e4inen","description":"","potentialAction":[{"@type":"SearchAction","target":{"@type":"EntryPoint","urlTemplate":"https:\/\/www.ainojaaskelainen.com\/?s={search_term_string}"},"query-input":{"@type":"PropertyValueSpecification","valueRequired":true,"valueName":"search_term_string"}}],"inLanguage":"fi"},{"@type":"Person","@id":"https:\/\/www.ainojaaskelainen.com\/#\/schema\/person\/4324d52d7a074f0be829f9dc6d7263b7","name":"aino","image":{"@type":"ImageObject","inLanguage":"fi","@id":"https:\/\/secure.gravatar.com\/avatar\/8a0c94034ed8b80fb48462da8f154ea6cad02b08eb29f2f53500f8200b2c41cb?s=96&d=mm&r=g","url":"https:\/\/secure.gravatar.com\/avatar\/8a0c94034ed8b80fb48462da8f154ea6cad02b08eb29f2f53500f8200b2c41cb?s=96&d=mm&r=g","contentUrl":"https:\/\/secure.gravatar.com\/avatar\/8a0c94034ed8b80fb48462da8f154ea6cad02b08eb29f2f53500f8200b2c41cb?s=96&d=mm&r=g","caption":"aino"}}]}},"_links":{"self":[{"href":"https:\/\/www.ainojaaskelainen.com\/index.php?rest_route=\/wp\/v2\/posts\/780","targetHints":{"allow":["GET"]}}],"collection":[{"href":"https:\/\/www.ainojaaskelainen.com\/index.php?rest_route=\/wp\/v2\/posts"}],"about":[{"href":"https:\/\/www.ainojaaskelainen.com\/index.php?rest_route=\/wp\/v2\/types\/post"}],"author":[{"embeddable":true,"href":"https:\/\/www.ainojaaskelainen.com\/index.php?rest_route=\/wp\/v2\/users\/2"}],"replies":[{"embeddable":true,"href":"https:\/\/www.ainojaaskelainen.com\/index.php?rest_route=%2Fwp%2Fv2%2Fcomments&post=780"}],"version-history":[{"count":3,"href":"https:\/\/www.ainojaaskelainen.com\/index.php?rest_route=\/wp\/v2\/posts\/780\/revisions"}],"predecessor-version":[{"id":803,"href":"https:\/\/www.ainojaaskelainen.com\/index.php?rest_route=\/wp\/v2\/posts\/780\/revisions\/803"}],"wp:attachment":[{"href":"https:\/\/www.ainojaaskelainen.com\/index.php?rest_route=%2Fwp%2Fv2%2Fmedia&parent=780"}],"wp:term":[{"taxonomy":"category","embeddable":true,"href":"https:\/\/www.ainojaaskelainen.com\/index.php?rest_route=%2Fwp%2Fv2%2Fcategories&post=780"},{"taxonomy":"post_tag","embeddable":true,"href":"https:\/\/www.ainojaaskelainen.com\/index.php?rest_route=%2Fwp%2Fv2%2Ftags&post=780"}],"curies":[{"name":"wp","href":"https:\/\/api.w.org\/{rel}","templated":true}]}}