{"id":739,"date":"2021-06-14T13:10:15","date_gmt":"2021-06-14T11:10:15","guid":{"rendered":"http:\/\/www.ainojaaskelainen.com\/?p=739"},"modified":"2021-06-22T13:04:00","modified_gmt":"2021-06-22T11:04:00","slug":"mustan-kissan-museopamaus","status":"publish","type":"post","link":"https:\/\/www.ainojaaskelainen.com\/?p=739","title":{"rendered":"MUSTAN KISSAN MUSEOPAMAUS"},"content":{"rendered":"\n<p><strong>9.6.-8.8. 2021<\/strong>                                                                                             <em>Tohmaj\u00e4rven museoalue, Kirkkotie 14,  ti-pe 12-18 ja la-su 12-16<\/em><\/p>\n\n\n\n<p>Kes\u00e4kuussa p\u00e4\u00e4sin matkustamaan pitkin ja poikin armasta kotimaata. T\u00e4ll\u00e4 kertaa tie vei Pohjanmaan sijaan Pohjois-Karjalaan Tohmaj\u00e4rvelle!  T\u00e4m\u00e4n n\u00e4yttelyn piti olla viime kes\u00e4n\u00e4, mutta koronan takia<a rel=\"noreferrer noopener\" href=\"https:\/\/www.facebook.com\/mustankissanmuseopamaus\/?hc_ref=ARRmF19T30X1tAuNi6ysHIUCm61t1uXu23GvV2SeseLPzP-tZX4KO2QS1MG8DMiFyx4&amp;fref=nf&amp;__xts__[0]=68.ARB-Zrw0mJ4oediIYczl0d-EBmFdSEKG2IQKfOkHcZIQmJa9ap4i7yF62ngogBojd_dUUDhO0knwTbh8M6XM_mm2KvgkpsrkdgLe641eFCHmpjzRZI5XpurmP8EfXFEKvwFtMC8UIHsqLyAx6eTPX2G6oCL59AYvJ2dfjJVw7YXQHq_bd37sAHMs1cSD0xJ4P2TISx5QJZKTFXIVVAhw7HrHU7MTECl52xfZfsAP8Ya_KyRGsnKt7zaL-H-Z_GiLMrSChq-0evgtr-nVasGU0dO0ls9_lYgEnCyRcKnLv6MggXw8wDQd-Iw&amp;__tn__=kC-R\" data-type=\"URL\" data-id=\"https:\/\/www.facebook.com\/mustankissanmuseopamaus\/?hc_ref=ARRmF19T30X1tAuNi6ysHIUCm61t1uXu23GvV2SeseLPzP-tZX4KO2QS1MG8DMiFyx4&amp;fref=nf&amp;__xts__[0]=68.ARB-Zrw0mJ4oediIYczl0d-EBmFdSEKG2IQKfOkHcZIQmJa9ap4i7yF62ngogBojd_dUUDhO0knwTbh8M6XM_mm2KvgkpsrkdgLe641eFCHmpjzRZI5XpurmP8EfXFEKvwFtMC8UIHsqLyAx6eTPX2G6oCL59AYvJ2dfjJVw7YXQHq_bd37sAHMs1cSD0xJ4P2TISx5QJZKTFXIVVAhw7HrHU7MTECl52xfZfsAP8Ya_KyRGsnKt7zaL-H-Z_GiLMrSChq-0evgtr-nVasGU0dO0ls9_lYgEnCyRcKnLv6MggXw8wDQd-Iw&amp;__tn__=kC-R\" target=\"_blank\"> PAMAUSTA<\/a> siirrettiin eteenp\u00e4in, niinkuin monia muitakin kulttuuritapahtumia. <\/p>\n\n\n\n<p>N\u00e4yttely on kuvataitelija <a rel=\"noreferrer noopener\" href=\"https:\/\/kaisajussila.fi\/\" data-type=\"URL\" data-id=\"https:\/\/kaisajussila.fi\/\" target=\"_blank\">Kaisa Jussilan<\/a> kokoama, ja ensimm\u00e4inen PAMAUS oli Kaisan perheen pihapiiriss\u00e4 <a href=\"http:\/\/www.ainojaaskelainen.com\/?p=593\">toissa kes\u00e4n\u00e4<\/a>. Nyt mukana on samoja taitelijoita ja pari lis\u00e4\u00e4! Meit\u00e4 on nyt yhteens\u00e4 12 taiteilijaa mukana n\u00e4yttelyss\u00e4 ja asumme eri puolilla Suomea. <\/p>\n\n\n\n<figure class=\"wp-block-image size-large\"><img loading=\"lazy\" decoding=\"async\" width=\"1024\" height=\"539\" src=\"http:\/\/www.ainojaaskelainen.com\/wp-content\/uploads\/2021\/06\/ryhmakuva-1-1024x539.jpg\" alt=\"\" class=\"wp-image-740\" srcset=\"https:\/\/www.ainojaaskelainen.com\/wp-content\/uploads\/2021\/06\/ryhmakuva-1-1024x539.jpg 1024w, https:\/\/www.ainojaaskelainen.com\/wp-content\/uploads\/2021\/06\/ryhmakuva-1-300x158.jpg 300w, https:\/\/www.ainojaaskelainen.com\/wp-content\/uploads\/2021\/06\/ryhmakuva-1-768x404.jpg 768w, https:\/\/www.ainojaaskelainen.com\/wp-content\/uploads\/2021\/06\/ryhmakuva-1-1536x808.jpg 1536w, https:\/\/www.ainojaaskelainen.com\/wp-content\/uploads\/2021\/06\/ryhmakuva-1-2048x1078.jpg 2048w, https:\/\/www.ainojaaskelainen.com\/wp-content\/uploads\/2021\/06\/ryhmakuva-1-624x328.jpg 624w\" sizes=\"auto, (max-width: 1024px) 100vw, 1024px\" \/><figcaption><em>T\u00e4ss\u00e4 seisomme Nunnu Raatikaisen Pyykkip\u00e4iv\u00e4 teoksen lomassa. <br>Vasemmalta l\u00e4htien: Min\u00e4, Reeta, Nunnu, Aura, <a rel=\"noreferrer noopener\" href=\"https:\/\/www.lauraruotsalainen.fi\/\" target=\"_blank\" data-type=\"URL\" data-id=\"https:\/\/www.lauraruotsalainen.fi\/\">Laura<\/a>, <a rel=\"noreferrer noopener\" href=\"https:\/\/www.villehuhtanen.com\/\" target=\"_blank\">Ville<\/a>, Kaisa, <a rel=\"noreferrer noopener\" href=\"http:\/\/tuomasollikainen.com\/\" data-type=\"URL\" data-id=\"http:\/\/tuomasollikainen.com\/\" target=\"_blank\">Tuomas, <\/a><a rel=\"noreferrer noopener\" href=\"https:\/\/saarahyvarinen.wordpress.com\/\" data-type=\"URL\" data-id=\"https:\/\/saarahyvarinen.wordpress.com\/\" target=\"_blank\">Saara<\/a> ja <a rel=\"noreferrer noopener\" href=\"http:\/\/emmijormalainen.com\/\" data-type=\"URL\" data-id=\"http:\/\/emmijormalainen.com\/\" target=\"_blank\">Emm<\/a><a href=\"http:\/\/emmijormalainen.com\/\" data-type=\"URL\" data-id=\"http:\/\/emmijormalainen.com\/\">i<\/a> kuvasta puuttuvat Jonna ja <a rel=\"noreferrer noopener\" href=\"http:\/\/saturautiainen.blogspot.com\/\" data-type=\"URL\" data-id=\"http:\/\/saturautiainen.blogspot.com\/\" target=\"_blank\">Satu<\/a><\/em><\/figcaption><\/figure>\n\n\n\n<p>Tohmaj\u00e4rven museoalueella on Nymanin Apeekkimuseo ja ulkomuseo. Lis\u00e4ksi Tohmaj\u00e4rvi seura muistaa kyl\u00e4n omaa Katri Helenaa ja Maiju Lassilaa. Alueella on hyv\u00e4 kahvila ja paljon n\u00e4ht\u00e4v\u00e4\u00e4. N\u00e4yttelyn kiert\u00e4miseen menee aikaa.<\/p>\n\n\n\n<figure class=\"wp-block-image size-large\"><img loading=\"lazy\" decoding=\"async\" width=\"1024\" height=\"682\" src=\"http:\/\/www.ainojaaskelainen.com\/wp-content\/uploads\/2021\/06\/nymanintalo-1024x682.jpg\" alt=\"\" class=\"wp-image-741\" srcset=\"https:\/\/www.ainojaaskelainen.com\/wp-content\/uploads\/2021\/06\/nymanintalo-1024x682.jpg 1024w, https:\/\/www.ainojaaskelainen.com\/wp-content\/uploads\/2021\/06\/nymanintalo-300x200.jpg 300w, https:\/\/www.ainojaaskelainen.com\/wp-content\/uploads\/2021\/06\/nymanintalo-768x512.jpg 768w, https:\/\/www.ainojaaskelainen.com\/wp-content\/uploads\/2021\/06\/nymanintalo-1536x1023.jpg 1536w, https:\/\/www.ainojaaskelainen.com\/wp-content\/uploads\/2021\/06\/nymanintalo-2048x1364.jpg 2048w, https:\/\/www.ainojaaskelainen.com\/wp-content\/uploads\/2021\/06\/nymanintalo-624x416.jpg 624w\" sizes=\"auto, (max-width: 1024px) 100vw, 1024px\" \/><figcaption><em>Nymanin p\u00e4\u00e4rakennus, jossa on noin puolet PAMAUKSEN teoksista. <\/em><\/figcaption><\/figure>\n\n\n\n<figure class=\"wp-block-image size-large\"><img loading=\"lazy\" decoding=\"async\" width=\"992\" height=\"992\" src=\"http:\/\/www.ainojaaskelainen.com\/wp-content\/uploads\/2021\/06\/kaisajussila.jpg\" alt=\"\" class=\"wp-image-742\" srcset=\"https:\/\/www.ainojaaskelainen.com\/wp-content\/uploads\/2021\/06\/kaisajussila.jpg 992w, https:\/\/www.ainojaaskelainen.com\/wp-content\/uploads\/2021\/06\/kaisajussila-300x300.jpg 300w, https:\/\/www.ainojaaskelainen.com\/wp-content\/uploads\/2021\/06\/kaisajussila-150x150.jpg 150w, https:\/\/www.ainojaaskelainen.com\/wp-content\/uploads\/2021\/06\/kaisajussila-768x768.jpg 768w, https:\/\/www.ainojaaskelainen.com\/wp-content\/uploads\/2021\/06\/kaisajussila-624x624.jpg 624w\" sizes=\"auto, (max-width: 992px) 100vw, 992px\" \/><figcaption><em>Kaisa Jussilan &#8221;Minun el\u00e4m\u00e4ni(Omakuva enkelin\u00e4, el\u00e4m\u00e4n teatteri ja omakuva kannattelijana)&#8221;, lasitettu keramiikka, tussi ja puuv\u00e4ri ,2021<\/em><\/figcaption><\/figure>\n\n\n\n<figure class=\"wp-block-image size-large\"><img loading=\"lazy\" decoding=\"async\" width=\"850\" height=\"945\" src=\"http:\/\/www.ainojaaskelainen.com\/wp-content\/uploads\/2021\/06\/lauraruotsalainen-painajainen.jpg\" alt=\"\" class=\"wp-image-743\" srcset=\"https:\/\/www.ainojaaskelainen.com\/wp-content\/uploads\/2021\/06\/lauraruotsalainen-painajainen.jpg 850w, https:\/\/www.ainojaaskelainen.com\/wp-content\/uploads\/2021\/06\/lauraruotsalainen-painajainen-270x300.jpg 270w, https:\/\/www.ainojaaskelainen.com\/wp-content\/uploads\/2021\/06\/lauraruotsalainen-painajainen-768x854.jpg 768w, https:\/\/www.ainojaaskelainen.com\/wp-content\/uploads\/2021\/06\/lauraruotsalainen-painajainen-624x694.jpg 624w\" sizes=\"auto, (max-width: 850px) 100vw, 850px\" \/><figcaption><em>Laura Ruotsalaisen &#8221;Painajainen(Hommage a Henry Fuseli)&#8221; Pellava- ja puuvillapaperi, kello ja valokuvat (kuvaaja Vappu Nygren), 2021  <\/em><\/figcaption><\/figure>\n\n\n\n<figure class=\"wp-block-image size-large\"><img loading=\"lazy\" decoding=\"async\" width=\"1024\" height=\"1024\" src=\"http:\/\/www.ainojaaskelainen.com\/wp-content\/uploads\/2021\/06\/saturautiainen-1024x1024.jpg\" alt=\"\" class=\"wp-image-744\" srcset=\"https:\/\/www.ainojaaskelainen.com\/wp-content\/uploads\/2021\/06\/saturautiainen-1024x1024.jpg 1024w, https:\/\/www.ainojaaskelainen.com\/wp-content\/uploads\/2021\/06\/saturautiainen-300x300.jpg 300w, https:\/\/www.ainojaaskelainen.com\/wp-content\/uploads\/2021\/06\/saturautiainen-150x150.jpg 150w, https:\/\/www.ainojaaskelainen.com\/wp-content\/uploads\/2021\/06\/saturautiainen-768x768.jpg 768w, https:\/\/www.ainojaaskelainen.com\/wp-content\/uploads\/2021\/06\/saturautiainen-624x624.jpg 624w, https:\/\/www.ainojaaskelainen.com\/wp-content\/uploads\/2021\/06\/saturautiainen.jpg 1181w\" sizes=\"auto, (max-width: 1024px) 100vw, 1024px\" \/><figcaption><em>Satu Rautiainen &#8221;Kes\u00e4puutarha&#8221; Installaatio, 2021<\/em><\/figcaption><\/figure>\n\n\n\n<p>On riemukasta kulkea ripustuksen lomassa katsomassa muiden t\u00f6it\u00e4 ja olla vilpitt\u00f6m\u00e4sti innoissaan kaikesta. Kuinka hieno n\u00e4yttely on tulossa! Museon lomaan tehty n\u00e4yttely on ihan erilainen kuin galleriaan tehty kokonaisuus. Monet teoksen tehtiin suoraan tilaan ja ne ovat vain Nymanilla esill\u00e4 t\u00e4m\u00e4n kes\u00e4n. <\/p>\n\n\n\n<figure class=\"wp-block-image size-large\"><img loading=\"lazy\" decoding=\"async\" width=\"1024\" height=\"941\" src=\"http:\/\/www.ainojaaskelainen.com\/wp-content\/uploads\/2021\/06\/jonnasalonen-1024x941.jpg\" alt=\"\" class=\"wp-image-755\" srcset=\"https:\/\/www.ainojaaskelainen.com\/wp-content\/uploads\/2021\/06\/jonnasalonen-1024x941.jpg 1024w, https:\/\/www.ainojaaskelainen.com\/wp-content\/uploads\/2021\/06\/jonnasalonen-300x276.jpg 300w, https:\/\/www.ainojaaskelainen.com\/wp-content\/uploads\/2021\/06\/jonnasalonen-768x706.jpg 768w, https:\/\/www.ainojaaskelainen.com\/wp-content\/uploads\/2021\/06\/jonnasalonen-624x573.jpg 624w, https:\/\/www.ainojaaskelainen.com\/wp-content\/uploads\/2021\/06\/jonnasalonen.jpg 1134w\" sizes=\"auto, (max-width: 1024px) 100vw, 1024px\" \/><figcaption>Jonna Salosen &#8221;Pietaryrtti&#8221; puu ja puuv\u00e4rikyv\u00e4 2017-2021 l\u00f6ytyy Maiju Lassilan aitasta.<\/figcaption><\/figure>\n\n\n\n<p>Apteekkirakennuksen lis\u00e4ksi n\u00e4yttely levitt\u00e4ytyy aittoihin ja ulkorakennuksiin. Oma teokseni valtasi naisten aitan. <\/p>\n\n\n\n<figure class=\"wp-block-image size-large\"><img loading=\"lazy\" decoding=\"async\" width=\"1024\" height=\"1024\" src=\"http:\/\/www.ainojaaskelainen.com\/wp-content\/uploads\/2021\/06\/minaja-tyo-1024x1024.jpg\" alt=\"\" class=\"wp-image-745\" srcset=\"https:\/\/www.ainojaaskelainen.com\/wp-content\/uploads\/2021\/06\/minaja-tyo-1024x1024.jpg 1024w, https:\/\/www.ainojaaskelainen.com\/wp-content\/uploads\/2021\/06\/minaja-tyo-300x300.jpg 300w, https:\/\/www.ainojaaskelainen.com\/wp-content\/uploads\/2021\/06\/minaja-tyo-150x150.jpg 150w, https:\/\/www.ainojaaskelainen.com\/wp-content\/uploads\/2021\/06\/minaja-tyo-768x768.jpg 768w, https:\/\/www.ainojaaskelainen.com\/wp-content\/uploads\/2021\/06\/minaja-tyo-624x624.jpg 624w, https:\/\/www.ainojaaskelainen.com\/wp-content\/uploads\/2021\/06\/minaja-tyo.jpg 1134w\" sizes=\"auto, (max-width: 1024px) 100vw, 1024px\" \/><figcaption><em>Min\u00e4 ja osa teoksestani Katoavat ja kauniit<\/em><\/figcaption><\/figure>\n\n\n\n<p>Oma teokseni PAMAUKSEEN on jo muutaman kerran esill\u00e4 ollut &#8221;Katoavat ja kauniit&#8221;, savi ja oksidit 2013 teoksen koko vaihtelee. Kun k\u00e4vimme joukolla tutustumassa Nymanin alueeseen toissa talvena, niin silloin mieleeni j\u00e4i pieni aitta, joka oli mukavan kompakti ja s\u00f6p\u00f6. Ajatuksiin tuli my\u00f6s t\u00e4m\u00e4 hyv\u00e4 teos, joka on aina aikaiseemmin ollut esill\u00e4 gallerian sein\u00e4ll\u00e4. <\/p>\n\n\n\n<p>Minulla on ollut teosta tehdess\u00e4 ajatuksena sukupolvien ketju ja el\u00e4m\u00e4n hetkellisyys, kuin t\u00e4rkeit\u00e4 olemme sen hetken kun t\u00e4\u00e4ll\u00e4 vaikutamme. <\/p>\n\n\n\n<figure class=\"wp-block-image size-large\"><img loading=\"lazy\" decoding=\"async\" width=\"713\" height=\"1024\" src=\"http:\/\/www.ainojaaskelainen.com\/wp-content\/uploads\/2021\/06\/aitansisus-713x1024.jpg\" alt=\"\" class=\"wp-image-746\" srcset=\"https:\/\/www.ainojaaskelainen.com\/wp-content\/uploads\/2021\/06\/aitansisus-713x1024.jpg 713w, https:\/\/www.ainojaaskelainen.com\/wp-content\/uploads\/2021\/06\/aitansisus-209x300.jpg 209w, https:\/\/www.ainojaaskelainen.com\/wp-content\/uploads\/2021\/06\/aitansisus-768x1102.jpg 768w, https:\/\/www.ainojaaskelainen.com\/wp-content\/uploads\/2021\/06\/aitansisus-1070x1536.jpg 1070w, https:\/\/www.ainojaaskelainen.com\/wp-content\/uploads\/2021\/06\/aitansisus-1427x2048.jpg 1427w, https:\/\/www.ainojaaskelainen.com\/wp-content\/uploads\/2021\/06\/aitansisus-624x896.jpg 624w, https:\/\/www.ainojaaskelainen.com\/wp-content\/uploads\/2021\/06\/aitansisus.jpg 1481w\" sizes=\"auto, (max-width: 713px) 100vw, 713px\" \/><figcaption><em>Aitan takasein\u00e4\u00e4.<\/em><\/figcaption><\/figure>\n\n\n\n<p>Teos p\u00e4\u00e4si nyt kiinnostavaan ymp\u00e4rist\u00f6\u00f6n oikeaan &#8221;hetkellisen el\u00e4m\u00e4n&#8221; keskelle. Aitta oli Naisten aitta, ja kuvittelen ett\u00e4 neidot ovat saattaneet viett\u00e4\u00e4 kesi\u00e4 siell\u00e4. Sis\u00e4\u00e4n astuvat n\u00e4yttelyvieraat n\u00e4kev\u00e4t enemm\u00e4n kuin ovelta kuikuilevat. <\/p>\n\n\n\n<figure class=\"wp-block-image size-large is-resized\"><img loading=\"lazy\" decoding=\"async\" src=\"http:\/\/www.ainojaaskelainen.com\/wp-content\/uploads\/2021\/06\/IMG_7539-1024x682.jpg\" alt=\"\" class=\"wp-image-748\" width=\"580\" height=\"386\" srcset=\"https:\/\/www.ainojaaskelainen.com\/wp-content\/uploads\/2021\/06\/IMG_7539-1024x682.jpg 1024w, https:\/\/www.ainojaaskelainen.com\/wp-content\/uploads\/2021\/06\/IMG_7539-300x200.jpg 300w, https:\/\/www.ainojaaskelainen.com\/wp-content\/uploads\/2021\/06\/IMG_7539-768x511.jpg 768w, https:\/\/www.ainojaaskelainen.com\/wp-content\/uploads\/2021\/06\/IMG_7539-1536x1023.jpg 1536w, https:\/\/www.ainojaaskelainen.com\/wp-content\/uploads\/2021\/06\/IMG_7539-2048x1364.jpg 2048w, https:\/\/www.ainojaaskelainen.com\/wp-content\/uploads\/2021\/06\/IMG_7539-624x416.jpg 624w\" sizes=\"auto, (max-width: 580px) 100vw, 580px\" \/><figcaption><em>Sis\u00e4\u00e4ntulossa on naisten aittaan sopivasti vauvoja. <\/em><\/figcaption><\/figure>\n\n\n\n<p>Katoavat ja kauniit on ihana teos ripustaa. Sukellan aina yksityiskohtiin ja samalla kokonaisuus on helppo hahmottaa. Olen kuvannut perhett\u00e4ni ja tuttujani. Aikoinaan kuvattu ei v\u00e4ltt\u00e4m\u00e4tt\u00e4 tajua katsovansa omia kasvojaan. Tekniikka antaa my\u00f6s sattuman tulla v\u00e4liin. Samasta kuvasta voi tulla kovin erilaisia lopputuloksia.<\/p>\n\n\n\n<p>Yksitt\u00e4iset naamat on painettu paperilaakapainolla(kopiopainolla, tekniikalla ei ole vakiitunutta nime\u00e4) m\u00e4r\u00e4lle savelle ja muotoiltu sitten kuperiksi. Graafikot ymm\u00e4rt\u00e4nee parahaiten mist\u00e4 on kyse.  Lopuksi poltetaan korkeassa poltossa. Sitten sein\u00e4\u00e4n. <\/p>\n\n\n\n<figure class=\"wp-block-image size-large\"><img loading=\"lazy\" decoding=\"async\" width=\"682\" height=\"1024\" src=\"http:\/\/www.ainojaaskelainen.com\/wp-content\/uploads\/2021\/06\/IMG_7579-682x1024.jpg\" alt=\"\" class=\"wp-image-749\" srcset=\"https:\/\/www.ainojaaskelainen.com\/wp-content\/uploads\/2021\/06\/IMG_7579-682x1024.jpg 682w, https:\/\/www.ainojaaskelainen.com\/wp-content\/uploads\/2021\/06\/IMG_7579-200x300.jpg 200w, https:\/\/www.ainojaaskelainen.com\/wp-content\/uploads\/2021\/06\/IMG_7579-768x1153.jpg 768w, https:\/\/www.ainojaaskelainen.com\/wp-content\/uploads\/2021\/06\/IMG_7579-1023x1536.jpg 1023w, https:\/\/www.ainojaaskelainen.com\/wp-content\/uploads\/2021\/06\/IMG_7579-1364x2048.jpg 1364w, https:\/\/www.ainojaaskelainen.com\/wp-content\/uploads\/2021\/06\/IMG_7579-624x937.jpg 624w, https:\/\/www.ainojaaskelainen.com\/wp-content\/uploads\/2021\/06\/IMG_7579-scaled.jpg 1705w\" sizes=\"auto, (max-width: 682px) 100vw, 682px\" \/><figcaption><em>Kauempaa naamat n\u00e4ytt\u00e4v\u00e4t littanilta, mutta l\u00e4hemp\u00e4\u00e4 muoto n\u00e4kyy selv\u00e4sti.<\/em><\/figcaption><\/figure>\n\n\n\n<figure class=\"wp-block-image size-large\"><img loading=\"lazy\" decoding=\"async\" width=\"698\" height=\"1024\" src=\"http:\/\/www.ainojaaskelainen.com\/wp-content\/uploads\/2021\/06\/yksityiskohta-698x1024.jpg\" alt=\"\" class=\"wp-image-750\" srcset=\"https:\/\/www.ainojaaskelainen.com\/wp-content\/uploads\/2021\/06\/yksityiskohta-698x1024.jpg 698w, https:\/\/www.ainojaaskelainen.com\/wp-content\/uploads\/2021\/06\/yksityiskohta-205x300.jpg 205w, https:\/\/www.ainojaaskelainen.com\/wp-content\/uploads\/2021\/06\/yksityiskohta-768x1126.jpg 768w, https:\/\/www.ainojaaskelainen.com\/wp-content\/uploads\/2021\/06\/yksityiskohta-1048x1536.jpg 1048w, https:\/\/www.ainojaaskelainen.com\/wp-content\/uploads\/2021\/06\/yksityiskohta-1397x2048.jpg 1397w, https:\/\/www.ainojaaskelainen.com\/wp-content\/uploads\/2021\/06\/yksityiskohta-624x915.jpg 624w, https:\/\/www.ainojaaskelainen.com\/wp-content\/uploads\/2021\/06\/yksityiskohta.jpg 1450w\" sizes=\"auto, (max-width: 698px) 100vw, 698px\" \/><figcaption><em>Savi katoaa sateessa taas maaksi, mutta keramiikkana siit\u00e4 tulee eritt\u00f6in kest\u00e4v\u00e4\u00e4.<\/em><\/figcaption><\/figure>\n\n\n\n<figure class=\"wp-block-image size-large\"><img loading=\"lazy\" decoding=\"async\" width=\"1024\" height=\"690\" src=\"http:\/\/www.ainojaaskelainen.com\/wp-content\/uploads\/2021\/06\/aittani-1024x690.jpg\" alt=\"\" class=\"wp-image-751\" srcset=\"https:\/\/www.ainojaaskelainen.com\/wp-content\/uploads\/2021\/06\/aittani-1024x690.jpg 1024w, https:\/\/www.ainojaaskelainen.com\/wp-content\/uploads\/2021\/06\/aittani-300x202.jpg 300w, https:\/\/www.ainojaaskelainen.com\/wp-content\/uploads\/2021\/06\/aittani-768x517.jpg 768w, https:\/\/www.ainojaaskelainen.com\/wp-content\/uploads\/2021\/06\/aittani-1536x1034.jpg 1536w, https:\/\/www.ainojaaskelainen.com\/wp-content\/uploads\/2021\/06\/aittani-2048x1379.jpg 2048w, https:\/\/www.ainojaaskelainen.com\/wp-content\/uploads\/2021\/06\/aittani-624x420.jpg 624w\" sizes=\"auto, (max-width: 1024px) 100vw, 1024px\" \/><figcaption><em>Sielt\u00e4 ne kurkistaa<\/em><\/figcaption><\/figure>\n\n\n\n<p>K\u00e4yk\u00e4\u00e4 matkoillanne Tohmaj\u00e4rvell\u00e4 ja Pietarsaaressa!  Ihanaa kes\u00e4\u00e4! <\/p>\n\n\n\n<p><a href=\"https:\/\/www.instagram.com\/mustankissanmuseopamaus\/\">https:\/\/www.instagram.com\/mustankissanmuseopamaus\/<\/a><\/p>\n\n\n\n<p>t. Aino<\/p>\n","protected":false},"excerpt":{"rendered":"<p>9.6.-8.8. 2021 Tohmaj\u00e4rven museoalue, Kirkkotie 14, ti-pe 12-18 ja la-su 12-16 Kes\u00e4kuussa p\u00e4\u00e4sin matkustamaan pitkin ja poikin armasta kotimaata. T\u00e4ll\u00e4 kertaa tie vei Pohjanmaan sijaan Pohjois-Karjalaan Tohmaj\u00e4rvelle! T\u00e4m\u00e4n n\u00e4yttelyn piti olla viime kes\u00e4n\u00e4, mutta koronan takia PAMAUSTA siirrettiin eteenp\u00e4in, niinkuin monia muitakin kulttuuritapahtumia. N\u00e4yttely on kuvataitelija Kaisa Jussilan kokoama, ja ensimm\u00e4inen PAMAUS oli Kaisan perheen [&hellip;]<\/p>\n","protected":false},"author":2,"featured_media":0,"comment_status":"open","ping_status":"closed","sticky":false,"template":"","format":"standard","meta":{"ngg_post_thumbnail":0,"footnotes":""},"categories":[16,7,9,1],"tags":[],"class_list":["post-739","post","type-post","status-publish","format-standard","hentry","category-kesanayttelyt","category-nayttely","category-ryhmanayttelyt","category-yleinen"],"yoast_head":"<!-- This site is optimized with the Yoast SEO plugin v27.5 - https:\/\/yoast.com\/product\/yoast-seo-wordpress\/ -->\n<title>MUSTAN KISSAN MUSEOPAMAUS - Kuvataiteilija Aino J\u00e4\u00e4skel\u00e4inen<\/title>\n<meta name=\"robots\" content=\"index, follow, max-snippet:-1, max-image-preview:large, max-video-preview:-1\" \/>\n<link rel=\"canonical\" href=\"https:\/\/www.ainojaaskelainen.com\/?p=739\" \/>\n<meta property=\"og:locale\" content=\"fi_FI\" \/>\n<meta property=\"og:type\" content=\"article\" \/>\n<meta property=\"og:title\" content=\"MUSTAN KISSAN MUSEOPAMAUS - Kuvataiteilija Aino J\u00e4\u00e4skel\u00e4inen\" \/>\n<meta property=\"og:description\" content=\"9.6.-8.8. 2021 Tohmaj\u00e4rven museoalue, Kirkkotie 14, ti-pe 12-18 ja la-su 12-16 Kes\u00e4kuussa p\u00e4\u00e4sin matkustamaan pitkin ja poikin armasta kotimaata. T\u00e4ll\u00e4 kertaa tie vei Pohjanmaan sijaan Pohjois-Karjalaan Tohmaj\u00e4rvelle! T\u00e4m\u00e4n n\u00e4yttelyn piti olla viime kes\u00e4n\u00e4, mutta koronan takia PAMAUSTA siirrettiin eteenp\u00e4in, niinkuin monia muitakin kulttuuritapahtumia. N\u00e4yttely on kuvataitelija Kaisa Jussilan kokoama, ja ensimm\u00e4inen PAMAUS oli Kaisan perheen [&hellip;]\" \/>\n<meta property=\"og:url\" content=\"https:\/\/www.ainojaaskelainen.com\/?p=739\" \/>\n<meta property=\"og:site_name\" content=\"Kuvataiteilija Aino J\u00e4\u00e4skel\u00e4inen\" \/>\n<meta property=\"article:publisher\" content=\"https:\/\/www.facebook.com\/ainojaaskelainentaidegraafikko\/\" \/>\n<meta property=\"article:published_time\" content=\"2021-06-14T11:10:15+00:00\" \/>\n<meta property=\"article:modified_time\" content=\"2021-06-22T11:04:00+00:00\" \/>\n<meta property=\"og:image\" content=\"https:\/\/www.ainojaaskelainen.com\/wp-content\/uploads\/2021\/06\/minaja-tyo.jpg\" \/>\n\t<meta property=\"og:image:width\" content=\"1134\" \/>\n\t<meta property=\"og:image:height\" content=\"1134\" \/>\n\t<meta property=\"og:image:type\" content=\"image\/jpeg\" \/>\n<meta name=\"author\" content=\"aino\" \/>\n<meta name=\"twitter:card\" content=\"summary_large_image\" \/>\n<meta name=\"twitter:label1\" content=\"Kirjoittanut\" \/>\n\t<meta name=\"twitter:data1\" content=\"aino\" \/>\n\t<meta name=\"twitter:label2\" content=\"Arvioitu lukuaika\" \/>\n\t<meta name=\"twitter:data2\" content=\"5 minuuttia\" \/>\n<script type=\"application\/ld+json\" class=\"yoast-schema-graph\">{\"@context\":\"https:\\\/\\\/schema.org\",\"@graph\":[{\"@type\":\"Article\",\"@id\":\"https:\\\/\\\/www.ainojaaskelainen.com\\\/?p=739#article\",\"isPartOf\":{\"@id\":\"https:\\\/\\\/www.ainojaaskelainen.com\\\/?p=739\"},\"author\":{\"name\":\"aino\",\"@id\":\"https:\\\/\\\/www.ainojaaskelainen.com\\\/#\\\/schema\\\/person\\\/4324d52d7a074f0be829f9dc6d7263b7\"},\"headline\":\"MUSTAN KISSAN MUSEOPAMAUS\",\"datePublished\":\"2021-06-14T11:10:15+00:00\",\"dateModified\":\"2021-06-22T11:04:00+00:00\",\"mainEntityOfPage\":{\"@id\":\"https:\\\/\\\/www.ainojaaskelainen.com\\\/?p=739\"},\"wordCount\":555,\"commentCount\":0,\"image\":{\"@id\":\"https:\\\/\\\/www.ainojaaskelainen.com\\\/?p=739#primaryimage\"},\"thumbnailUrl\":\"http:\\\/\\\/www.ainojaaskelainen.com\\\/wp-content\\\/uploads\\\/2021\\\/06\\\/ryhmakuva-1-1024x539.jpg\",\"articleSection\":[\"kes\u00e4n\u00e4yttelyt\",\"n\u00e4yttely\",\"Ryhm\u00e4n\u00e4yttelyt\"],\"inLanguage\":\"fi\",\"potentialAction\":[{\"@type\":\"CommentAction\",\"name\":\"Comment\",\"target\":[\"https:\\\/\\\/www.ainojaaskelainen.com\\\/?p=739#respond\"]}]},{\"@type\":\"WebPage\",\"@id\":\"https:\\\/\\\/www.ainojaaskelainen.com\\\/?p=739\",\"url\":\"https:\\\/\\\/www.ainojaaskelainen.com\\\/?p=739\",\"name\":\"MUSTAN KISSAN MUSEOPAMAUS - Kuvataiteilija Aino J\u00e4\u00e4skel\u00e4inen\",\"isPartOf\":{\"@id\":\"https:\\\/\\\/www.ainojaaskelainen.com\\\/#website\"},\"primaryImageOfPage\":{\"@id\":\"https:\\\/\\\/www.ainojaaskelainen.com\\\/?p=739#primaryimage\"},\"image\":{\"@id\":\"https:\\\/\\\/www.ainojaaskelainen.com\\\/?p=739#primaryimage\"},\"thumbnailUrl\":\"http:\\\/\\\/www.ainojaaskelainen.com\\\/wp-content\\\/uploads\\\/2021\\\/06\\\/ryhmakuva-1-1024x539.jpg\",\"datePublished\":\"2021-06-14T11:10:15+00:00\",\"dateModified\":\"2021-06-22T11:04:00+00:00\",\"author\":{\"@id\":\"https:\\\/\\\/www.ainojaaskelainen.com\\\/#\\\/schema\\\/person\\\/4324d52d7a074f0be829f9dc6d7263b7\"},\"breadcrumb\":{\"@id\":\"https:\\\/\\\/www.ainojaaskelainen.com\\\/?p=739#breadcrumb\"},\"inLanguage\":\"fi\",\"potentialAction\":[{\"@type\":\"ReadAction\",\"target\":[\"https:\\\/\\\/www.ainojaaskelainen.com\\\/?p=739\"]}]},{\"@type\":\"ImageObject\",\"inLanguage\":\"fi\",\"@id\":\"https:\\\/\\\/www.ainojaaskelainen.com\\\/?p=739#primaryimage\",\"url\":\"http:\\\/\\\/www.ainojaaskelainen.com\\\/wp-content\\\/uploads\\\/2021\\\/06\\\/ryhmakuva-1-1024x539.jpg\",\"contentUrl\":\"http:\\\/\\\/www.ainojaaskelainen.com\\\/wp-content\\\/uploads\\\/2021\\\/06\\\/ryhmakuva-1-1024x539.jpg\"},{\"@type\":\"BreadcrumbList\",\"@id\":\"https:\\\/\\\/www.ainojaaskelainen.com\\\/?p=739#breadcrumb\",\"itemListElement\":[{\"@type\":\"ListItem\",\"position\":1,\"name\":\"Etusivu\",\"item\":\"https:\\\/\\\/www.ainojaaskelainen.com\\\/\"},{\"@type\":\"ListItem\",\"position\":2,\"name\":\"MUSTAN KISSAN MUSEOPAMAUS\"}]},{\"@type\":\"WebSite\",\"@id\":\"https:\\\/\\\/www.ainojaaskelainen.com\\\/#website\",\"url\":\"https:\\\/\\\/www.ainojaaskelainen.com\\\/\",\"name\":\"Kuvataiteilija Aino J\u00e4\u00e4skel\u00e4inen\",\"description\":\"\",\"potentialAction\":[{\"@type\":\"SearchAction\",\"target\":{\"@type\":\"EntryPoint\",\"urlTemplate\":\"https:\\\/\\\/www.ainojaaskelainen.com\\\/?s={search_term_string}\"},\"query-input\":{\"@type\":\"PropertyValueSpecification\",\"valueRequired\":true,\"valueName\":\"search_term_string\"}}],\"inLanguage\":\"fi\"},{\"@type\":\"Person\",\"@id\":\"https:\\\/\\\/www.ainojaaskelainen.com\\\/#\\\/schema\\\/person\\\/4324d52d7a074f0be829f9dc6d7263b7\",\"name\":\"aino\",\"image\":{\"@type\":\"ImageObject\",\"inLanguage\":\"fi\",\"@id\":\"https:\\\/\\\/secure.gravatar.com\\\/avatar\\\/8a0c94034ed8b80fb48462da8f154ea6cad02b08eb29f2f53500f8200b2c41cb?s=96&d=mm&r=g\",\"url\":\"https:\\\/\\\/secure.gravatar.com\\\/avatar\\\/8a0c94034ed8b80fb48462da8f154ea6cad02b08eb29f2f53500f8200b2c41cb?s=96&d=mm&r=g\",\"contentUrl\":\"https:\\\/\\\/secure.gravatar.com\\\/avatar\\\/8a0c94034ed8b80fb48462da8f154ea6cad02b08eb29f2f53500f8200b2c41cb?s=96&d=mm&r=g\",\"caption\":\"aino\"}}]}<\/script>\n<!-- \/ Yoast SEO plugin. -->","yoast_head_json":{"title":"MUSTAN KISSAN MUSEOPAMAUS - Kuvataiteilija Aino J\u00e4\u00e4skel\u00e4inen","robots":{"index":"index","follow":"follow","max-snippet":"max-snippet:-1","max-image-preview":"max-image-preview:large","max-video-preview":"max-video-preview:-1"},"canonical":"https:\/\/www.ainojaaskelainen.com\/?p=739","og_locale":"fi_FI","og_type":"article","og_title":"MUSTAN KISSAN MUSEOPAMAUS - Kuvataiteilija Aino J\u00e4\u00e4skel\u00e4inen","og_description":"9.6.-8.8. 2021 Tohmaj\u00e4rven museoalue, Kirkkotie 14, ti-pe 12-18 ja la-su 12-16 Kes\u00e4kuussa p\u00e4\u00e4sin matkustamaan pitkin ja poikin armasta kotimaata. T\u00e4ll\u00e4 kertaa tie vei Pohjanmaan sijaan Pohjois-Karjalaan Tohmaj\u00e4rvelle! T\u00e4m\u00e4n n\u00e4yttelyn piti olla viime kes\u00e4n\u00e4, mutta koronan takia PAMAUSTA siirrettiin eteenp\u00e4in, niinkuin monia muitakin kulttuuritapahtumia. N\u00e4yttely on kuvataitelija Kaisa Jussilan kokoama, ja ensimm\u00e4inen PAMAUS oli Kaisan perheen [&hellip;]","og_url":"https:\/\/www.ainojaaskelainen.com\/?p=739","og_site_name":"Kuvataiteilija Aino J\u00e4\u00e4skel\u00e4inen","article_publisher":"https:\/\/www.facebook.com\/ainojaaskelainentaidegraafikko\/","article_published_time":"2021-06-14T11:10:15+00:00","article_modified_time":"2021-06-22T11:04:00+00:00","og_image":[{"width":1134,"height":1134,"url":"https:\/\/www.ainojaaskelainen.com\/wp-content\/uploads\/2021\/06\/minaja-tyo.jpg","type":"image\/jpeg"}],"author":"aino","twitter_card":"summary_large_image","twitter_misc":{"Kirjoittanut":"aino","Arvioitu lukuaika":"5 minuuttia"},"schema":{"@context":"https:\/\/schema.org","@graph":[{"@type":"Article","@id":"https:\/\/www.ainojaaskelainen.com\/?p=739#article","isPartOf":{"@id":"https:\/\/www.ainojaaskelainen.com\/?p=739"},"author":{"name":"aino","@id":"https:\/\/www.ainojaaskelainen.com\/#\/schema\/person\/4324d52d7a074f0be829f9dc6d7263b7"},"headline":"MUSTAN KISSAN MUSEOPAMAUS","datePublished":"2021-06-14T11:10:15+00:00","dateModified":"2021-06-22T11:04:00+00:00","mainEntityOfPage":{"@id":"https:\/\/www.ainojaaskelainen.com\/?p=739"},"wordCount":555,"commentCount":0,"image":{"@id":"https:\/\/www.ainojaaskelainen.com\/?p=739#primaryimage"},"thumbnailUrl":"http:\/\/www.ainojaaskelainen.com\/wp-content\/uploads\/2021\/06\/ryhmakuva-1-1024x539.jpg","articleSection":["kes\u00e4n\u00e4yttelyt","n\u00e4yttely","Ryhm\u00e4n\u00e4yttelyt"],"inLanguage":"fi","potentialAction":[{"@type":"CommentAction","name":"Comment","target":["https:\/\/www.ainojaaskelainen.com\/?p=739#respond"]}]},{"@type":"WebPage","@id":"https:\/\/www.ainojaaskelainen.com\/?p=739","url":"https:\/\/www.ainojaaskelainen.com\/?p=739","name":"MUSTAN KISSAN MUSEOPAMAUS - Kuvataiteilija Aino J\u00e4\u00e4skel\u00e4inen","isPartOf":{"@id":"https:\/\/www.ainojaaskelainen.com\/#website"},"primaryImageOfPage":{"@id":"https:\/\/www.ainojaaskelainen.com\/?p=739#primaryimage"},"image":{"@id":"https:\/\/www.ainojaaskelainen.com\/?p=739#primaryimage"},"thumbnailUrl":"http:\/\/www.ainojaaskelainen.com\/wp-content\/uploads\/2021\/06\/ryhmakuva-1-1024x539.jpg","datePublished":"2021-06-14T11:10:15+00:00","dateModified":"2021-06-22T11:04:00+00:00","author":{"@id":"https:\/\/www.ainojaaskelainen.com\/#\/schema\/person\/4324d52d7a074f0be829f9dc6d7263b7"},"breadcrumb":{"@id":"https:\/\/www.ainojaaskelainen.com\/?p=739#breadcrumb"},"inLanguage":"fi","potentialAction":[{"@type":"ReadAction","target":["https:\/\/www.ainojaaskelainen.com\/?p=739"]}]},{"@type":"ImageObject","inLanguage":"fi","@id":"https:\/\/www.ainojaaskelainen.com\/?p=739#primaryimage","url":"http:\/\/www.ainojaaskelainen.com\/wp-content\/uploads\/2021\/06\/ryhmakuva-1-1024x539.jpg","contentUrl":"http:\/\/www.ainojaaskelainen.com\/wp-content\/uploads\/2021\/06\/ryhmakuva-1-1024x539.jpg"},{"@type":"BreadcrumbList","@id":"https:\/\/www.ainojaaskelainen.com\/?p=739#breadcrumb","itemListElement":[{"@type":"ListItem","position":1,"name":"Etusivu","item":"https:\/\/www.ainojaaskelainen.com\/"},{"@type":"ListItem","position":2,"name":"MUSTAN KISSAN MUSEOPAMAUS"}]},{"@type":"WebSite","@id":"https:\/\/www.ainojaaskelainen.com\/#website","url":"https:\/\/www.ainojaaskelainen.com\/","name":"Kuvataiteilija Aino J\u00e4\u00e4skel\u00e4inen","description":"","potentialAction":[{"@type":"SearchAction","target":{"@type":"EntryPoint","urlTemplate":"https:\/\/www.ainojaaskelainen.com\/?s={search_term_string}"},"query-input":{"@type":"PropertyValueSpecification","valueRequired":true,"valueName":"search_term_string"}}],"inLanguage":"fi"},{"@type":"Person","@id":"https:\/\/www.ainojaaskelainen.com\/#\/schema\/person\/4324d52d7a074f0be829f9dc6d7263b7","name":"aino","image":{"@type":"ImageObject","inLanguage":"fi","@id":"https:\/\/secure.gravatar.com\/avatar\/8a0c94034ed8b80fb48462da8f154ea6cad02b08eb29f2f53500f8200b2c41cb?s=96&d=mm&r=g","url":"https:\/\/secure.gravatar.com\/avatar\/8a0c94034ed8b80fb48462da8f154ea6cad02b08eb29f2f53500f8200b2c41cb?s=96&d=mm&r=g","contentUrl":"https:\/\/secure.gravatar.com\/avatar\/8a0c94034ed8b80fb48462da8f154ea6cad02b08eb29f2f53500f8200b2c41cb?s=96&d=mm&r=g","caption":"aino"}}]}},"_links":{"self":[{"href":"https:\/\/www.ainojaaskelainen.com\/index.php?rest_route=\/wp\/v2\/posts\/739","targetHints":{"allow":["GET"]}}],"collection":[{"href":"https:\/\/www.ainojaaskelainen.com\/index.php?rest_route=\/wp\/v2\/posts"}],"about":[{"href":"https:\/\/www.ainojaaskelainen.com\/index.php?rest_route=\/wp\/v2\/types\/post"}],"author":[{"embeddable":true,"href":"https:\/\/www.ainojaaskelainen.com\/index.php?rest_route=\/wp\/v2\/users\/2"}],"replies":[{"embeddable":true,"href":"https:\/\/www.ainojaaskelainen.com\/index.php?rest_route=%2Fwp%2Fv2%2Fcomments&post=739"}],"version-history":[{"count":3,"href":"https:\/\/www.ainojaaskelainen.com\/index.php?rest_route=\/wp\/v2\/posts\/739\/revisions"}],"predecessor-version":[{"id":756,"href":"https:\/\/www.ainojaaskelainen.com\/index.php?rest_route=\/wp\/v2\/posts\/739\/revisions\/756"}],"wp:attachment":[{"href":"https:\/\/www.ainojaaskelainen.com\/index.php?rest_route=%2Fwp%2Fv2%2Fmedia&parent=739"}],"wp:term":[{"taxonomy":"category","embeddable":true,"href":"https:\/\/www.ainojaaskelainen.com\/index.php?rest_route=%2Fwp%2Fv2%2Fcategories&post=739"},{"taxonomy":"post_tag","embeddable":true,"href":"https:\/\/www.ainojaaskelainen.com\/index.php?rest_route=%2Fwp%2Fv2%2Ftags&post=739"}],"curies":[{"name":"wp","href":"https:\/\/api.w.org\/{rel}","templated":true}]}}