{"id":656,"date":"2020-01-30T20:01:18","date_gmt":"2020-01-30T18:01:18","guid":{"rendered":"http:\/\/www.ainojaaskelainen.com\/?p=656"},"modified":"2020-01-30T20:35:59","modified_gmt":"2020-01-30T18:35:59","slug":"talta-nakijat-naytti","status":"publish","type":"post","link":"https:\/\/www.ainojaaskelainen.com\/?p=656","title":{"rendered":"T\u00e4lt\u00e4 N\u00e4kij\u00e4t n\u00e4ytti!"},"content":{"rendered":"<p style=\"text-align: left;\">Minulla oli elo-syyskuussa 2019 n\u00e4yttely Galleria Huudossa, Helsingiss\u00e4. N\u00e4yttelyn nimi oli N\u00e4kij\u00e4t. T\u00e4ss\u00e4 teille viel\u00e4 n\u00e4kym\u00e4t n\u00e4yttelytilasta. Teoksista l\u00f6ytyy hyv\u00e4laatuiset kuvat <a href=\"http:\/\/www.ainojaaskelainen.com\/?page_id=9\">portfolion<\/a> puolelta ja n\u00e4yttelyteksti edellisest\u00e4 postauksesta.&nbsp;<\/p>\n<div id=\"attachment_664\" style=\"width: 410px\" class=\"wp-caption aligncenter\"><a href=\"http:\/\/www.ainojaaskelainen.com\/wp-content\/uploads\/2020\/01\/tilaa3.jpg\"><img loading=\"lazy\" decoding=\"async\" aria-describedby=\"caption-attachment-664\" class=\"wp-image-664\" src=\"http:\/\/www.ainojaaskelainen.com\/wp-content\/uploads\/2020\/01\/tilaa3-300x184.jpg\" alt=\"\" width=\"400\" height=\"245\" srcset=\"https:\/\/www.ainojaaskelainen.com\/wp-content\/uploads\/2020\/01\/tilaa3-300x184.jpg 300w, https:\/\/www.ainojaaskelainen.com\/wp-content\/uploads\/2020\/01\/tilaa3-768x471.jpg 768w, https:\/\/www.ainojaaskelainen.com\/wp-content\/uploads\/2020\/01\/tilaa3-1024x628.jpg 1024w, https:\/\/www.ainojaaskelainen.com\/wp-content\/uploads\/2020\/01\/tilaa3-624x383.jpg 624w\" sizes=\"auto, (max-width: 400px) 100vw, 400px\" \/><\/a><p id=\"caption-attachment-664\" class=\"wp-caption-text\">Kuvaa n\u00e4yttelytilasta.<\/p><\/div>\n<p><img loading=\"lazy\" decoding=\"async\" class=\"wp-image-658 aligncenter\" src=\"http:\/\/www.ainojaaskelainen.com\/wp-content\/uploads\/2020\/01\/tilaa-4-300x200.jpg\" alt=\"\" width=\"412\" height=\"274\" srcset=\"https:\/\/www.ainojaaskelainen.com\/wp-content\/uploads\/2020\/01\/tilaa-4-300x200.jpg 300w, https:\/\/www.ainojaaskelainen.com\/wp-content\/uploads\/2020\/01\/tilaa-4-768x511.jpg 768w, https:\/\/www.ainojaaskelainen.com\/wp-content\/uploads\/2020\/01\/tilaa-4-1024x682.jpg 1024w, https:\/\/www.ainojaaskelainen.com\/wp-content\/uploads\/2020\/01\/tilaa-4-624x416.jpg 624w\" sizes=\"auto, (max-width: 412px) 100vw, 412px\" \/><\/p>\n<p>&nbsp;<\/p>\n<div id=\"attachment_659\" style=\"width: 378px\" class=\"wp-caption aligncenter\"><a href=\"http:\/\/www.ainojaaskelainen.com\/wp-content\/uploads\/2020\/01\/A\u0308A\u0308.jpg\"><img loading=\"lazy\" decoding=\"async\" aria-describedby=\"caption-attachment-659\" class=\"wp-image-659\" src=\"http:\/\/www.ainojaaskelainen.com\/wp-content\/uploads\/2020\/01\/A\u0308A\u0308-232x300.jpg\" alt=\"\" width=\"368\" height=\"476\" srcset=\"https:\/\/www.ainojaaskelainen.com\/wp-content\/uploads\/2020\/01\/A\u0308A\u0308-232x300.jpg 232w, https:\/\/www.ainojaaskelainen.com\/wp-content\/uploads\/2020\/01\/A\u0308A\u0308-768x993.jpg 768w, https:\/\/www.ainojaaskelainen.com\/wp-content\/uploads\/2020\/01\/A\u0308A\u0308-792x1024.jpg 792w, https:\/\/www.ainojaaskelainen.com\/wp-content\/uploads\/2020\/01\/A\u0308A\u0308-624x807.jpg 624w, https:\/\/www.ainojaaskelainen.com\/wp-content\/uploads\/2020\/01\/A\u0308A\u0308.jpg 959w\" sizes=\"auto, (max-width: 368px) 100vw, 368px\" \/><\/a><p id=\"caption-attachment-659\" class=\"wp-caption-text\">Kaitsijassa olin maalannut v\u00e4rillist\u00e4 mustetta japaninpaperille ja liister\u00f6in sen sein\u00e4\u00e4n. Se tuhoutui pois otettaessa.<\/p><\/div>\n<div id=\"attachment_657\" style=\"width: 398px\" class=\"wp-caption aligncenter\"><a href=\"http:\/\/www.ainojaaskelainen.com\/wp-content\/uploads\/2020\/01\/tilaa-2.jpg\"><img loading=\"lazy\" decoding=\"async\" aria-describedby=\"caption-attachment-657\" class=\"wp-image-657\" src=\"http:\/\/www.ainojaaskelainen.com\/wp-content\/uploads\/2020\/01\/tilaa-2-300x183.jpg\" alt=\"\" width=\"388\" height=\"237\" srcset=\"https:\/\/www.ainojaaskelainen.com\/wp-content\/uploads\/2020\/01\/tilaa-2-300x183.jpg 300w, https:\/\/www.ainojaaskelainen.com\/wp-content\/uploads\/2020\/01\/tilaa-2-768x467.jpg 768w, https:\/\/www.ainojaaskelainen.com\/wp-content\/uploads\/2020\/01\/tilaa-2-1024x623.jpg 1024w, https:\/\/www.ainojaaskelainen.com\/wp-content\/uploads\/2020\/01\/tilaa-2-624x380.jpg 624w\" sizes=\"auto, (max-width: 388px) 100vw, 388px\" \/><\/a><p id=\"caption-attachment-657\" class=\"wp-caption-text\">T\u00e4ss\u00e4 n\u00e4yttelytilaa toiseen suuntaan.<\/p><\/div>\n<div id=\"attachment_662\" style=\"width: 399px\" class=\"wp-caption aligncenter\"><a href=\"http:\/\/www.ainojaaskelainen.com\/wp-content\/uploads\/2020\/01\/Na\u0308kija\u0308t-palloseina\u0308.jpg\"><img loading=\"lazy\" decoding=\"async\" aria-describedby=\"caption-attachment-662\" class=\"wp-image-662\" src=\"http:\/\/www.ainojaaskelainen.com\/wp-content\/uploads\/2020\/01\/Na\u0308kija\u0308t-palloseina\u0308-300x242.jpg\" alt=\"\" width=\"389\" height=\"314\" srcset=\"https:\/\/www.ainojaaskelainen.com\/wp-content\/uploads\/2020\/01\/Na\u0308kija\u0308t-palloseina\u0308-300x242.jpg 300w, https:\/\/www.ainojaaskelainen.com\/wp-content\/uploads\/2020\/01\/Na\u0308kija\u0308t-palloseina\u0308-768x619.jpg 768w, https:\/\/www.ainojaaskelainen.com\/wp-content\/uploads\/2020\/01\/Na\u0308kija\u0308t-palloseina\u0308-1024x826.jpg 1024w, https:\/\/www.ainojaaskelainen.com\/wp-content\/uploads\/2020\/01\/Na\u0308kija\u0308t-palloseina\u0308-624x503.jpg 624w, https:\/\/www.ainojaaskelainen.com\/wp-content\/uploads\/2020\/01\/Na\u0308kija\u0308t-palloseina\u0308.jpg 1575w\" sizes=\"auto, (max-width: 389px) 100vw, 389px\" \/><\/a><p id=\"caption-attachment-662\" class=\"wp-caption-text\">N\u00e4iss\u00e4 teoksissa olen muotoillut papereita repim\u00e4ll\u00e4.<\/p><\/div>\n","protected":false},"excerpt":{"rendered":"<p>Minulla oli elo-syyskuussa 2019 n\u00e4yttely Galleria Huudossa, Helsingiss\u00e4. N\u00e4yttelyn nimi oli N\u00e4kij\u00e4t. T\u00e4ss\u00e4 teille viel\u00e4 n\u00e4kym\u00e4t n\u00e4yttelytilasta. Teoksista l\u00f6ytyy hyv\u00e4laatuiset kuvat portfolion puolelta ja n\u00e4yttelyteksti edellisest\u00e4 postauksesta.&nbsp; &nbsp;<\/p>\n","protected":false},"author":1,"featured_media":0,"comment_status":"open","ping_status":"closed","sticky":false,"template":"","format":"standard","meta":{"ngg_post_thumbnail":0,"footnotes":""},"categories":[1],"tags":[],"class_list":["post-656","post","type-post","status-publish","format-standard","hentry","category-yleinen"],"yoast_head":"<!-- This site is optimized with the Yoast SEO plugin v27.5 - https:\/\/yoast.com\/product\/yoast-seo-wordpress\/ -->\n<title>T\u00e4lt\u00e4 N\u00e4kij\u00e4t n\u00e4ytti! - Kuvataiteilija Aino J\u00e4\u00e4skel\u00e4inen<\/title>\n<meta name=\"robots\" content=\"index, follow, max-snippet:-1, max-image-preview:large, max-video-preview:-1\" \/>\n<link rel=\"canonical\" href=\"http:\/\/www.ainojaaskelainen.com\/?p=656\" \/>\n<meta property=\"og:locale\" content=\"fi_FI\" \/>\n<meta property=\"og:type\" content=\"article\" \/>\n<meta property=\"og:title\" content=\"T\u00e4lt\u00e4 N\u00e4kij\u00e4t n\u00e4ytti! - Kuvataiteilija Aino J\u00e4\u00e4skel\u00e4inen\" \/>\n<meta property=\"og:description\" content=\"Minulla oli elo-syyskuussa 2019 n\u00e4yttely Galleria Huudossa, Helsingiss\u00e4. N\u00e4yttelyn nimi oli N\u00e4kij\u00e4t. T\u00e4ss\u00e4 teille viel\u00e4 n\u00e4kym\u00e4t n\u00e4yttelytilasta. Teoksista l\u00f6ytyy hyv\u00e4laatuiset kuvat portfolion puolelta ja n\u00e4yttelyteksti edellisest\u00e4 postauksesta.&nbsp; &nbsp;\" \/>\n<meta property=\"og:url\" content=\"http:\/\/www.ainojaaskelainen.com\/?p=656\" \/>\n<meta property=\"og:site_name\" content=\"Kuvataiteilija Aino J\u00e4\u00e4skel\u00e4inen\" \/>\n<meta property=\"article:publisher\" content=\"https:\/\/www.facebook.com\/ainojaaskelainentaidegraafikko\/\" \/>\n<meta property=\"article:published_time\" content=\"2020-01-30T18:01:18+00:00\" \/>\n<meta property=\"article:modified_time\" content=\"2020-01-30T18:35:59+00:00\" \/>\n<meta property=\"og:image\" content=\"http:\/\/www.ainojaaskelainen.com\/wp-content\/uploads\/2020\/01\/tilaa3-300x184.jpg\" \/>\n<meta name=\"author\" content=\"lauri\" \/>\n<meta name=\"twitter:card\" content=\"summary_large_image\" \/>\n<meta name=\"twitter:label1\" content=\"Kirjoittanut\" \/>\n\t<meta name=\"twitter:data1\" content=\"lauri\" \/>\n\t<meta name=\"twitter:label2\" content=\"Arvioitu lukuaika\" \/>\n\t<meta name=\"twitter:data2\" content=\"1 minuutti\" \/>\n<script type=\"application\/ld+json\" class=\"yoast-schema-graph\">{\"@context\":\"https:\\\/\\\/schema.org\",\"@graph\":[{\"@type\":\"Article\",\"@id\":\"http:\\\/\\\/www.ainojaaskelainen.com\\\/?p=656#article\",\"isPartOf\":{\"@id\":\"http:\\\/\\\/www.ainojaaskelainen.com\\\/?p=656\"},\"author\":{\"name\":\"lauri\",\"@id\":\"https:\\\/\\\/www.ainojaaskelainen.com\\\/#\\\/schema\\\/person\\\/5de3f06d8bc849361e2df771dac39724\"},\"headline\":\"T\u00e4lt\u00e4 N\u00e4kij\u00e4t n\u00e4ytti!\",\"datePublished\":\"2020-01-30T18:01:18+00:00\",\"dateModified\":\"2020-01-30T18:35:59+00:00\",\"mainEntityOfPage\":{\"@id\":\"http:\\\/\\\/www.ainojaaskelainen.com\\\/?p=656\"},\"wordCount\":108,\"commentCount\":0,\"image\":{\"@id\":\"http:\\\/\\\/www.ainojaaskelainen.com\\\/?p=656#primaryimage\"},\"thumbnailUrl\":\"http:\\\/\\\/www.ainojaaskelainen.com\\\/wp-content\\\/uploads\\\/2020\\\/01\\\/tilaa3-300x184.jpg\",\"inLanguage\":\"fi\",\"potentialAction\":[{\"@type\":\"CommentAction\",\"name\":\"Comment\",\"target\":[\"http:\\\/\\\/www.ainojaaskelainen.com\\\/?p=656#respond\"]}]},{\"@type\":\"WebPage\",\"@id\":\"http:\\\/\\\/www.ainojaaskelainen.com\\\/?p=656\",\"url\":\"http:\\\/\\\/www.ainojaaskelainen.com\\\/?p=656\",\"name\":\"T\u00e4lt\u00e4 N\u00e4kij\u00e4t n\u00e4ytti! - Kuvataiteilija Aino J\u00e4\u00e4skel\u00e4inen\",\"isPartOf\":{\"@id\":\"https:\\\/\\\/www.ainojaaskelainen.com\\\/#website\"},\"primaryImageOfPage\":{\"@id\":\"http:\\\/\\\/www.ainojaaskelainen.com\\\/?p=656#primaryimage\"},\"image\":{\"@id\":\"http:\\\/\\\/www.ainojaaskelainen.com\\\/?p=656#primaryimage\"},\"thumbnailUrl\":\"http:\\\/\\\/www.ainojaaskelainen.com\\\/wp-content\\\/uploads\\\/2020\\\/01\\\/tilaa3-300x184.jpg\",\"datePublished\":\"2020-01-30T18:01:18+00:00\",\"dateModified\":\"2020-01-30T18:35:59+00:00\",\"author\":{\"@id\":\"https:\\\/\\\/www.ainojaaskelainen.com\\\/#\\\/schema\\\/person\\\/5de3f06d8bc849361e2df771dac39724\"},\"breadcrumb\":{\"@id\":\"http:\\\/\\\/www.ainojaaskelainen.com\\\/?p=656#breadcrumb\"},\"inLanguage\":\"fi\",\"potentialAction\":[{\"@type\":\"ReadAction\",\"target\":[\"http:\\\/\\\/www.ainojaaskelainen.com\\\/?p=656\"]}]},{\"@type\":\"ImageObject\",\"inLanguage\":\"fi\",\"@id\":\"http:\\\/\\\/www.ainojaaskelainen.com\\\/?p=656#primaryimage\",\"url\":\"https:\\\/\\\/www.ainojaaskelainen.com\\\/wp-content\\\/uploads\\\/2020\\\/01\\\/tilaa3.jpg\",\"contentUrl\":\"https:\\\/\\\/www.ainojaaskelainen.com\\\/wp-content\\\/uploads\\\/2020\\\/01\\\/tilaa3.jpg\",\"width\":4000,\"height\":2454},{\"@type\":\"BreadcrumbList\",\"@id\":\"http:\\\/\\\/www.ainojaaskelainen.com\\\/?p=656#breadcrumb\",\"itemListElement\":[{\"@type\":\"ListItem\",\"position\":1,\"name\":\"Etusivu\",\"item\":\"https:\\\/\\\/www.ainojaaskelainen.com\\\/\"},{\"@type\":\"ListItem\",\"position\":2,\"name\":\"T\u00e4lt\u00e4 N\u00e4kij\u00e4t n\u00e4ytti!\"}]},{\"@type\":\"WebSite\",\"@id\":\"https:\\\/\\\/www.ainojaaskelainen.com\\\/#website\",\"url\":\"https:\\\/\\\/www.ainojaaskelainen.com\\\/\",\"name\":\"Kuvataiteilija Aino J\u00e4\u00e4skel\u00e4inen\",\"description\":\"\",\"potentialAction\":[{\"@type\":\"SearchAction\",\"target\":{\"@type\":\"EntryPoint\",\"urlTemplate\":\"https:\\\/\\\/www.ainojaaskelainen.com\\\/?s={search_term_string}\"},\"query-input\":{\"@type\":\"PropertyValueSpecification\",\"valueRequired\":true,\"valueName\":\"search_term_string\"}}],\"inLanguage\":\"fi\"},{\"@type\":\"Person\",\"@id\":\"https:\\\/\\\/www.ainojaaskelainen.com\\\/#\\\/schema\\\/person\\\/5de3f06d8bc849361e2df771dac39724\",\"name\":\"lauri\",\"image\":{\"@type\":\"ImageObject\",\"inLanguage\":\"fi\",\"@id\":\"https:\\\/\\\/secure.gravatar.com\\\/avatar\\\/d90c290269aeffca0587c02eaf0f689e2f10d1e8c2b8cc64cbc0eec3c4340272?s=96&d=mm&r=g\",\"url\":\"https:\\\/\\\/secure.gravatar.com\\\/avatar\\\/d90c290269aeffca0587c02eaf0f689e2f10d1e8c2b8cc64cbc0eec3c4340272?s=96&d=mm&r=g\",\"contentUrl\":\"https:\\\/\\\/secure.gravatar.com\\\/avatar\\\/d90c290269aeffca0587c02eaf0f689e2f10d1e8c2b8cc64cbc0eec3c4340272?s=96&d=mm&r=g\",\"caption\":\"lauri\"}}]}<\/script>\n<!-- \/ Yoast SEO plugin. -->","yoast_head_json":{"title":"T\u00e4lt\u00e4 N\u00e4kij\u00e4t n\u00e4ytti! - Kuvataiteilija Aino J\u00e4\u00e4skel\u00e4inen","robots":{"index":"index","follow":"follow","max-snippet":"max-snippet:-1","max-image-preview":"max-image-preview:large","max-video-preview":"max-video-preview:-1"},"canonical":"http:\/\/www.ainojaaskelainen.com\/?p=656","og_locale":"fi_FI","og_type":"article","og_title":"T\u00e4lt\u00e4 N\u00e4kij\u00e4t n\u00e4ytti! - Kuvataiteilija Aino J\u00e4\u00e4skel\u00e4inen","og_description":"Minulla oli elo-syyskuussa 2019 n\u00e4yttely Galleria Huudossa, Helsingiss\u00e4. N\u00e4yttelyn nimi oli N\u00e4kij\u00e4t. T\u00e4ss\u00e4 teille viel\u00e4 n\u00e4kym\u00e4t n\u00e4yttelytilasta. Teoksista l\u00f6ytyy hyv\u00e4laatuiset kuvat portfolion puolelta ja n\u00e4yttelyteksti edellisest\u00e4 postauksesta.&nbsp; &nbsp;","og_url":"http:\/\/www.ainojaaskelainen.com\/?p=656","og_site_name":"Kuvataiteilija Aino J\u00e4\u00e4skel\u00e4inen","article_publisher":"https:\/\/www.facebook.com\/ainojaaskelainentaidegraafikko\/","article_published_time":"2020-01-30T18:01:18+00:00","article_modified_time":"2020-01-30T18:35:59+00:00","og_image":[{"url":"http:\/\/www.ainojaaskelainen.com\/wp-content\/uploads\/2020\/01\/tilaa3-300x184.jpg","type":"","width":"","height":""}],"author":"lauri","twitter_card":"summary_large_image","twitter_misc":{"Kirjoittanut":"lauri","Arvioitu lukuaika":"1 minuutti"},"schema":{"@context":"https:\/\/schema.org","@graph":[{"@type":"Article","@id":"http:\/\/www.ainojaaskelainen.com\/?p=656#article","isPartOf":{"@id":"http:\/\/www.ainojaaskelainen.com\/?p=656"},"author":{"name":"lauri","@id":"https:\/\/www.ainojaaskelainen.com\/#\/schema\/person\/5de3f06d8bc849361e2df771dac39724"},"headline":"T\u00e4lt\u00e4 N\u00e4kij\u00e4t n\u00e4ytti!","datePublished":"2020-01-30T18:01:18+00:00","dateModified":"2020-01-30T18:35:59+00:00","mainEntityOfPage":{"@id":"http:\/\/www.ainojaaskelainen.com\/?p=656"},"wordCount":108,"commentCount":0,"image":{"@id":"http:\/\/www.ainojaaskelainen.com\/?p=656#primaryimage"},"thumbnailUrl":"http:\/\/www.ainojaaskelainen.com\/wp-content\/uploads\/2020\/01\/tilaa3-300x184.jpg","inLanguage":"fi","potentialAction":[{"@type":"CommentAction","name":"Comment","target":["http:\/\/www.ainojaaskelainen.com\/?p=656#respond"]}]},{"@type":"WebPage","@id":"http:\/\/www.ainojaaskelainen.com\/?p=656","url":"http:\/\/www.ainojaaskelainen.com\/?p=656","name":"T\u00e4lt\u00e4 N\u00e4kij\u00e4t n\u00e4ytti! - Kuvataiteilija Aino J\u00e4\u00e4skel\u00e4inen","isPartOf":{"@id":"https:\/\/www.ainojaaskelainen.com\/#website"},"primaryImageOfPage":{"@id":"http:\/\/www.ainojaaskelainen.com\/?p=656#primaryimage"},"image":{"@id":"http:\/\/www.ainojaaskelainen.com\/?p=656#primaryimage"},"thumbnailUrl":"http:\/\/www.ainojaaskelainen.com\/wp-content\/uploads\/2020\/01\/tilaa3-300x184.jpg","datePublished":"2020-01-30T18:01:18+00:00","dateModified":"2020-01-30T18:35:59+00:00","author":{"@id":"https:\/\/www.ainojaaskelainen.com\/#\/schema\/person\/5de3f06d8bc849361e2df771dac39724"},"breadcrumb":{"@id":"http:\/\/www.ainojaaskelainen.com\/?p=656#breadcrumb"},"inLanguage":"fi","potentialAction":[{"@type":"ReadAction","target":["http:\/\/www.ainojaaskelainen.com\/?p=656"]}]},{"@type":"ImageObject","inLanguage":"fi","@id":"http:\/\/www.ainojaaskelainen.com\/?p=656#primaryimage","url":"https:\/\/www.ainojaaskelainen.com\/wp-content\/uploads\/2020\/01\/tilaa3.jpg","contentUrl":"https:\/\/www.ainojaaskelainen.com\/wp-content\/uploads\/2020\/01\/tilaa3.jpg","width":4000,"height":2454},{"@type":"BreadcrumbList","@id":"http:\/\/www.ainojaaskelainen.com\/?p=656#breadcrumb","itemListElement":[{"@type":"ListItem","position":1,"name":"Etusivu","item":"https:\/\/www.ainojaaskelainen.com\/"},{"@type":"ListItem","position":2,"name":"T\u00e4lt\u00e4 N\u00e4kij\u00e4t n\u00e4ytti!"}]},{"@type":"WebSite","@id":"https:\/\/www.ainojaaskelainen.com\/#website","url":"https:\/\/www.ainojaaskelainen.com\/","name":"Kuvataiteilija Aino J\u00e4\u00e4skel\u00e4inen","description":"","potentialAction":[{"@type":"SearchAction","target":{"@type":"EntryPoint","urlTemplate":"https:\/\/www.ainojaaskelainen.com\/?s={search_term_string}"},"query-input":{"@type":"PropertyValueSpecification","valueRequired":true,"valueName":"search_term_string"}}],"inLanguage":"fi"},{"@type":"Person","@id":"https:\/\/www.ainojaaskelainen.com\/#\/schema\/person\/5de3f06d8bc849361e2df771dac39724","name":"lauri","image":{"@type":"ImageObject","inLanguage":"fi","@id":"https:\/\/secure.gravatar.com\/avatar\/d90c290269aeffca0587c02eaf0f689e2f10d1e8c2b8cc64cbc0eec3c4340272?s=96&d=mm&r=g","url":"https:\/\/secure.gravatar.com\/avatar\/d90c290269aeffca0587c02eaf0f689e2f10d1e8c2b8cc64cbc0eec3c4340272?s=96&d=mm&r=g","contentUrl":"https:\/\/secure.gravatar.com\/avatar\/d90c290269aeffca0587c02eaf0f689e2f10d1e8c2b8cc64cbc0eec3c4340272?s=96&d=mm&r=g","caption":"lauri"}}]}},"_links":{"self":[{"href":"https:\/\/www.ainojaaskelainen.com\/index.php?rest_route=\/wp\/v2\/posts\/656","targetHints":{"allow":["GET"]}}],"collection":[{"href":"https:\/\/www.ainojaaskelainen.com\/index.php?rest_route=\/wp\/v2\/posts"}],"about":[{"href":"https:\/\/www.ainojaaskelainen.com\/index.php?rest_route=\/wp\/v2\/types\/post"}],"author":[{"embeddable":true,"href":"https:\/\/www.ainojaaskelainen.com\/index.php?rest_route=\/wp\/v2\/users\/1"}],"replies":[{"embeddable":true,"href":"https:\/\/www.ainojaaskelainen.com\/index.php?rest_route=%2Fwp%2Fv2%2Fcomments&post=656"}],"version-history":[{"count":11,"href":"https:\/\/www.ainojaaskelainen.com\/index.php?rest_route=\/wp\/v2\/posts\/656\/revisions"}],"predecessor-version":[{"id":675,"href":"https:\/\/www.ainojaaskelainen.com\/index.php?rest_route=\/wp\/v2\/posts\/656\/revisions\/675"}],"wp:attachment":[{"href":"https:\/\/www.ainojaaskelainen.com\/index.php?rest_route=%2Fwp%2Fv2%2Fmedia&parent=656"}],"wp:term":[{"taxonomy":"category","embeddable":true,"href":"https:\/\/www.ainojaaskelainen.com\/index.php?rest_route=%2Fwp%2Fv2%2Fcategories&post=656"},{"taxonomy":"post_tag","embeddable":true,"href":"https:\/\/www.ainojaaskelainen.com\/index.php?rest_route=%2Fwp%2Fv2%2Ftags&post=656"}],"curies":[{"name":"wp","href":"https:\/\/api.w.org\/{rel}","templated":true}]}}