{"id":609,"date":"2019-08-23T20:56:44","date_gmt":"2019-08-23T18:56:44","guid":{"rendered":"http:\/\/www.ainojaaskelainen.com\/?p=609"},"modified":"2019-08-23T20:56:44","modified_gmt":"2019-08-23T18:56:44","slug":"terveisia-avajaisista","status":"publish","type":"post","link":"https:\/\/www.ainojaaskelainen.com\/?p=609","title":{"rendered":"Terveisi\u00e4 avajaisista!"},"content":{"rendered":"<p>N\u00e4yttelyni <em>N\u00e4kij\u00e4t<\/em> avajaiset pidettin Taiteiden y\u00f6n\u00e4 Galleria Huudossa. Kiitos osallistuneille!<\/p>\n<p><a href=\"http:\/\/www.ainojaaskelainen.com\/wp-content\/uploads\/2019\/08\/maisemat.jpg\"><img loading=\"lazy\" decoding=\"async\" class=\"alignnone size-medium wp-image-613\" src=\"http:\/\/www.ainojaaskelainen.com\/wp-content\/uploads\/2019\/08\/maisemat-300x177.jpg\" alt=\"\" width=\"300\" height=\"177\" srcset=\"https:\/\/www.ainojaaskelainen.com\/wp-content\/uploads\/2019\/08\/maisemat-300x177.jpg 300w, https:\/\/www.ainojaaskelainen.com\/wp-content\/uploads\/2019\/08\/maisemat-768x454.jpg 768w, https:\/\/www.ainojaaskelainen.com\/wp-content\/uploads\/2019\/08\/maisemat-1024x605.jpg 1024w, https:\/\/www.ainojaaskelainen.com\/wp-content\/uploads\/2019\/08\/maisemat-624x369.jpg 624w, https:\/\/www.ainojaaskelainen.com\/wp-content\/uploads\/2019\/08\/maisemat.jpg 2032w\" sizes=\"auto, (max-width: 300px) 100vw, 300px\" \/><\/a><\/p>\n<p>Olen tyytyv\u00e4inen n\u00e4yttelyyn ja sein\u00e4\u00e4n liister\u00f6ity Kaitsija kruunaa kokonaisuuden.<\/p>\n<p><a href=\"http:\/\/www.ainojaaskelainen.com\/wp-content\/uploads\/2019\/08\/kaitsija.jpg\"><img loading=\"lazy\" decoding=\"async\" class=\"alignnone size-medium wp-image-610\" src=\"http:\/\/www.ainojaaskelainen.com\/wp-content\/uploads\/2019\/08\/kaitsija-300x233.jpg\" alt=\"\" width=\"300\" height=\"233\" srcset=\"https:\/\/www.ainojaaskelainen.com\/wp-content\/uploads\/2019\/08\/kaitsija-300x233.jpg 300w, https:\/\/www.ainojaaskelainen.com\/wp-content\/uploads\/2019\/08\/kaitsija-768x596.jpg 768w, https:\/\/www.ainojaaskelainen.com\/wp-content\/uploads\/2019\/08\/kaitsija-1024x795.jpg 1024w, https:\/\/www.ainojaaskelainen.com\/wp-content\/uploads\/2019\/08\/kaitsija-624x484.jpg 624w, https:\/\/www.ainojaaskelainen.com\/wp-content\/uploads\/2019\/08\/kaitsija.jpg 1825w\" sizes=\"auto, (max-width: 300px) 100vw, 300px\" \/><\/a><\/p>\n<p>Alla teksti, jossa kerron hieman tarinaa ja taustaa n\u00e4yttelyst\u00e4!<\/p>\n<p><em>Min\u00e4 pulppuan tai haluaisin kertoa teille tarinan, mutta se ei ole j\u00e4rjestyksess\u00e4, eik\u00e4 johdonmukainen. Itselt\u00e4ni tarinan p\u00e4\u00e4 karkaa, vaikka voinkin hahmottaa sen.<\/em><br \/>\n<em>Tied\u00e4n, ett\u00e4 teokset osaavat tarinan tai ehk\u00e4 olen n\u00e4hnyt unen, jota en en\u00e4\u00e4 muista.&nbsp;<\/em><br \/>\n<em>Se oli ehk\u00e4 jotain kaameaa mutta toisaalta lohdullista. Haluan ett\u00e4 tarinalla on hyv\u00e4 loppu.<\/em><\/p>\n<p><a href=\"http:\/\/www.ainojaaskelainen.com\/wp-content\/uploads\/2019\/08\/kuplasein\u00e4.jpg\"><img loading=\"lazy\" decoding=\"async\" class=\"alignnone size-medium wp-image-612\" src=\"http:\/\/www.ainojaaskelainen.com\/wp-content\/uploads\/2019\/08\/kuplasein\u00e4-300x216.jpg\" alt=\"\" width=\"300\" height=\"216\" srcset=\"https:\/\/www.ainojaaskelainen.com\/wp-content\/uploads\/2019\/08\/kuplasein\u00e4-300x216.jpg 300w, https:\/\/www.ainojaaskelainen.com\/wp-content\/uploads\/2019\/08\/kuplasein\u00e4-768x552.jpg 768w, https:\/\/www.ainojaaskelainen.com\/wp-content\/uploads\/2019\/08\/kuplasein\u00e4-1024x736.jpg 1024w, https:\/\/www.ainojaaskelainen.com\/wp-content\/uploads\/2019\/08\/kuplasein\u00e4-624x449.jpg 624w, https:\/\/www.ainojaaskelainen.com\/wp-content\/uploads\/2019\/08\/kuplasein\u00e4.jpg 1984w\" sizes=\"auto, (max-width: 300px) 100vw, 300px\" \/><\/a><\/p>\n<p><em>Ty\u00f6skentelyni on t\u00e4llaista vuoropuhelua teosten kanssa. Sanallistaminen on ep\u00e4m\u00e4\u00e4r\u00e4ist\u00e4 ja asiaa kiert\u00e4v\u00e4\u00e4.&nbsp;<br \/>\nToivottavasti saatte tulkittua N\u00e4kij\u00f6ist\u00e4 oman tarinanne. Kultaiset silm\u00e4t ainakin tarkkailevat teit\u00e4.<\/em><\/p>\n<p><em>Teokset ovat monotypioita joissa on v\u00e4rillist\u00e4 mustetta mukana.&nbsp;<\/em><br \/>\n<em>Monotypia on maalauksen ja grafiikan rakkauslapsi. Tuloksena on painettu ainutkertainen teos.&nbsp;<\/em><\/p>\n<p>N\u00e4kij\u00e4t on esill\u00e4 8.9 2019 asti<\/p>\n<blockquote class=\"wp-embedded-content\" data-secret=\"JW0UAqPVtd\"><p><a href=\"https:\/\/www.galleriahuuto.fi\/aino-jaaskelainen\/\">N\u00e4kij\u00e4t<\/a><\/p><\/blockquote>\n<p><iframe loading=\"lazy\" class=\"wp-embedded-content\" sandbox=\"allow-scripts\" security=\"restricted\" style=\"position: absolute; clip: rect(1px, 1px, 1px, 1px);\" title=\"&#8221;N\u00e4kij\u00e4t&#8221; &#8212; Galleria Huuto\" src=\"https:\/\/www.galleriahuuto.fi\/aino-jaaskelainen\/embed\/#?secret=ghW5pE8PJ7#?secret=JW0UAqPVtd\" data-secret=\"JW0UAqPVtd\" width=\"600\" height=\"338\" frameborder=\"0\" marginwidth=\"0\" marginheight=\"0\" scrolling=\"no\"><\/iframe><\/p>\n<p>Galleria Huuto Eerikinkatu 36 \/ Kalevankatu 43, 00180, Helsinki<\/p>\n<p>Galleria on avoinna: ti-su 12-17<\/p>\n<p>Min\u00e4 olen paikalla n\u00e4yttelyn viimeisen\u00e4 viikonloppuna 7.9.-8.9. Tule moikkaamaan!<\/p>\n","protected":false},"excerpt":{"rendered":"<p>N\u00e4yttelyni N\u00e4kij\u00e4t avajaiset pidettin Taiteiden y\u00f6n\u00e4 Galleria Huudossa. Kiitos osallistuneille! Olen tyytyv\u00e4inen n\u00e4yttelyyn ja sein\u00e4\u00e4n liister\u00f6ity Kaitsija kruunaa kokonaisuuden. Alla teksti, jossa kerron hieman tarinaa ja taustaa n\u00e4yttelyst\u00e4! Min\u00e4 pulppuan tai haluaisin kertoa teille tarinan, mutta se ei ole j\u00e4rjestyksess\u00e4, eik\u00e4 johdonmukainen. Itselt\u00e4ni tarinan p\u00e4\u00e4 karkaa, vaikka voinkin hahmottaa sen. Tied\u00e4n, ett\u00e4 teokset osaavat tarinan [&hellip;]<\/p>\n","protected":false},"author":1,"featured_media":0,"comment_status":"open","ping_status":"closed","sticky":false,"template":"","format":"standard","meta":{"ngg_post_thumbnail":0,"footnotes":""},"categories":[8,3,9],"tags":[],"class_list":["post-609","post","type-post","status-publish","format-standard","hentry","category-galleria-huuto","category-nayttelyt","category-ryhmanayttelyt"],"yoast_head":"<!-- This site is optimized with the Yoast SEO plugin v27.5 - https:\/\/yoast.com\/product\/yoast-seo-wordpress\/ -->\n<title>Terveisi\u00e4 avajaisista! - Kuvataiteilija Aino J\u00e4\u00e4skel\u00e4inen<\/title>\n<meta name=\"robots\" content=\"index, follow, max-snippet:-1, max-image-preview:large, max-video-preview:-1\" \/>\n<link rel=\"canonical\" href=\"https:\/\/www.ainojaaskelainen.com\/?p=609\" \/>\n<meta property=\"og:locale\" content=\"fi_FI\" \/>\n<meta property=\"og:type\" content=\"article\" \/>\n<meta property=\"og:title\" content=\"Terveisi\u00e4 avajaisista! - Kuvataiteilija Aino J\u00e4\u00e4skel\u00e4inen\" \/>\n<meta property=\"og:description\" content=\"N\u00e4yttelyni N\u00e4kij\u00e4t avajaiset pidettin Taiteiden y\u00f6n\u00e4 Galleria Huudossa. Kiitos osallistuneille! Olen tyytyv\u00e4inen n\u00e4yttelyyn ja sein\u00e4\u00e4n liister\u00f6ity Kaitsija kruunaa kokonaisuuden. Alla teksti, jossa kerron hieman tarinaa ja taustaa n\u00e4yttelyst\u00e4! Min\u00e4 pulppuan tai haluaisin kertoa teille tarinan, mutta se ei ole j\u00e4rjestyksess\u00e4, eik\u00e4 johdonmukainen. Itselt\u00e4ni tarinan p\u00e4\u00e4 karkaa, vaikka voinkin hahmottaa sen. Tied\u00e4n, ett\u00e4 teokset osaavat tarinan [&hellip;]\" \/>\n<meta property=\"og:url\" content=\"https:\/\/www.ainojaaskelainen.com\/?p=609\" \/>\n<meta property=\"og:site_name\" content=\"Kuvataiteilija Aino J\u00e4\u00e4skel\u00e4inen\" \/>\n<meta property=\"article:publisher\" content=\"https:\/\/www.facebook.com\/ainojaaskelainentaidegraafikko\/\" \/>\n<meta property=\"article:published_time\" content=\"2019-08-23T18:56:44+00:00\" \/>\n<meta property=\"og:image\" content=\"http:\/\/www.ainojaaskelainen.com\/wp-content\/uploads\/2019\/08\/maisemat-300x177.jpg\" \/>\n<meta name=\"author\" content=\"lauri\" \/>\n<meta name=\"twitter:card\" content=\"summary_large_image\" \/>\n<meta name=\"twitter:label1\" content=\"Kirjoittanut\" \/>\n\t<meta name=\"twitter:data1\" content=\"lauri\" \/>\n\t<meta name=\"twitter:label2\" content=\"Arvioitu lukuaika\" \/>\n\t<meta name=\"twitter:data2\" content=\"1 minuutti\" \/>\n<script type=\"application\/ld+json\" class=\"yoast-schema-graph\">{\"@context\":\"https:\\\/\\\/schema.org\",\"@graph\":[{\"@type\":\"Article\",\"@id\":\"https:\\\/\\\/www.ainojaaskelainen.com\\\/?p=609#article\",\"isPartOf\":{\"@id\":\"https:\\\/\\\/www.ainojaaskelainen.com\\\/?p=609\"},\"author\":{\"name\":\"lauri\",\"@id\":\"https:\\\/\\\/www.ainojaaskelainen.com\\\/#\\\/schema\\\/person\\\/5de3f06d8bc849361e2df771dac39724\"},\"headline\":\"Terveisi\u00e4 avajaisista!\",\"datePublished\":\"2019-08-23T18:56:44+00:00\",\"mainEntityOfPage\":{\"@id\":\"https:\\\/\\\/www.ainojaaskelainen.com\\\/?p=609\"},\"wordCount\":180,\"commentCount\":0,\"image\":{\"@id\":\"https:\\\/\\\/www.ainojaaskelainen.com\\\/?p=609#primaryimage\"},\"thumbnailUrl\":\"http:\\\/\\\/www.ainojaaskelainen.com\\\/wp-content\\\/uploads\\\/2019\\\/08\\\/maisemat-300x177.jpg\",\"articleSection\":[\"Galleria Huuto\",\"n\u00e4yttelyt\",\"Ryhm\u00e4n\u00e4yttelyt\"],\"inLanguage\":\"fi\",\"potentialAction\":[{\"@type\":\"CommentAction\",\"name\":\"Comment\",\"target\":[\"https:\\\/\\\/www.ainojaaskelainen.com\\\/?p=609#respond\"]}]},{\"@type\":\"WebPage\",\"@id\":\"https:\\\/\\\/www.ainojaaskelainen.com\\\/?p=609\",\"url\":\"https:\\\/\\\/www.ainojaaskelainen.com\\\/?p=609\",\"name\":\"Terveisi\u00e4 avajaisista! - Kuvataiteilija Aino J\u00e4\u00e4skel\u00e4inen\",\"isPartOf\":{\"@id\":\"https:\\\/\\\/www.ainojaaskelainen.com\\\/#website\"},\"primaryImageOfPage\":{\"@id\":\"https:\\\/\\\/www.ainojaaskelainen.com\\\/?p=609#primaryimage\"},\"image\":{\"@id\":\"https:\\\/\\\/www.ainojaaskelainen.com\\\/?p=609#primaryimage\"},\"thumbnailUrl\":\"http:\\\/\\\/www.ainojaaskelainen.com\\\/wp-content\\\/uploads\\\/2019\\\/08\\\/maisemat-300x177.jpg\",\"datePublished\":\"2019-08-23T18:56:44+00:00\",\"author\":{\"@id\":\"https:\\\/\\\/www.ainojaaskelainen.com\\\/#\\\/schema\\\/person\\\/5de3f06d8bc849361e2df771dac39724\"},\"breadcrumb\":{\"@id\":\"https:\\\/\\\/www.ainojaaskelainen.com\\\/?p=609#breadcrumb\"},\"inLanguage\":\"fi\",\"potentialAction\":[{\"@type\":\"ReadAction\",\"target\":[\"https:\\\/\\\/www.ainojaaskelainen.com\\\/?p=609\"]}]},{\"@type\":\"ImageObject\",\"inLanguage\":\"fi\",\"@id\":\"https:\\\/\\\/www.ainojaaskelainen.com\\\/?p=609#primaryimage\",\"url\":\"https:\\\/\\\/www.ainojaaskelainen.com\\\/wp-content\\\/uploads\\\/2019\\\/08\\\/maisemat.jpg\",\"contentUrl\":\"https:\\\/\\\/www.ainojaaskelainen.com\\\/wp-content\\\/uploads\\\/2019\\\/08\\\/maisemat.jpg\",\"width\":2032,\"height\":1201},{\"@type\":\"BreadcrumbList\",\"@id\":\"https:\\\/\\\/www.ainojaaskelainen.com\\\/?p=609#breadcrumb\",\"itemListElement\":[{\"@type\":\"ListItem\",\"position\":1,\"name\":\"Etusivu\",\"item\":\"https:\\\/\\\/www.ainojaaskelainen.com\\\/\"},{\"@type\":\"ListItem\",\"position\":2,\"name\":\"Terveisi\u00e4 avajaisista!\"}]},{\"@type\":\"WebSite\",\"@id\":\"https:\\\/\\\/www.ainojaaskelainen.com\\\/#website\",\"url\":\"https:\\\/\\\/www.ainojaaskelainen.com\\\/\",\"name\":\"Kuvataiteilija Aino J\u00e4\u00e4skel\u00e4inen\",\"description\":\"\",\"potentialAction\":[{\"@type\":\"SearchAction\",\"target\":{\"@type\":\"EntryPoint\",\"urlTemplate\":\"https:\\\/\\\/www.ainojaaskelainen.com\\\/?s={search_term_string}\"},\"query-input\":{\"@type\":\"PropertyValueSpecification\",\"valueRequired\":true,\"valueName\":\"search_term_string\"}}],\"inLanguage\":\"fi\"},{\"@type\":\"Person\",\"@id\":\"https:\\\/\\\/www.ainojaaskelainen.com\\\/#\\\/schema\\\/person\\\/5de3f06d8bc849361e2df771dac39724\",\"name\":\"lauri\",\"image\":{\"@type\":\"ImageObject\",\"inLanguage\":\"fi\",\"@id\":\"https:\\\/\\\/secure.gravatar.com\\\/avatar\\\/d90c290269aeffca0587c02eaf0f689e2f10d1e8c2b8cc64cbc0eec3c4340272?s=96&d=mm&r=g\",\"url\":\"https:\\\/\\\/secure.gravatar.com\\\/avatar\\\/d90c290269aeffca0587c02eaf0f689e2f10d1e8c2b8cc64cbc0eec3c4340272?s=96&d=mm&r=g\",\"contentUrl\":\"https:\\\/\\\/secure.gravatar.com\\\/avatar\\\/d90c290269aeffca0587c02eaf0f689e2f10d1e8c2b8cc64cbc0eec3c4340272?s=96&d=mm&r=g\",\"caption\":\"lauri\"}}]}<\/script>\n<!-- \/ Yoast SEO plugin. -->","yoast_head_json":{"title":"Terveisi\u00e4 avajaisista! - Kuvataiteilija Aino J\u00e4\u00e4skel\u00e4inen","robots":{"index":"index","follow":"follow","max-snippet":"max-snippet:-1","max-image-preview":"max-image-preview:large","max-video-preview":"max-video-preview:-1"},"canonical":"https:\/\/www.ainojaaskelainen.com\/?p=609","og_locale":"fi_FI","og_type":"article","og_title":"Terveisi\u00e4 avajaisista! - Kuvataiteilija Aino J\u00e4\u00e4skel\u00e4inen","og_description":"N\u00e4yttelyni N\u00e4kij\u00e4t avajaiset pidettin Taiteiden y\u00f6n\u00e4 Galleria Huudossa. Kiitos osallistuneille! Olen tyytyv\u00e4inen n\u00e4yttelyyn ja sein\u00e4\u00e4n liister\u00f6ity Kaitsija kruunaa kokonaisuuden. Alla teksti, jossa kerron hieman tarinaa ja taustaa n\u00e4yttelyst\u00e4! Min\u00e4 pulppuan tai haluaisin kertoa teille tarinan, mutta se ei ole j\u00e4rjestyksess\u00e4, eik\u00e4 johdonmukainen. Itselt\u00e4ni tarinan p\u00e4\u00e4 karkaa, vaikka voinkin hahmottaa sen. Tied\u00e4n, ett\u00e4 teokset osaavat tarinan [&hellip;]","og_url":"https:\/\/www.ainojaaskelainen.com\/?p=609","og_site_name":"Kuvataiteilija Aino J\u00e4\u00e4skel\u00e4inen","article_publisher":"https:\/\/www.facebook.com\/ainojaaskelainentaidegraafikko\/","article_published_time":"2019-08-23T18:56:44+00:00","og_image":[{"url":"http:\/\/www.ainojaaskelainen.com\/wp-content\/uploads\/2019\/08\/maisemat-300x177.jpg","type":"","width":"","height":""}],"author":"lauri","twitter_card":"summary_large_image","twitter_misc":{"Kirjoittanut":"lauri","Arvioitu lukuaika":"1 minuutti"},"schema":{"@context":"https:\/\/schema.org","@graph":[{"@type":"Article","@id":"https:\/\/www.ainojaaskelainen.com\/?p=609#article","isPartOf":{"@id":"https:\/\/www.ainojaaskelainen.com\/?p=609"},"author":{"name":"lauri","@id":"https:\/\/www.ainojaaskelainen.com\/#\/schema\/person\/5de3f06d8bc849361e2df771dac39724"},"headline":"Terveisi\u00e4 avajaisista!","datePublished":"2019-08-23T18:56:44+00:00","mainEntityOfPage":{"@id":"https:\/\/www.ainojaaskelainen.com\/?p=609"},"wordCount":180,"commentCount":0,"image":{"@id":"https:\/\/www.ainojaaskelainen.com\/?p=609#primaryimage"},"thumbnailUrl":"http:\/\/www.ainojaaskelainen.com\/wp-content\/uploads\/2019\/08\/maisemat-300x177.jpg","articleSection":["Galleria Huuto","n\u00e4yttelyt","Ryhm\u00e4n\u00e4yttelyt"],"inLanguage":"fi","potentialAction":[{"@type":"CommentAction","name":"Comment","target":["https:\/\/www.ainojaaskelainen.com\/?p=609#respond"]}]},{"@type":"WebPage","@id":"https:\/\/www.ainojaaskelainen.com\/?p=609","url":"https:\/\/www.ainojaaskelainen.com\/?p=609","name":"Terveisi\u00e4 avajaisista! - Kuvataiteilija Aino J\u00e4\u00e4skel\u00e4inen","isPartOf":{"@id":"https:\/\/www.ainojaaskelainen.com\/#website"},"primaryImageOfPage":{"@id":"https:\/\/www.ainojaaskelainen.com\/?p=609#primaryimage"},"image":{"@id":"https:\/\/www.ainojaaskelainen.com\/?p=609#primaryimage"},"thumbnailUrl":"http:\/\/www.ainojaaskelainen.com\/wp-content\/uploads\/2019\/08\/maisemat-300x177.jpg","datePublished":"2019-08-23T18:56:44+00:00","author":{"@id":"https:\/\/www.ainojaaskelainen.com\/#\/schema\/person\/5de3f06d8bc849361e2df771dac39724"},"breadcrumb":{"@id":"https:\/\/www.ainojaaskelainen.com\/?p=609#breadcrumb"},"inLanguage":"fi","potentialAction":[{"@type":"ReadAction","target":["https:\/\/www.ainojaaskelainen.com\/?p=609"]}]},{"@type":"ImageObject","inLanguage":"fi","@id":"https:\/\/www.ainojaaskelainen.com\/?p=609#primaryimage","url":"https:\/\/www.ainojaaskelainen.com\/wp-content\/uploads\/2019\/08\/maisemat.jpg","contentUrl":"https:\/\/www.ainojaaskelainen.com\/wp-content\/uploads\/2019\/08\/maisemat.jpg","width":2032,"height":1201},{"@type":"BreadcrumbList","@id":"https:\/\/www.ainojaaskelainen.com\/?p=609#breadcrumb","itemListElement":[{"@type":"ListItem","position":1,"name":"Etusivu","item":"https:\/\/www.ainojaaskelainen.com\/"},{"@type":"ListItem","position":2,"name":"Terveisi\u00e4 avajaisista!"}]},{"@type":"WebSite","@id":"https:\/\/www.ainojaaskelainen.com\/#website","url":"https:\/\/www.ainojaaskelainen.com\/","name":"Kuvataiteilija Aino J\u00e4\u00e4skel\u00e4inen","description":"","potentialAction":[{"@type":"SearchAction","target":{"@type":"EntryPoint","urlTemplate":"https:\/\/www.ainojaaskelainen.com\/?s={search_term_string}"},"query-input":{"@type":"PropertyValueSpecification","valueRequired":true,"valueName":"search_term_string"}}],"inLanguage":"fi"},{"@type":"Person","@id":"https:\/\/www.ainojaaskelainen.com\/#\/schema\/person\/5de3f06d8bc849361e2df771dac39724","name":"lauri","image":{"@type":"ImageObject","inLanguage":"fi","@id":"https:\/\/secure.gravatar.com\/avatar\/d90c290269aeffca0587c02eaf0f689e2f10d1e8c2b8cc64cbc0eec3c4340272?s=96&d=mm&r=g","url":"https:\/\/secure.gravatar.com\/avatar\/d90c290269aeffca0587c02eaf0f689e2f10d1e8c2b8cc64cbc0eec3c4340272?s=96&d=mm&r=g","contentUrl":"https:\/\/secure.gravatar.com\/avatar\/d90c290269aeffca0587c02eaf0f689e2f10d1e8c2b8cc64cbc0eec3c4340272?s=96&d=mm&r=g","caption":"lauri"}}]}},"_links":{"self":[{"href":"https:\/\/www.ainojaaskelainen.com\/index.php?rest_route=\/wp\/v2\/posts\/609","targetHints":{"allow":["GET"]}}],"collection":[{"href":"https:\/\/www.ainojaaskelainen.com\/index.php?rest_route=\/wp\/v2\/posts"}],"about":[{"href":"https:\/\/www.ainojaaskelainen.com\/index.php?rest_route=\/wp\/v2\/types\/post"}],"author":[{"embeddable":true,"href":"https:\/\/www.ainojaaskelainen.com\/index.php?rest_route=\/wp\/v2\/users\/1"}],"replies":[{"embeddable":true,"href":"https:\/\/www.ainojaaskelainen.com\/index.php?rest_route=%2Fwp%2Fv2%2Fcomments&post=609"}],"version-history":[{"count":3,"href":"https:\/\/www.ainojaaskelainen.com\/index.php?rest_route=\/wp\/v2\/posts\/609\/revisions"}],"predecessor-version":[{"id":620,"href":"https:\/\/www.ainojaaskelainen.com\/index.php?rest_route=\/wp\/v2\/posts\/609\/revisions\/620"}],"wp:attachment":[{"href":"https:\/\/www.ainojaaskelainen.com\/index.php?rest_route=%2Fwp%2Fv2%2Fmedia&parent=609"}],"wp:term":[{"taxonomy":"category","embeddable":true,"href":"https:\/\/www.ainojaaskelainen.com\/index.php?rest_route=%2Fwp%2Fv2%2Fcategories&post=609"},{"taxonomy":"post_tag","embeddable":true,"href":"https:\/\/www.ainojaaskelainen.com\/index.php?rest_route=%2Fwp%2Fv2%2Ftags&post=609"}],"curies":[{"name":"wp","href":"https:\/\/api.w.org\/{rel}","templated":true}]}}