{"id":534,"date":"2018-09-06T19:21:34","date_gmt":"2018-09-06T17:21:34","guid":{"rendered":"http:\/\/www.ainojaaskelainen.com\/?p=534"},"modified":"2018-09-06T19:21:34","modified_gmt":"2018-09-06T17:21:34","slug":"uusi-galleria-huuto-avatutuu","status":"publish","type":"post","link":"https:\/\/www.ainojaaskelainen.com\/?p=534","title":{"rendered":"Uusi Galleria Huuto avatutuu!"},"content":{"rendered":"<p>Kev\u00e4\u00e4ll\u00e4 k\u00e4vi k\u00f6pelosti, vanhat tilat l\u00e4htiv\u00e4t Galleria Huudon alta, mutta saimme mutkien kautta tilalle uudet ja upeammat tilat.<\/p>\nngg_shortcode_0_placeholder\n<p>&nbsp;<\/p>\n<p>Koko elokuu remointoitiin galleriatiloja (itse osallistuin l\u00e4hinn\u00e4 uusien seinien pintojen k\u00e4sittelyyn) valmista tuli, ja oli SUURIEN AVAJAISTEN AIKA! Itse olin lomalla Bulgariassa ja missasin suuret avajaiset, mutta n\u00e4yttelyst\u00e4 tuli upea!<\/p>\n<p>Ensimm\u00e4inen n\u00e4yttely on Huudon j\u00e4senien ryhm\u00e4n\u00e4yttely HUUTO OOT UUH!<br \/>\nAvajaisn\u00e4yttely on auki 23.9 saakka ti-su 12-17 ositteessa Eerikinkatu 36 \/ Kalevankatu 43, Helsinki. Tila on entisiss\u00e4 Metropolian tiloissa.<\/p>\n<p>Huutoon on tulossa monia hienoja n\u00e4yttelyit\u00e4. Onnea Huuto!<\/p>\n<p>T\u00e4\u00e4lt\u00e4 n\u00e4et Huudon n\u00e4yttelykalenterin tarkemmin.<\/p>\n<blockquote class=\"wp-embedded-content\" data-secret=\"EFP2RARPXv\"><p><a href=\"https:\/\/www.galleriahuuto.fi\/exhibition-calendar\/\">Huudon n\u00e4yttelykalenteri 2022<\/a><\/p><\/blockquote>\n<p><iframe loading=\"lazy\" class=\"wp-embedded-content\" sandbox=\"allow-scripts\" security=\"restricted\" style=\"position: absolute; clip: rect(1px, 1px, 1px, 1px);\" title=\"&#8221;Huudon n\u00e4yttelykalenteri 2022&#8221; &#8212; Galleria Huuto\" src=\"https:\/\/www.galleriahuuto.fi\/exhibition-calendar\/embed\/#?secret=e1AVWYGhN1#?secret=EFP2RARPXv\" data-secret=\"EFP2RARPXv\" width=\"600\" height=\"338\" frameborder=\"0\" marginwidth=\"0\" marginheight=\"0\" scrolling=\"no\"><\/iframe><\/p>\n<p>&nbsp;<\/p>\n<p>&nbsp;<\/p>\n<p><a href=\"http:\/\/www.ainojaaskelainen.com\/wp-content\/uploads\/2018\/09\/mun-ty\u00f6t-blog.jpg\"><img loading=\"lazy\" decoding=\"async\" class=\"alignnone  wp-image-539\" src=\"http:\/\/www.ainojaaskelainen.com\/wp-content\/uploads\/2018\/09\/mun-ty\u00f6t-blog-300x197.jpg\" alt=\"\" width=\"493\" height=\"324\" srcset=\"https:\/\/www.ainojaaskelainen.com\/wp-content\/uploads\/2018\/09\/mun-ty\u00f6t-blog-300x197.jpg 300w, https:\/\/www.ainojaaskelainen.com\/wp-content\/uploads\/2018\/09\/mun-ty\u00f6t-blog-768x504.jpg 768w, https:\/\/www.ainojaaskelainen.com\/wp-content\/uploads\/2018\/09\/mun-ty\u00f6t-blog-1024x672.jpg 1024w, https:\/\/www.ainojaaskelainen.com\/wp-content\/uploads\/2018\/09\/mun-ty\u00f6t-blog-624x409.jpg 624w, https:\/\/www.ainojaaskelainen.com\/wp-content\/uploads\/2018\/09\/mun-ty\u00f6t-blog.jpg 1913w\" sizes=\"auto, (max-width: 493px) 100vw, 493px\" \/><\/a><\/p>\n<p>Itse osallistun n\u00e4yttelyyn uusilla, t\u00e4n\u00e4 vuonna tehdyill\u00e4 teoksilla. Ne ovat monotypioita ja taustat olen tehnyt musteella.<\/p>\n<p>&nbsp;<\/p>\n<div id=\"attachment_543\" style=\"width: 242px\" class=\"wp-caption alignnone\"><a href=\"http:\/\/www.ainojaaskelainen.com\/wp-content\/uploads\/2018\/09\/salainen-ihailija-ja-heijastus-blog.jpg\"><img loading=\"lazy\" decoding=\"async\" aria-describedby=\"caption-attachment-543\" class=\"wp-image-543\" title=\"Salainen ihailija\" src=\"http:\/\/www.ainojaaskelainen.com\/wp-content\/uploads\/2018\/09\/salainen-ihailija-ja-heijastus-blog-200x300.jpg\" alt=\"Salainen ihailija, monotypia \" width=\"232\" height=\"348\" srcset=\"https:\/\/www.ainojaaskelainen.com\/wp-content\/uploads\/2018\/09\/salainen-ihailija-ja-heijastus-blog-200x300.jpg 200w, https:\/\/www.ainojaaskelainen.com\/wp-content\/uploads\/2018\/09\/salainen-ihailija-ja-heijastus-blog-768x1153.jpg 768w, https:\/\/www.ainojaaskelainen.com\/wp-content\/uploads\/2018\/09\/salainen-ihailija-ja-heijastus-blog-682x1024.jpg 682w, https:\/\/www.ainojaaskelainen.com\/wp-content\/uploads\/2018\/09\/salainen-ihailija-ja-heijastus-blog-624x937.jpg 624w, https:\/\/www.ainojaaskelainen.com\/wp-content\/uploads\/2018\/09\/salainen-ihailija-ja-heijastus-blog.jpg 1205w\" sizes=\"auto, (max-width: 232px) 100vw, 232px\" \/><\/a><p id=\"caption-attachment-543\" class=\"wp-caption-text\">Salainen ihailija. Monotypia, muste ja glitter. 2018.<\/p><\/div>\n<p>Kiit\u00e4n SKR Uuttamaata tuesta!<\/p>\n<p><a href=\"http:\/\/www.ainojaaskelainen.com\/wp-content\/uploads\/2018\/09\/m\u00e4-ja-mun-ty\u00f6t-blog.jpg\"><img loading=\"lazy\" decoding=\"async\" class=\"alignnone  wp-image-542\" src=\"http:\/\/www.ainojaaskelainen.com\/wp-content\/uploads\/2018\/09\/m\u00e4-ja-mun-ty\u00f6t-blog-300x200.jpg\" alt=\"\" width=\"407\" height=\"271\" srcset=\"https:\/\/www.ainojaaskelainen.com\/wp-content\/uploads\/2018\/09\/m\u00e4-ja-mun-ty\u00f6t-blog-300x200.jpg 300w, https:\/\/www.ainojaaskelainen.com\/wp-content\/uploads\/2018\/09\/m\u00e4-ja-mun-ty\u00f6t-blog-768x511.jpg 768w, https:\/\/www.ainojaaskelainen.com\/wp-content\/uploads\/2018\/09\/m\u00e4-ja-mun-ty\u00f6t-blog-1024x682.jpg 1024w, https:\/\/www.ainojaaskelainen.com\/wp-content\/uploads\/2018\/09\/m\u00e4-ja-mun-ty\u00f6t-blog-624x416.jpg 624w, https:\/\/www.ainojaaskelainen.com\/wp-content\/uploads\/2018\/09\/m\u00e4-ja-mun-ty\u00f6t-blog.jpg 1913w\" sizes=\"auto, (max-width: 407px) 100vw, 407px\" \/><\/a><\/p>\n<p>&nbsp;<\/p>\n<p><a href=\"http:\/\/www.ainojaaskelainen.com\/wp-content\/uploads\/2018\/09\/uu_vihrea.gif\"><img loading=\"lazy\" decoding=\"async\" class=\"alignnone wp-image-545\" src=\"http:\/\/www.ainojaaskelainen.com\/wp-content\/uploads\/2018\/09\/uu_vihrea-300x300.gif\" alt=\"\" width=\"156\" height=\"156\" srcset=\"https:\/\/www.ainojaaskelainen.com\/wp-content\/uploads\/2018\/09\/uu_vihrea-300x300.gif 300w, https:\/\/www.ainojaaskelainen.com\/wp-content\/uploads\/2018\/09\/uu_vihrea-150x150.gif 150w\" sizes=\"auto, (max-width: 156px) 100vw, 156px\" \/><\/a><\/p>\n<p>&nbsp;<\/p>\n","protected":false},"excerpt":{"rendered":"<p>Kev\u00e4\u00e4ll\u00e4 k\u00e4vi k\u00f6pelosti, vanhat tilat l\u00e4htiv\u00e4t Galleria Huudon alta, mutta saimme mutkien kautta tilalle uudet ja upeammat tilat. &#8221; order_by=&#8221;sortorder&#8221; order_direction=&#8221;ASC&#8221; returns=&#8221;included&#8221; maximum_entity_count=&#8221;500&#8243;] &nbsp; Koko elokuu remointoitiin galleriatiloja (itse osallistuin l\u00e4hinn\u00e4 uusien seinien pintojen k\u00e4sittelyyn) valmista tuli, ja oli SUURIEN AVAJAISTEN AIKA! Itse olin lomalla Bulgariassa ja missasin suuret avajaiset, mutta n\u00e4yttelyst\u00e4 tuli upea! Ensimm\u00e4inen [&hellip;]<\/p>\n","protected":false},"author":1,"featured_media":0,"comment_status":"open","ping_status":"closed","sticky":false,"template":"","format":"standard","meta":{"ngg_post_thumbnail":0,"footnotes":""},"categories":[8,9],"tags":[],"class_list":["post-534","post","type-post","status-publish","format-standard","hentry","category-galleria-huuto","category-ryhmanayttelyt"],"yoast_head":"<!-- This site is optimized with the Yoast SEO plugin v27.5 - https:\/\/yoast.com\/product\/yoast-seo-wordpress\/ -->\n<title>Uusi Galleria Huuto avatutuu! - Kuvataiteilija Aino J\u00e4\u00e4skel\u00e4inen<\/title>\n<meta name=\"robots\" content=\"index, follow, max-snippet:-1, max-image-preview:large, max-video-preview:-1\" \/>\n<link rel=\"canonical\" href=\"https:\/\/www.ainojaaskelainen.com\/?p=534\" \/>\n<meta property=\"og:locale\" content=\"fi_FI\" \/>\n<meta property=\"og:type\" content=\"article\" \/>\n<meta property=\"og:title\" content=\"Uusi Galleria Huuto avatutuu! - Kuvataiteilija Aino J\u00e4\u00e4skel\u00e4inen\" \/>\n<meta property=\"og:description\" content=\"Kev\u00e4\u00e4ll\u00e4 k\u00e4vi k\u00f6pelosti, vanhat tilat l\u00e4htiv\u00e4t Galleria Huudon alta, mutta saimme mutkien kautta tilalle uudet ja upeammat tilat. &#8221; order_by=&#8221;sortorder&#8221; order_direction=&#8221;ASC&#8221; returns=&#8221;included&#8221; maximum_entity_count=&#8221;500&#8243;] &nbsp; Koko elokuu remointoitiin galleriatiloja (itse osallistuin l\u00e4hinn\u00e4 uusien seinien pintojen k\u00e4sittelyyn) valmista tuli, ja oli SUURIEN AVAJAISTEN AIKA! Itse olin lomalla Bulgariassa ja missasin suuret avajaiset, mutta n\u00e4yttelyst\u00e4 tuli upea! Ensimm\u00e4inen [&hellip;]\" \/>\n<meta property=\"og:url\" content=\"https:\/\/www.ainojaaskelainen.com\/?p=534\" \/>\n<meta property=\"og:site_name\" content=\"Kuvataiteilija Aino J\u00e4\u00e4skel\u00e4inen\" \/>\n<meta property=\"article:publisher\" content=\"https:\/\/www.facebook.com\/ainojaaskelainentaidegraafikko\/\" \/>\n<meta property=\"article:published_time\" content=\"2018-09-06T17:21:34+00:00\" \/>\n<meta property=\"og:image\" content=\"http:\/\/www.ainojaaskelainen.com\/wp-content\/uploads\/2018\/09\/salainen-ihailija-ja-heijastus-blog-200x300.jpg\" \/>\n<meta name=\"author\" content=\"lauri\" \/>\n<meta name=\"twitter:card\" content=\"summary_large_image\" \/>\n<meta name=\"twitter:label1\" content=\"Kirjoittanut\" \/>\n\t<meta name=\"twitter:data1\" content=\"lauri\" \/>\n\t<meta name=\"twitter:label2\" content=\"Arvioitu lukuaika\" \/>\n\t<meta name=\"twitter:data2\" content=\"1 minuutti\" \/>\n<script type=\"application\/ld+json\" class=\"yoast-schema-graph\">{\"@context\":\"https:\\\/\\\/schema.org\",\"@graph\":[{\"@type\":\"Article\",\"@id\":\"https:\\\/\\\/www.ainojaaskelainen.com\\\/?p=534#article\",\"isPartOf\":{\"@id\":\"https:\\\/\\\/www.ainojaaskelainen.com\\\/?p=534\"},\"author\":{\"name\":\"lauri\",\"@id\":\"https:\\\/\\\/www.ainojaaskelainen.com\\\/#\\\/schema\\\/person\\\/5de3f06d8bc849361e2df771dac39724\"},\"headline\":\"Uusi Galleria Huuto avatutuu!\",\"datePublished\":\"2018-09-06T17:21:34+00:00\",\"mainEntityOfPage\":{\"@id\":\"https:\\\/\\\/www.ainojaaskelainen.com\\\/?p=534\"},\"wordCount\":209,\"commentCount\":0,\"image\":{\"@id\":\"https:\\\/\\\/www.ainojaaskelainen.com\\\/?p=534#primaryimage\"},\"thumbnailUrl\":\"http:\\\/\\\/www.ainojaaskelainen.com\\\/wp-content\\\/uploads\\\/2018\\\/09\\\/salainen-ihailija-ja-heijastus-blog-200x300.jpg\",\"articleSection\":[\"Galleria Huuto\",\"Ryhm\u00e4n\u00e4yttelyt\"],\"inLanguage\":\"fi\",\"potentialAction\":[{\"@type\":\"CommentAction\",\"name\":\"Comment\",\"target\":[\"https:\\\/\\\/www.ainojaaskelainen.com\\\/?p=534#respond\"]}]},{\"@type\":\"WebPage\",\"@id\":\"https:\\\/\\\/www.ainojaaskelainen.com\\\/?p=534\",\"url\":\"https:\\\/\\\/www.ainojaaskelainen.com\\\/?p=534\",\"name\":\"Uusi Galleria Huuto avatutuu! - Kuvataiteilija Aino J\u00e4\u00e4skel\u00e4inen\",\"isPartOf\":{\"@id\":\"https:\\\/\\\/www.ainojaaskelainen.com\\\/#website\"},\"primaryImageOfPage\":{\"@id\":\"https:\\\/\\\/www.ainojaaskelainen.com\\\/?p=534#primaryimage\"},\"image\":{\"@id\":\"https:\\\/\\\/www.ainojaaskelainen.com\\\/?p=534#primaryimage\"},\"thumbnailUrl\":\"http:\\\/\\\/www.ainojaaskelainen.com\\\/wp-content\\\/uploads\\\/2018\\\/09\\\/salainen-ihailija-ja-heijastus-blog-200x300.jpg\",\"datePublished\":\"2018-09-06T17:21:34+00:00\",\"author\":{\"@id\":\"https:\\\/\\\/www.ainojaaskelainen.com\\\/#\\\/schema\\\/person\\\/5de3f06d8bc849361e2df771dac39724\"},\"breadcrumb\":{\"@id\":\"https:\\\/\\\/www.ainojaaskelainen.com\\\/?p=534#breadcrumb\"},\"inLanguage\":\"fi\",\"potentialAction\":[{\"@type\":\"ReadAction\",\"target\":[\"https:\\\/\\\/www.ainojaaskelainen.com\\\/?p=534\"]}]},{\"@type\":\"ImageObject\",\"inLanguage\":\"fi\",\"@id\":\"https:\\\/\\\/www.ainojaaskelainen.com\\\/?p=534#primaryimage\",\"url\":\"https:\\\/\\\/www.ainojaaskelainen.com\\\/wp-content\\\/uploads\\\/2018\\\/09\\\/salainen-ihailija-ja-heijastus-blog.jpg\",\"contentUrl\":\"https:\\\/\\\/www.ainojaaskelainen.com\\\/wp-content\\\/uploads\\\/2018\\\/09\\\/salainen-ihailija-ja-heijastus-blog.jpg\",\"width\":1205,\"height\":1809},{\"@type\":\"BreadcrumbList\",\"@id\":\"https:\\\/\\\/www.ainojaaskelainen.com\\\/?p=534#breadcrumb\",\"itemListElement\":[{\"@type\":\"ListItem\",\"position\":1,\"name\":\"Etusivu\",\"item\":\"https:\\\/\\\/www.ainojaaskelainen.com\\\/\"},{\"@type\":\"ListItem\",\"position\":2,\"name\":\"Uusi Galleria Huuto avatutuu!\"}]},{\"@type\":\"WebSite\",\"@id\":\"https:\\\/\\\/www.ainojaaskelainen.com\\\/#website\",\"url\":\"https:\\\/\\\/www.ainojaaskelainen.com\\\/\",\"name\":\"Kuvataiteilija Aino J\u00e4\u00e4skel\u00e4inen\",\"description\":\"\",\"potentialAction\":[{\"@type\":\"SearchAction\",\"target\":{\"@type\":\"EntryPoint\",\"urlTemplate\":\"https:\\\/\\\/www.ainojaaskelainen.com\\\/?s={search_term_string}\"},\"query-input\":{\"@type\":\"PropertyValueSpecification\",\"valueRequired\":true,\"valueName\":\"search_term_string\"}}],\"inLanguage\":\"fi\"},{\"@type\":\"Person\",\"@id\":\"https:\\\/\\\/www.ainojaaskelainen.com\\\/#\\\/schema\\\/person\\\/5de3f06d8bc849361e2df771dac39724\",\"name\":\"lauri\",\"image\":{\"@type\":\"ImageObject\",\"inLanguage\":\"fi\",\"@id\":\"https:\\\/\\\/secure.gravatar.com\\\/avatar\\\/d90c290269aeffca0587c02eaf0f689e2f10d1e8c2b8cc64cbc0eec3c4340272?s=96&d=mm&r=g\",\"url\":\"https:\\\/\\\/secure.gravatar.com\\\/avatar\\\/d90c290269aeffca0587c02eaf0f689e2f10d1e8c2b8cc64cbc0eec3c4340272?s=96&d=mm&r=g\",\"contentUrl\":\"https:\\\/\\\/secure.gravatar.com\\\/avatar\\\/d90c290269aeffca0587c02eaf0f689e2f10d1e8c2b8cc64cbc0eec3c4340272?s=96&d=mm&r=g\",\"caption\":\"lauri\"}}]}<\/script>\n<!-- \/ Yoast SEO plugin. -->","yoast_head_json":{"title":"Uusi Galleria Huuto avatutuu! - Kuvataiteilija Aino J\u00e4\u00e4skel\u00e4inen","robots":{"index":"index","follow":"follow","max-snippet":"max-snippet:-1","max-image-preview":"max-image-preview:large","max-video-preview":"max-video-preview:-1"},"canonical":"https:\/\/www.ainojaaskelainen.com\/?p=534","og_locale":"fi_FI","og_type":"article","og_title":"Uusi Galleria Huuto avatutuu! - Kuvataiteilija Aino J\u00e4\u00e4skel\u00e4inen","og_description":"Kev\u00e4\u00e4ll\u00e4 k\u00e4vi k\u00f6pelosti, vanhat tilat l\u00e4htiv\u00e4t Galleria Huudon alta, mutta saimme mutkien kautta tilalle uudet ja upeammat tilat. &#8221; order_by=&#8221;sortorder&#8221; order_direction=&#8221;ASC&#8221; returns=&#8221;included&#8221; maximum_entity_count=&#8221;500&#8243;] &nbsp; Koko elokuu remointoitiin galleriatiloja (itse osallistuin l\u00e4hinn\u00e4 uusien seinien pintojen k\u00e4sittelyyn) valmista tuli, ja oli SUURIEN AVAJAISTEN AIKA! Itse olin lomalla Bulgariassa ja missasin suuret avajaiset, mutta n\u00e4yttelyst\u00e4 tuli upea! Ensimm\u00e4inen [&hellip;]","og_url":"https:\/\/www.ainojaaskelainen.com\/?p=534","og_site_name":"Kuvataiteilija Aino J\u00e4\u00e4skel\u00e4inen","article_publisher":"https:\/\/www.facebook.com\/ainojaaskelainentaidegraafikko\/","article_published_time":"2018-09-06T17:21:34+00:00","og_image":[{"url":"http:\/\/www.ainojaaskelainen.com\/wp-content\/uploads\/2018\/09\/salainen-ihailija-ja-heijastus-blog-200x300.jpg","type":"","width":"","height":""}],"author":"lauri","twitter_card":"summary_large_image","twitter_misc":{"Kirjoittanut":"lauri","Arvioitu lukuaika":"1 minuutti"},"schema":{"@context":"https:\/\/schema.org","@graph":[{"@type":"Article","@id":"https:\/\/www.ainojaaskelainen.com\/?p=534#article","isPartOf":{"@id":"https:\/\/www.ainojaaskelainen.com\/?p=534"},"author":{"name":"lauri","@id":"https:\/\/www.ainojaaskelainen.com\/#\/schema\/person\/5de3f06d8bc849361e2df771dac39724"},"headline":"Uusi Galleria Huuto avatutuu!","datePublished":"2018-09-06T17:21:34+00:00","mainEntityOfPage":{"@id":"https:\/\/www.ainojaaskelainen.com\/?p=534"},"wordCount":209,"commentCount":0,"image":{"@id":"https:\/\/www.ainojaaskelainen.com\/?p=534#primaryimage"},"thumbnailUrl":"http:\/\/www.ainojaaskelainen.com\/wp-content\/uploads\/2018\/09\/salainen-ihailija-ja-heijastus-blog-200x300.jpg","articleSection":["Galleria Huuto","Ryhm\u00e4n\u00e4yttelyt"],"inLanguage":"fi","potentialAction":[{"@type":"CommentAction","name":"Comment","target":["https:\/\/www.ainojaaskelainen.com\/?p=534#respond"]}]},{"@type":"WebPage","@id":"https:\/\/www.ainojaaskelainen.com\/?p=534","url":"https:\/\/www.ainojaaskelainen.com\/?p=534","name":"Uusi Galleria Huuto avatutuu! - Kuvataiteilija Aino J\u00e4\u00e4skel\u00e4inen","isPartOf":{"@id":"https:\/\/www.ainojaaskelainen.com\/#website"},"primaryImageOfPage":{"@id":"https:\/\/www.ainojaaskelainen.com\/?p=534#primaryimage"},"image":{"@id":"https:\/\/www.ainojaaskelainen.com\/?p=534#primaryimage"},"thumbnailUrl":"http:\/\/www.ainojaaskelainen.com\/wp-content\/uploads\/2018\/09\/salainen-ihailija-ja-heijastus-blog-200x300.jpg","datePublished":"2018-09-06T17:21:34+00:00","author":{"@id":"https:\/\/www.ainojaaskelainen.com\/#\/schema\/person\/5de3f06d8bc849361e2df771dac39724"},"breadcrumb":{"@id":"https:\/\/www.ainojaaskelainen.com\/?p=534#breadcrumb"},"inLanguage":"fi","potentialAction":[{"@type":"ReadAction","target":["https:\/\/www.ainojaaskelainen.com\/?p=534"]}]},{"@type":"ImageObject","inLanguage":"fi","@id":"https:\/\/www.ainojaaskelainen.com\/?p=534#primaryimage","url":"https:\/\/www.ainojaaskelainen.com\/wp-content\/uploads\/2018\/09\/salainen-ihailija-ja-heijastus-blog.jpg","contentUrl":"https:\/\/www.ainojaaskelainen.com\/wp-content\/uploads\/2018\/09\/salainen-ihailija-ja-heijastus-blog.jpg","width":1205,"height":1809},{"@type":"BreadcrumbList","@id":"https:\/\/www.ainojaaskelainen.com\/?p=534#breadcrumb","itemListElement":[{"@type":"ListItem","position":1,"name":"Etusivu","item":"https:\/\/www.ainojaaskelainen.com\/"},{"@type":"ListItem","position":2,"name":"Uusi Galleria Huuto avatutuu!"}]},{"@type":"WebSite","@id":"https:\/\/www.ainojaaskelainen.com\/#website","url":"https:\/\/www.ainojaaskelainen.com\/","name":"Kuvataiteilija Aino J\u00e4\u00e4skel\u00e4inen","description":"","potentialAction":[{"@type":"SearchAction","target":{"@type":"EntryPoint","urlTemplate":"https:\/\/www.ainojaaskelainen.com\/?s={search_term_string}"},"query-input":{"@type":"PropertyValueSpecification","valueRequired":true,"valueName":"search_term_string"}}],"inLanguage":"fi"},{"@type":"Person","@id":"https:\/\/www.ainojaaskelainen.com\/#\/schema\/person\/5de3f06d8bc849361e2df771dac39724","name":"lauri","image":{"@type":"ImageObject","inLanguage":"fi","@id":"https:\/\/secure.gravatar.com\/avatar\/d90c290269aeffca0587c02eaf0f689e2f10d1e8c2b8cc64cbc0eec3c4340272?s=96&d=mm&r=g","url":"https:\/\/secure.gravatar.com\/avatar\/d90c290269aeffca0587c02eaf0f689e2f10d1e8c2b8cc64cbc0eec3c4340272?s=96&d=mm&r=g","contentUrl":"https:\/\/secure.gravatar.com\/avatar\/d90c290269aeffca0587c02eaf0f689e2f10d1e8c2b8cc64cbc0eec3c4340272?s=96&d=mm&r=g","caption":"lauri"}}]}},"_links":{"self":[{"href":"https:\/\/www.ainojaaskelainen.com\/index.php?rest_route=\/wp\/v2\/posts\/534","targetHints":{"allow":["GET"]}}],"collection":[{"href":"https:\/\/www.ainojaaskelainen.com\/index.php?rest_route=\/wp\/v2\/posts"}],"about":[{"href":"https:\/\/www.ainojaaskelainen.com\/index.php?rest_route=\/wp\/v2\/types\/post"}],"author":[{"embeddable":true,"href":"https:\/\/www.ainojaaskelainen.com\/index.php?rest_route=\/wp\/v2\/users\/1"}],"replies":[{"embeddable":true,"href":"https:\/\/www.ainojaaskelainen.com\/index.php?rest_route=%2Fwp%2Fv2%2Fcomments&post=534"}],"version-history":[{"count":8,"href":"https:\/\/www.ainojaaskelainen.com\/index.php?rest_route=\/wp\/v2\/posts\/534\/revisions"}],"predecessor-version":[{"id":563,"href":"https:\/\/www.ainojaaskelainen.com\/index.php?rest_route=\/wp\/v2\/posts\/534\/revisions\/563"}],"wp:attachment":[{"href":"https:\/\/www.ainojaaskelainen.com\/index.php?rest_route=%2Fwp%2Fv2%2Fmedia&parent=534"}],"wp:term":[{"taxonomy":"category","embeddable":true,"href":"https:\/\/www.ainojaaskelainen.com\/index.php?rest_route=%2Fwp%2Fv2%2Fcategories&post=534"},{"taxonomy":"post_tag","embeddable":true,"href":"https:\/\/www.ainojaaskelainen.com\/index.php?rest_route=%2Fwp%2Fv2%2Ftags&post=534"}],"curies":[{"name":"wp","href":"https:\/\/api.w.org\/{rel}","templated":true}]}}