{"id":471,"date":"2017-09-01T07:27:43","date_gmt":"2017-09-01T05:27:43","guid":{"rendered":"http:\/\/www.ainojaaskelainen.com\/?p=471"},"modified":"2017-09-29T15:53:51","modified_gmt":"2017-09-29T13:53:51","slug":"suomi-tayttaa-100-vuotta-ja-helsingin-taitelijaseura-tayttaa-50-vuotta","status":"publish","type":"post","link":"https:\/\/www.ainojaaskelainen.com\/?p=471","title":{"rendered":"Suomi t\u00e4ytt\u00e4\u00e4 100 vuotta ja Helsingin Taitelijaseura t\u00e4ytt\u00e4\u00e4 50 vuotta!"},"content":{"rendered":"<p>Helsingin taiteilijaseura t\u00e4ytt\u00e4\u00e4 50 vuotta.&nbsp;<a href=\"http:\/\/helsingintaiteilijaseura.fi\/ajankohtaista\/suomi-100-hts-50-helsingin-taiteilijaseura-juhlii-monipuolisten-nayttelyiden-sarjalla-alkaen-23-8\/ )\">Juhlavuoden kunniaksi HTS j\u00e4rjest\u00e4\u00e4 useamman n\u00e4yttelyn.<\/a>&nbsp;<\/p>\n<p>Osallistun Kanneltalon \u201dKatoavaisuus\u201d n\u00e4yttelyyn teoksella \u201dKatoavat ja kauniit\u201d. Teos on iso sein\u00e4\u00e4n installoitava kokoelma keraamisia kasvoja. Kasvot on painettu savelle kopiopainotekniikalla.<\/p>\n<div id=\"attachment_477\" style=\"width: 310px\" class=\"wp-caption alignnone\"><a href=\"http:\/\/www.ainojaaskelainen.com\/wp-content\/uploads\/2017\/09\/HTS50kvitettitilakuvaanet.jpg\"><img loading=\"lazy\" decoding=\"async\" aria-describedby=\"caption-attachment-477\" class=\"wp-image-477 size-medium\" src=\"http:\/\/www.ainojaaskelainen.com\/wp-content\/uploads\/2017\/09\/HTS50kvitettitilakuvaanet-300x188.jpg\" alt=\"\" height=\"188\" width=\"300\" srcset=\"https:\/\/www.ainojaaskelainen.com\/wp-content\/uploads\/2017\/09\/HTS50kvitettitilakuvaanet-300x188.jpg 300w, https:\/\/www.ainojaaskelainen.com\/wp-content\/uploads\/2017\/09\/HTS50kvitettitilakuvaanet-768x482.jpg 768w, https:\/\/www.ainojaaskelainen.com\/wp-content\/uploads\/2017\/09\/HTS50kvitettitilakuvaanet-1024x643.jpg 1024w, https:\/\/www.ainojaaskelainen.com\/wp-content\/uploads\/2017\/09\/HTS50kvitettitilakuvaanet-624x392.jpg 624w, https:\/\/www.ainojaaskelainen.com\/wp-content\/uploads\/2017\/09\/HTS50kvitettitilakuvaanet.jpg 1102w\" sizes=\"auto, (max-width: 300px) 100vw, 300px\" \/><\/a><p id=\"caption-attachment-477\" class=\"wp-caption-text\">Katoavat ja kauniit muotoutui t\u00e4m\u00e4n n\u00e4k\u00f6iseksi Kvintetiss\u00e4<\/p><\/div>\n<p>Opetan kyseist\u00e4 tekniikkaa Keramiikkakeskus Septariassa, Kaapelitehtaalla.<a href=\"https:\/\/www.septaria.fi\/KERAMIIKKAKURSSIT\"> Seuraava kurssi on marraskuussa<\/a>. Septaria on my\u00f6s maahantuoja Kerasilin kauppa, joten sielt\u00e4 saa kaiken mit\u00e4 keramiikan tekemiseen tarvitsee.<\/p>\n<p><img loading=\"lazy\" decoding=\"async\" class=\"alignnone size-medium wp-image-474\" style=\"font-size: 1rem;\" src=\"http:\/\/www.ainojaaskelainen.com\/wp-content\/uploads\/2017\/09\/septaria-tyo\u0308skentelya\u0308blogiinpaperinnosto-300x174.jpg\" alt=\"\" height=\"174\" width=\"300\" srcset=\"https:\/\/www.ainojaaskelainen.com\/wp-content\/uploads\/2017\/09\/septaria-tyo\u0308skentelya\u0308blogiinpaperinnosto-300x174.jpg 300w, https:\/\/www.ainojaaskelainen.com\/wp-content\/uploads\/2017\/09\/septaria-tyo\u0308skentelya\u0308blogiinpaperinnosto-768x446.jpg 768w, https:\/\/www.ainojaaskelainen.com\/wp-content\/uploads\/2017\/09\/septaria-tyo\u0308skentelya\u0308blogiinpaperinnosto-624x363.jpg 624w, https:\/\/www.ainojaaskelainen.com\/wp-content\/uploads\/2017\/09\/septaria-tyo\u0308skentelya\u0308blogiinpaperinnosto.jpg 850w\" sizes=\"auto, (max-width: 300px) 100vw, 300px\" \/><\/p>\n<p>Septariassa&nbsp;<span style=\"font-size: 1rem;\">on monituolinen kurssitarjonta ja k<\/span>eramiinkan harrastaja tai ammattilainen voi vuokrata Paja-aikaa ja ty\u00f6skennell\u00e4 itsen\u00e4isesti Septarian tiloissa. Siell\u00e4 on paljon muitakin tekij\u00f6it\u00e4, joten seuraa kaipaavat sinne! Min\u00e4 ajattelin syksymm\u00e4ll\u00e4 kokeilla milt\u00e4 Pajassa ty\u00f6skentely tuntuu.<\/p>\n<p><a href=\"http:\/\/www.ainojaaskelainen.com\/wp-content\/uploads\/2017\/09\/kopiopainontekoa.jpg\"><img loading=\"lazy\" decoding=\"async\" class=\"alignnone size-medium wp-image-473\" src=\"http:\/\/www.ainojaaskelainen.com\/wp-content\/uploads\/2017\/09\/kopiopainontekoa-300x194.jpg\" alt=\"\" height=\"194\" width=\"300\" srcset=\"https:\/\/www.ainojaaskelainen.com\/wp-content\/uploads\/2017\/09\/kopiopainontekoa-300x194.jpg 300w, https:\/\/www.ainojaaskelainen.com\/wp-content\/uploads\/2017\/09\/kopiopainontekoa-768x496.jpg 768w, https:\/\/www.ainojaaskelainen.com\/wp-content\/uploads\/2017\/09\/kopiopainontekoa-1024x662.jpg 1024w, https:\/\/www.ainojaaskelainen.com\/wp-content\/uploads\/2017\/09\/kopiopainontekoa-624x403.jpg 624w, https:\/\/www.ainojaaskelainen.com\/wp-content\/uploads\/2017\/09\/kopiopainontekoa.jpg 1134w\" sizes=\"auto, (max-width: 300px) 100vw, 300px\" \/><\/a><\/p>\n<p>&nbsp;<\/p>\n<p>Lopuksi muistutus:<\/p>\n<p>Jatkuvuus ja Katoavaisuus \u2013 Helsingin Taiteilija<span style=\"font-size: 1rem;\">seuran j\u00e4senten jurytetty n\u00e4yttelykokonaisuus Malmitalon galleriassa, aulassa ja parvella 31.8.-23.9.2017 ja Kanneltalon galleriassa 8.9.-30.9.2017.<\/span><\/p>\n<p>PS. Kanneltalon avajaiset on to 7.9 kello 17-19 TERVETULOA!<\/p>\n","protected":false},"excerpt":{"rendered":"<p>Helsingin taiteilijaseura t\u00e4ytt\u00e4\u00e4 50 vuotta.&nbsp;Juhlavuoden kunniaksi HTS j\u00e4rjest\u00e4\u00e4 useamman n\u00e4yttelyn.&nbsp; Osallistun Kanneltalon \u201dKatoavaisuus\u201d n\u00e4yttelyyn teoksella \u201dKatoavat ja kauniit\u201d. Teos on iso sein\u00e4\u00e4n installoitava kokoelma keraamisia kasvoja. Kasvot on painettu savelle kopiopainotekniikalla. Opetan kyseist\u00e4 tekniikkaa Keramiikkakeskus Septariassa, Kaapelitehtaalla. Seuraava kurssi on marraskuussa. Septaria on my\u00f6s maahantuoja Kerasilin kauppa, joten sielt\u00e4 saa kaiken mit\u00e4 keramiikan tekemiseen tarvitsee. [&hellip;]<\/p>\n","protected":false},"author":1,"featured_media":0,"comment_status":"open","ping_status":"closed","sticky":false,"template":"","format":"standard","meta":{"ngg_post_thumbnail":0,"footnotes":""},"categories":[11,3,9],"tags":[],"class_list":["post-471","post","type-post","status-publish","format-standard","hentry","category-kerasil","category-nayttelyt","category-ryhmanayttelyt"],"yoast_head":"<!-- This site is optimized with the Yoast SEO plugin v27.5 - https:\/\/yoast.com\/product\/yoast-seo-wordpress\/ -->\n<title>Suomi t\u00e4ytt\u00e4\u00e4 100 vuotta ja Helsingin Taitelijaseura t\u00e4ytt\u00e4\u00e4 50 vuotta! - Kuvataiteilija Aino J\u00e4\u00e4skel\u00e4inen<\/title>\n<meta name=\"robots\" content=\"index, follow, max-snippet:-1, max-image-preview:large, max-video-preview:-1\" \/>\n<link rel=\"canonical\" href=\"https:\/\/www.ainojaaskelainen.com\/?p=471\" \/>\n<meta property=\"og:locale\" content=\"fi_FI\" \/>\n<meta property=\"og:type\" content=\"article\" \/>\n<meta property=\"og:title\" content=\"Suomi t\u00e4ytt\u00e4\u00e4 100 vuotta ja Helsingin Taitelijaseura t\u00e4ytt\u00e4\u00e4 50 vuotta! - Kuvataiteilija Aino J\u00e4\u00e4skel\u00e4inen\" \/>\n<meta property=\"og:description\" content=\"Helsingin taiteilijaseura t\u00e4ytt\u00e4\u00e4 50 vuotta.&nbsp;Juhlavuoden kunniaksi HTS j\u00e4rjest\u00e4\u00e4 useamman n\u00e4yttelyn.&nbsp; Osallistun Kanneltalon \u201dKatoavaisuus\u201d n\u00e4yttelyyn teoksella \u201dKatoavat ja kauniit\u201d. Teos on iso sein\u00e4\u00e4n installoitava kokoelma keraamisia kasvoja. Kasvot on painettu savelle kopiopainotekniikalla. Opetan kyseist\u00e4 tekniikkaa Keramiikkakeskus Septariassa, Kaapelitehtaalla. Seuraava kurssi on marraskuussa. Septaria on my\u00f6s maahantuoja Kerasilin kauppa, joten sielt\u00e4 saa kaiken mit\u00e4 keramiikan tekemiseen tarvitsee. [&hellip;]\" \/>\n<meta property=\"og:url\" content=\"https:\/\/www.ainojaaskelainen.com\/?p=471\" \/>\n<meta property=\"og:site_name\" content=\"Kuvataiteilija Aino J\u00e4\u00e4skel\u00e4inen\" \/>\n<meta property=\"article:publisher\" content=\"https:\/\/www.facebook.com\/ainojaaskelainentaidegraafikko\/\" \/>\n<meta property=\"article:published_time\" content=\"2017-09-01T05:27:43+00:00\" \/>\n<meta property=\"article:modified_time\" content=\"2017-09-29T13:53:51+00:00\" \/>\n<meta property=\"og:image\" content=\"http:\/\/www.ainojaaskelainen.com\/wp-content\/uploads\/2017\/09\/HTS50kvitettitilakuvaanet-300x188.jpg\" \/>\n<meta name=\"author\" content=\"lauri\" \/>\n<meta name=\"twitter:card\" content=\"summary_large_image\" \/>\n<meta name=\"twitter:label1\" content=\"Kirjoittanut\" \/>\n\t<meta name=\"twitter:data1\" content=\"lauri\" \/>\n\t<meta name=\"twitter:label2\" content=\"Arvioitu lukuaika\" \/>\n\t<meta name=\"twitter:data2\" content=\"1 minuutti\" \/>\n<script type=\"application\/ld+json\" class=\"yoast-schema-graph\">{\"@context\":\"https:\\\/\\\/schema.org\",\"@graph\":[{\"@type\":\"Article\",\"@id\":\"https:\\\/\\\/www.ainojaaskelainen.com\\\/?p=471#article\",\"isPartOf\":{\"@id\":\"https:\\\/\\\/www.ainojaaskelainen.com\\\/?p=471\"},\"author\":{\"name\":\"lauri\",\"@id\":\"https:\\\/\\\/www.ainojaaskelainen.com\\\/#\\\/schema\\\/person\\\/5de3f06d8bc849361e2df771dac39724\"},\"headline\":\"Suomi t\u00e4ytt\u00e4\u00e4 100 vuotta ja Helsingin Taitelijaseura t\u00e4ytt\u00e4\u00e4 50 vuotta!\",\"datePublished\":\"2017-09-01T05:27:43+00:00\",\"dateModified\":\"2017-09-29T13:53:51+00:00\",\"mainEntityOfPage\":{\"@id\":\"https:\\\/\\\/www.ainojaaskelainen.com\\\/?p=471\"},\"wordCount\":162,\"commentCount\":0,\"image\":{\"@id\":\"https:\\\/\\\/www.ainojaaskelainen.com\\\/?p=471#primaryimage\"},\"thumbnailUrl\":\"http:\\\/\\\/www.ainojaaskelainen.com\\\/wp-content\\\/uploads\\\/2017\\\/09\\\/HTS50kvitettitilakuvaanet-300x188.jpg\",\"articleSection\":[\"kerasil\",\"n\u00e4yttelyt\",\"Ryhm\u00e4n\u00e4yttelyt\"],\"inLanguage\":\"fi\",\"potentialAction\":[{\"@type\":\"CommentAction\",\"name\":\"Comment\",\"target\":[\"https:\\\/\\\/www.ainojaaskelainen.com\\\/?p=471#respond\"]}]},{\"@type\":\"WebPage\",\"@id\":\"https:\\\/\\\/www.ainojaaskelainen.com\\\/?p=471\",\"url\":\"https:\\\/\\\/www.ainojaaskelainen.com\\\/?p=471\",\"name\":\"Suomi t\u00e4ytt\u00e4\u00e4 100 vuotta ja Helsingin Taitelijaseura t\u00e4ytt\u00e4\u00e4 50 vuotta! - Kuvataiteilija Aino J\u00e4\u00e4skel\u00e4inen\",\"isPartOf\":{\"@id\":\"https:\\\/\\\/www.ainojaaskelainen.com\\\/#website\"},\"primaryImageOfPage\":{\"@id\":\"https:\\\/\\\/www.ainojaaskelainen.com\\\/?p=471#primaryimage\"},\"image\":{\"@id\":\"https:\\\/\\\/www.ainojaaskelainen.com\\\/?p=471#primaryimage\"},\"thumbnailUrl\":\"http:\\\/\\\/www.ainojaaskelainen.com\\\/wp-content\\\/uploads\\\/2017\\\/09\\\/HTS50kvitettitilakuvaanet-300x188.jpg\",\"datePublished\":\"2017-09-01T05:27:43+00:00\",\"dateModified\":\"2017-09-29T13:53:51+00:00\",\"author\":{\"@id\":\"https:\\\/\\\/www.ainojaaskelainen.com\\\/#\\\/schema\\\/person\\\/5de3f06d8bc849361e2df771dac39724\"},\"breadcrumb\":{\"@id\":\"https:\\\/\\\/www.ainojaaskelainen.com\\\/?p=471#breadcrumb\"},\"inLanguage\":\"fi\",\"potentialAction\":[{\"@type\":\"ReadAction\",\"target\":[\"https:\\\/\\\/www.ainojaaskelainen.com\\\/?p=471\"]}]},{\"@type\":\"ImageObject\",\"inLanguage\":\"fi\",\"@id\":\"https:\\\/\\\/www.ainojaaskelainen.com\\\/?p=471#primaryimage\",\"url\":\"https:\\\/\\\/www.ainojaaskelainen.com\\\/wp-content\\\/uploads\\\/2017\\\/09\\\/HTS50kvitettitilakuvaanet.jpg\",\"contentUrl\":\"https:\\\/\\\/www.ainojaaskelainen.com\\\/wp-content\\\/uploads\\\/2017\\\/09\\\/HTS50kvitettitilakuvaanet.jpg\",\"width\":1102,\"height\":692},{\"@type\":\"BreadcrumbList\",\"@id\":\"https:\\\/\\\/www.ainojaaskelainen.com\\\/?p=471#breadcrumb\",\"itemListElement\":[{\"@type\":\"ListItem\",\"position\":1,\"name\":\"Etusivu\",\"item\":\"https:\\\/\\\/www.ainojaaskelainen.com\\\/\"},{\"@type\":\"ListItem\",\"position\":2,\"name\":\"Suomi t\u00e4ytt\u00e4\u00e4 100 vuotta ja Helsingin Taitelijaseura t\u00e4ytt\u00e4\u00e4 50 vuotta!\"}]},{\"@type\":\"WebSite\",\"@id\":\"https:\\\/\\\/www.ainojaaskelainen.com\\\/#website\",\"url\":\"https:\\\/\\\/www.ainojaaskelainen.com\\\/\",\"name\":\"Kuvataiteilija Aino J\u00e4\u00e4skel\u00e4inen\",\"description\":\"\",\"potentialAction\":[{\"@type\":\"SearchAction\",\"target\":{\"@type\":\"EntryPoint\",\"urlTemplate\":\"https:\\\/\\\/www.ainojaaskelainen.com\\\/?s={search_term_string}\"},\"query-input\":{\"@type\":\"PropertyValueSpecification\",\"valueRequired\":true,\"valueName\":\"search_term_string\"}}],\"inLanguage\":\"fi\"},{\"@type\":\"Person\",\"@id\":\"https:\\\/\\\/www.ainojaaskelainen.com\\\/#\\\/schema\\\/person\\\/5de3f06d8bc849361e2df771dac39724\",\"name\":\"lauri\",\"image\":{\"@type\":\"ImageObject\",\"inLanguage\":\"fi\",\"@id\":\"https:\\\/\\\/secure.gravatar.com\\\/avatar\\\/d90c290269aeffca0587c02eaf0f689e2f10d1e8c2b8cc64cbc0eec3c4340272?s=96&d=mm&r=g\",\"url\":\"https:\\\/\\\/secure.gravatar.com\\\/avatar\\\/d90c290269aeffca0587c02eaf0f689e2f10d1e8c2b8cc64cbc0eec3c4340272?s=96&d=mm&r=g\",\"contentUrl\":\"https:\\\/\\\/secure.gravatar.com\\\/avatar\\\/d90c290269aeffca0587c02eaf0f689e2f10d1e8c2b8cc64cbc0eec3c4340272?s=96&d=mm&r=g\",\"caption\":\"lauri\"}}]}<\/script>\n<!-- \/ Yoast SEO plugin. -->","yoast_head_json":{"title":"Suomi t\u00e4ytt\u00e4\u00e4 100 vuotta ja Helsingin Taitelijaseura t\u00e4ytt\u00e4\u00e4 50 vuotta! - Kuvataiteilija Aino J\u00e4\u00e4skel\u00e4inen","robots":{"index":"index","follow":"follow","max-snippet":"max-snippet:-1","max-image-preview":"max-image-preview:large","max-video-preview":"max-video-preview:-1"},"canonical":"https:\/\/www.ainojaaskelainen.com\/?p=471","og_locale":"fi_FI","og_type":"article","og_title":"Suomi t\u00e4ytt\u00e4\u00e4 100 vuotta ja Helsingin Taitelijaseura t\u00e4ytt\u00e4\u00e4 50 vuotta! - Kuvataiteilija Aino J\u00e4\u00e4skel\u00e4inen","og_description":"Helsingin taiteilijaseura t\u00e4ytt\u00e4\u00e4 50 vuotta.&nbsp;Juhlavuoden kunniaksi HTS j\u00e4rjest\u00e4\u00e4 useamman n\u00e4yttelyn.&nbsp; Osallistun Kanneltalon \u201dKatoavaisuus\u201d n\u00e4yttelyyn teoksella \u201dKatoavat ja kauniit\u201d. Teos on iso sein\u00e4\u00e4n installoitava kokoelma keraamisia kasvoja. Kasvot on painettu savelle kopiopainotekniikalla. Opetan kyseist\u00e4 tekniikkaa Keramiikkakeskus Septariassa, Kaapelitehtaalla. Seuraava kurssi on marraskuussa. Septaria on my\u00f6s maahantuoja Kerasilin kauppa, joten sielt\u00e4 saa kaiken mit\u00e4 keramiikan tekemiseen tarvitsee. [&hellip;]","og_url":"https:\/\/www.ainojaaskelainen.com\/?p=471","og_site_name":"Kuvataiteilija Aino J\u00e4\u00e4skel\u00e4inen","article_publisher":"https:\/\/www.facebook.com\/ainojaaskelainentaidegraafikko\/","article_published_time":"2017-09-01T05:27:43+00:00","article_modified_time":"2017-09-29T13:53:51+00:00","og_image":[{"url":"http:\/\/www.ainojaaskelainen.com\/wp-content\/uploads\/2017\/09\/HTS50kvitettitilakuvaanet-300x188.jpg","type":"","width":"","height":""}],"author":"lauri","twitter_card":"summary_large_image","twitter_misc":{"Kirjoittanut":"lauri","Arvioitu lukuaika":"1 minuutti"},"schema":{"@context":"https:\/\/schema.org","@graph":[{"@type":"Article","@id":"https:\/\/www.ainojaaskelainen.com\/?p=471#article","isPartOf":{"@id":"https:\/\/www.ainojaaskelainen.com\/?p=471"},"author":{"name":"lauri","@id":"https:\/\/www.ainojaaskelainen.com\/#\/schema\/person\/5de3f06d8bc849361e2df771dac39724"},"headline":"Suomi t\u00e4ytt\u00e4\u00e4 100 vuotta ja Helsingin Taitelijaseura t\u00e4ytt\u00e4\u00e4 50 vuotta!","datePublished":"2017-09-01T05:27:43+00:00","dateModified":"2017-09-29T13:53:51+00:00","mainEntityOfPage":{"@id":"https:\/\/www.ainojaaskelainen.com\/?p=471"},"wordCount":162,"commentCount":0,"image":{"@id":"https:\/\/www.ainojaaskelainen.com\/?p=471#primaryimage"},"thumbnailUrl":"http:\/\/www.ainojaaskelainen.com\/wp-content\/uploads\/2017\/09\/HTS50kvitettitilakuvaanet-300x188.jpg","articleSection":["kerasil","n\u00e4yttelyt","Ryhm\u00e4n\u00e4yttelyt"],"inLanguage":"fi","potentialAction":[{"@type":"CommentAction","name":"Comment","target":["https:\/\/www.ainojaaskelainen.com\/?p=471#respond"]}]},{"@type":"WebPage","@id":"https:\/\/www.ainojaaskelainen.com\/?p=471","url":"https:\/\/www.ainojaaskelainen.com\/?p=471","name":"Suomi t\u00e4ytt\u00e4\u00e4 100 vuotta ja Helsingin Taitelijaseura t\u00e4ytt\u00e4\u00e4 50 vuotta! - Kuvataiteilija Aino J\u00e4\u00e4skel\u00e4inen","isPartOf":{"@id":"https:\/\/www.ainojaaskelainen.com\/#website"},"primaryImageOfPage":{"@id":"https:\/\/www.ainojaaskelainen.com\/?p=471#primaryimage"},"image":{"@id":"https:\/\/www.ainojaaskelainen.com\/?p=471#primaryimage"},"thumbnailUrl":"http:\/\/www.ainojaaskelainen.com\/wp-content\/uploads\/2017\/09\/HTS50kvitettitilakuvaanet-300x188.jpg","datePublished":"2017-09-01T05:27:43+00:00","dateModified":"2017-09-29T13:53:51+00:00","author":{"@id":"https:\/\/www.ainojaaskelainen.com\/#\/schema\/person\/5de3f06d8bc849361e2df771dac39724"},"breadcrumb":{"@id":"https:\/\/www.ainojaaskelainen.com\/?p=471#breadcrumb"},"inLanguage":"fi","potentialAction":[{"@type":"ReadAction","target":["https:\/\/www.ainojaaskelainen.com\/?p=471"]}]},{"@type":"ImageObject","inLanguage":"fi","@id":"https:\/\/www.ainojaaskelainen.com\/?p=471#primaryimage","url":"https:\/\/www.ainojaaskelainen.com\/wp-content\/uploads\/2017\/09\/HTS50kvitettitilakuvaanet.jpg","contentUrl":"https:\/\/www.ainojaaskelainen.com\/wp-content\/uploads\/2017\/09\/HTS50kvitettitilakuvaanet.jpg","width":1102,"height":692},{"@type":"BreadcrumbList","@id":"https:\/\/www.ainojaaskelainen.com\/?p=471#breadcrumb","itemListElement":[{"@type":"ListItem","position":1,"name":"Etusivu","item":"https:\/\/www.ainojaaskelainen.com\/"},{"@type":"ListItem","position":2,"name":"Suomi t\u00e4ytt\u00e4\u00e4 100 vuotta ja Helsingin Taitelijaseura t\u00e4ytt\u00e4\u00e4 50 vuotta!"}]},{"@type":"WebSite","@id":"https:\/\/www.ainojaaskelainen.com\/#website","url":"https:\/\/www.ainojaaskelainen.com\/","name":"Kuvataiteilija Aino J\u00e4\u00e4skel\u00e4inen","description":"","potentialAction":[{"@type":"SearchAction","target":{"@type":"EntryPoint","urlTemplate":"https:\/\/www.ainojaaskelainen.com\/?s={search_term_string}"},"query-input":{"@type":"PropertyValueSpecification","valueRequired":true,"valueName":"search_term_string"}}],"inLanguage":"fi"},{"@type":"Person","@id":"https:\/\/www.ainojaaskelainen.com\/#\/schema\/person\/5de3f06d8bc849361e2df771dac39724","name":"lauri","image":{"@type":"ImageObject","inLanguage":"fi","@id":"https:\/\/secure.gravatar.com\/avatar\/d90c290269aeffca0587c02eaf0f689e2f10d1e8c2b8cc64cbc0eec3c4340272?s=96&d=mm&r=g","url":"https:\/\/secure.gravatar.com\/avatar\/d90c290269aeffca0587c02eaf0f689e2f10d1e8c2b8cc64cbc0eec3c4340272?s=96&d=mm&r=g","contentUrl":"https:\/\/secure.gravatar.com\/avatar\/d90c290269aeffca0587c02eaf0f689e2f10d1e8c2b8cc64cbc0eec3c4340272?s=96&d=mm&r=g","caption":"lauri"}}]}},"_links":{"self":[{"href":"https:\/\/www.ainojaaskelainen.com\/index.php?rest_route=\/wp\/v2\/posts\/471","targetHints":{"allow":["GET"]}}],"collection":[{"href":"https:\/\/www.ainojaaskelainen.com\/index.php?rest_route=\/wp\/v2\/posts"}],"about":[{"href":"https:\/\/www.ainojaaskelainen.com\/index.php?rest_route=\/wp\/v2\/types\/post"}],"author":[{"embeddable":true,"href":"https:\/\/www.ainojaaskelainen.com\/index.php?rest_route=\/wp\/v2\/users\/1"}],"replies":[{"embeddable":true,"href":"https:\/\/www.ainojaaskelainen.com\/index.php?rest_route=%2Fwp%2Fv2%2Fcomments&post=471"}],"version-history":[{"count":3,"href":"https:\/\/www.ainojaaskelainen.com\/index.php?rest_route=\/wp\/v2\/posts\/471\/revisions"}],"predecessor-version":[{"id":479,"href":"https:\/\/www.ainojaaskelainen.com\/index.php?rest_route=\/wp\/v2\/posts\/471\/revisions\/479"}],"wp:attachment":[{"href":"https:\/\/www.ainojaaskelainen.com\/index.php?rest_route=%2Fwp%2Fv2%2Fmedia&parent=471"}],"wp:term":[{"taxonomy":"category","embeddable":true,"href":"https:\/\/www.ainojaaskelainen.com\/index.php?rest_route=%2Fwp%2Fv2%2Fcategories&post=471"},{"taxonomy":"post_tag","embeddable":true,"href":"https:\/\/www.ainojaaskelainen.com\/index.php?rest_route=%2Fwp%2Fv2%2Ftags&post=471"}],"curies":[{"name":"wp","href":"https:\/\/api.w.org\/{rel}","templated":true}]}}