{"id":309,"date":"2017-06-05T16:47:19","date_gmt":"2017-06-05T14:47:19","guid":{"rendered":"http:\/\/www.ainojaaskelainen.com\/?p=309"},"modified":"2017-06-06T19:37:05","modified_gmt":"2017-06-06T17:37:05","slug":"309","status":"publish","type":"post","link":"https:\/\/www.ainojaaskelainen.com\/?p=309","title":{"rendered":"Kes\u00e4n\u00e4yttelyit\u00e4!"},"content":{"rendered":"<p>Kes\u00e4 on taas t\u00e4\u00e4ll\u00e4 ja kes\u00e4 on kes\u00e4n\u00e4yttelyiden aikaa!<br \/>\nOlen kes\u00e4kuun ajan <a href=\"http:\/\/helsingintaiteilijaseura.fi\/taidelainaus\/\">Helsingin Taiteilijaseuran<\/a> &#8217;Taidelainaamon taiteilija&#8217;.<br \/>\nPienen n\u00e4yttelykokonaisuuden nimi on \u201cKes\u00e4n valoa\u201d.<\/p>\n<p><a href=\"http:\/\/www.ainojaaskelainen.com\/wp-content\/uploads\/2017\/06\/vain-pieni-saari.jpg\"><img loading=\"lazy\" decoding=\"async\" class=\"alignnone size-medium wp-image-310\" src=\"http:\/\/www.ainojaaskelainen.com\/wp-content\/uploads\/2017\/06\/vain-pieni-saari-300x279.jpg\" alt=\"\" height=\"279\" width=\"300\" srcset=\"https:\/\/www.ainojaaskelainen.com\/wp-content\/uploads\/2017\/06\/vain-pieni-saari-300x279.jpg 300w, https:\/\/www.ainojaaskelainen.com\/wp-content\/uploads\/2017\/06\/vain-pieni-saari-768x714.jpg 768w, https:\/\/www.ainojaaskelainen.com\/wp-content\/uploads\/2017\/06\/vain-pieni-saari-1024x952.jpg 1024w, https:\/\/www.ainojaaskelainen.com\/wp-content\/uploads\/2017\/06\/vain-pieni-saari-624x580.jpg 624w, https:\/\/www.ainojaaskelainen.com\/wp-content\/uploads\/2017\/06\/vain-pieni-saari.jpg 1270w\" sizes=\"auto, (max-width: 300px) 100vw, 300px\" \/><\/a><\/p>\n<p><img loading=\"lazy\" decoding=\"async\" class=\"alignnone size-medium wp-image-311\" src=\"http:\/\/www.ainojaaskelainen.com\/wp-content\/uploads\/2017\/06\/J\u00e4\u00e4skel\u00e4inen-Aino_eKutsu-300x211.jpg\" alt=\"\" height=\"211\" width=\"300\" srcset=\"https:\/\/www.ainojaaskelainen.com\/wp-content\/uploads\/2017\/06\/J\u00e4\u00e4skel\u00e4inen-Aino_eKutsu-300x211.jpg 300w, https:\/\/www.ainojaaskelainen.com\/wp-content\/uploads\/2017\/06\/J\u00e4\u00e4skel\u00e4inen-Aino_eKutsu-768x541.jpg 768w, https:\/\/www.ainojaaskelainen.com\/wp-content\/uploads\/2017\/06\/J\u00e4\u00e4skel\u00e4inen-Aino_eKutsu-624x440.jpg 624w, https:\/\/www.ainojaaskelainen.com\/wp-content\/uploads\/2017\/06\/J\u00e4\u00e4skel\u00e4inen-Aino_eKutsu.jpg 827w\" sizes=\"auto, (max-width: 300px) 100vw, 300px\" \/><\/p>\n<p>Hein\u00e4kuussa aukeaa Galleria G:ss\u00e4 Summer Prints myyntin\u00e4yttely, jossa minulla on teoksia.<\/p>\n<p><a href=\"http:\/\/www.ainojaaskelainen.com\/wp-content\/uploads\/2017\/06\/laguuni-hamyssa.jpg\"><img loading=\"lazy\" decoding=\"async\" class=\"alignnone size-medium wp-image-312\" src=\"http:\/\/www.ainojaaskelainen.com\/wp-content\/uploads\/2017\/06\/laguuni-hamyssa-300x231.jpg\" alt=\"\" height=\"231\" width=\"300\" srcset=\"https:\/\/www.ainojaaskelainen.com\/wp-content\/uploads\/2017\/06\/laguuni-hamyssa-300x231.jpg 300w, https:\/\/www.ainojaaskelainen.com\/wp-content\/uploads\/2017\/06\/laguuni-hamyssa-768x592.jpg 768w, https:\/\/www.ainojaaskelainen.com\/wp-content\/uploads\/2017\/06\/laguuni-hamyssa-624x481.jpg 624w, https:\/\/www.ainojaaskelainen.com\/wp-content\/uploads\/2017\/06\/laguuni-hamyssa.jpg 850w\" sizes=\"auto, (max-width: 300px) 100vw, 300px\" \/><\/a><\/p>\n<p><a href=\"http:\/\/www.ainojaaskelainen.com\/wp-content\/uploads\/2017\/06\/Lintu-ja-koivu-illan-tullen.jpg\"><img loading=\"lazy\" decoding=\"async\" class=\"alignnone size-medium wp-image-313\" src=\"http:\/\/www.ainojaaskelainen.com\/wp-content\/uploads\/2017\/06\/Lintu-ja-koivu-illan-tullen-204x300.jpg\" alt=\"\" height=\"300\" width=\"204\" srcset=\"https:\/\/www.ainojaaskelainen.com\/wp-content\/uploads\/2017\/06\/Lintu-ja-koivu-illan-tullen-204x300.jpg 204w, https:\/\/www.ainojaaskelainen.com\/wp-content\/uploads\/2017\/06\/Lintu-ja-koivu-illan-tullen-768x1130.jpg 768w, https:\/\/www.ainojaaskelainen.com\/wp-content\/uploads\/2017\/06\/Lintu-ja-koivu-illan-tullen-696x1024.jpg 696w, https:\/\/www.ainojaaskelainen.com\/wp-content\/uploads\/2017\/06\/Lintu-ja-koivu-illan-tullen-624x918.jpg 624w, https:\/\/www.ainojaaskelainen.com\/wp-content\/uploads\/2017\/06\/Lintu-ja-koivu-illan-tullen.jpg 963w\" sizes=\"auto, (max-width: 204px) 100vw, 204px\" \/><\/a><\/p>\n<p><a href=\"http:\/\/www.taidelainaamo.fi\/\">Taidelainaamo<\/a> on Rikhardinkadun kirjaston yhteydess\u00e4 ja <a href=\"https:\/\/www.taidegraafikot.fi\/nayttelyt\/\">Galleria G<\/a> sijaitsee Pienen Roobertinkadun ja Korkeavuorenkadun risteyksess\u00e4.<\/p>\n","protected":false},"excerpt":{"rendered":"<p>Kes\u00e4 on taas t\u00e4\u00e4ll\u00e4 ja kes\u00e4 on kes\u00e4n\u00e4yttelyiden aikaa! Olen kes\u00e4kuun ajan Helsingin Taiteilijaseuran &#8217;Taidelainaamon taiteilija&#8217;. Pienen n\u00e4yttelykokonaisuuden nimi on \u201cKes\u00e4n valoa\u201d. Hein\u00e4kuussa aukeaa Galleria G:ss\u00e4 Summer Prints myyntin\u00e4yttely, jossa minulla on teoksia. Taidelainaamo on Rikhardinkadun kirjaston yhteydess\u00e4 ja Galleria G sijaitsee Pienen Roobertinkadun ja Korkeavuorenkadun risteyksess\u00e4.<\/p>\n","protected":false},"author":1,"featured_media":0,"comment_status":"open","ping_status":"closed","sticky":false,"template":"","format":"standard","meta":{"ngg_post_thumbnail":0,"footnotes":""},"categories":[5,6,10],"tags":[],"class_list":["post-309","post","type-post","status-publish","format-standard","hentry","category-galleria-g","category-summer-prints","category-teosvalitys"],"yoast_head":"<!-- This site is optimized with the Yoast SEO plugin v27.5 - https:\/\/yoast.com\/product\/yoast-seo-wordpress\/ -->\n<title>Kes\u00e4n\u00e4yttelyit\u00e4! - Kuvataiteilija Aino J\u00e4\u00e4skel\u00e4inen<\/title>\n<meta name=\"robots\" content=\"index, follow, max-snippet:-1, max-image-preview:large, max-video-preview:-1\" \/>\n<link rel=\"canonical\" href=\"https:\/\/www.ainojaaskelainen.com\/?p=309\" \/>\n<meta property=\"og:locale\" content=\"fi_FI\" \/>\n<meta property=\"og:type\" content=\"article\" \/>\n<meta property=\"og:title\" content=\"Kes\u00e4n\u00e4yttelyit\u00e4! - Kuvataiteilija Aino J\u00e4\u00e4skel\u00e4inen\" \/>\n<meta property=\"og:description\" content=\"Kes\u00e4 on taas t\u00e4\u00e4ll\u00e4 ja kes\u00e4 on kes\u00e4n\u00e4yttelyiden aikaa! Olen kes\u00e4kuun ajan Helsingin Taiteilijaseuran &#8217;Taidelainaamon taiteilija&#8217;. Pienen n\u00e4yttelykokonaisuuden nimi on \u201cKes\u00e4n valoa\u201d. Hein\u00e4kuussa aukeaa Galleria G:ss\u00e4 Summer Prints myyntin\u00e4yttely, jossa minulla on teoksia. Taidelainaamo on Rikhardinkadun kirjaston yhteydess\u00e4 ja Galleria G sijaitsee Pienen Roobertinkadun ja Korkeavuorenkadun risteyksess\u00e4.\" \/>\n<meta property=\"og:url\" content=\"https:\/\/www.ainojaaskelainen.com\/?p=309\" \/>\n<meta property=\"og:site_name\" content=\"Kuvataiteilija Aino J\u00e4\u00e4skel\u00e4inen\" \/>\n<meta property=\"article:publisher\" content=\"https:\/\/www.facebook.com\/ainojaaskelainentaidegraafikko\/\" \/>\n<meta property=\"article:published_time\" content=\"2017-06-05T14:47:19+00:00\" \/>\n<meta property=\"article:modified_time\" content=\"2017-06-06T17:37:05+00:00\" \/>\n<meta property=\"og:image\" content=\"http:\/\/www.ainojaaskelainen.com\/wp-content\/uploads\/2017\/06\/vain-pieni-saari-300x279.jpg\" \/>\n<meta name=\"author\" content=\"lauri\" \/>\n<meta name=\"twitter:card\" content=\"summary_large_image\" \/>\n<meta name=\"twitter:label1\" content=\"Kirjoittanut\" \/>\n\t<meta name=\"twitter:data1\" content=\"lauri\" \/>\n<script type=\"application\/ld+json\" class=\"yoast-schema-graph\">{\"@context\":\"https:\\\/\\\/schema.org\",\"@graph\":[{\"@type\":\"Article\",\"@id\":\"https:\\\/\\\/www.ainojaaskelainen.com\\\/?p=309#article\",\"isPartOf\":{\"@id\":\"https:\\\/\\\/www.ainojaaskelainen.com\\\/?p=309\"},\"author\":{\"name\":\"lauri\",\"@id\":\"https:\\\/\\\/www.ainojaaskelainen.com\\\/#\\\/schema\\\/person\\\/5de3f06d8bc849361e2df771dac39724\"},\"headline\":\"Kes\u00e4n\u00e4yttelyit\u00e4!\",\"datePublished\":\"2017-06-05T14:47:19+00:00\",\"dateModified\":\"2017-06-06T17:37:05+00:00\",\"mainEntityOfPage\":{\"@id\":\"https:\\\/\\\/www.ainojaaskelainen.com\\\/?p=309\"},\"wordCount\":59,\"commentCount\":0,\"image\":{\"@id\":\"https:\\\/\\\/www.ainojaaskelainen.com\\\/?p=309#primaryimage\"},\"thumbnailUrl\":\"http:\\\/\\\/www.ainojaaskelainen.com\\\/wp-content\\\/uploads\\\/2017\\\/06\\\/vain-pieni-saari-300x279.jpg\",\"articleSection\":[\"galleria g\",\"summer prints\",\"Teosv\u00e4litys\"],\"inLanguage\":\"fi\",\"potentialAction\":[{\"@type\":\"CommentAction\",\"name\":\"Comment\",\"target\":[\"https:\\\/\\\/www.ainojaaskelainen.com\\\/?p=309#respond\"]}]},{\"@type\":\"WebPage\",\"@id\":\"https:\\\/\\\/www.ainojaaskelainen.com\\\/?p=309\",\"url\":\"https:\\\/\\\/www.ainojaaskelainen.com\\\/?p=309\",\"name\":\"Kes\u00e4n\u00e4yttelyit\u00e4! - Kuvataiteilija Aino J\u00e4\u00e4skel\u00e4inen\",\"isPartOf\":{\"@id\":\"https:\\\/\\\/www.ainojaaskelainen.com\\\/#website\"},\"primaryImageOfPage\":{\"@id\":\"https:\\\/\\\/www.ainojaaskelainen.com\\\/?p=309#primaryimage\"},\"image\":{\"@id\":\"https:\\\/\\\/www.ainojaaskelainen.com\\\/?p=309#primaryimage\"},\"thumbnailUrl\":\"http:\\\/\\\/www.ainojaaskelainen.com\\\/wp-content\\\/uploads\\\/2017\\\/06\\\/vain-pieni-saari-300x279.jpg\",\"datePublished\":\"2017-06-05T14:47:19+00:00\",\"dateModified\":\"2017-06-06T17:37:05+00:00\",\"author\":{\"@id\":\"https:\\\/\\\/www.ainojaaskelainen.com\\\/#\\\/schema\\\/person\\\/5de3f06d8bc849361e2df771dac39724\"},\"breadcrumb\":{\"@id\":\"https:\\\/\\\/www.ainojaaskelainen.com\\\/?p=309#breadcrumb\"},\"inLanguage\":\"fi\",\"potentialAction\":[{\"@type\":\"ReadAction\",\"target\":[\"https:\\\/\\\/www.ainojaaskelainen.com\\\/?p=309\"]}]},{\"@type\":\"ImageObject\",\"inLanguage\":\"fi\",\"@id\":\"https:\\\/\\\/www.ainojaaskelainen.com\\\/?p=309#primaryimage\",\"url\":\"https:\\\/\\\/www.ainojaaskelainen.com\\\/wp-content\\\/uploads\\\/2017\\\/06\\\/vain-pieni-saari.jpg\",\"contentUrl\":\"https:\\\/\\\/www.ainojaaskelainen.com\\\/wp-content\\\/uploads\\\/2017\\\/06\\\/vain-pieni-saari.jpg\",\"width\":1270,\"height\":1181},{\"@type\":\"BreadcrumbList\",\"@id\":\"https:\\\/\\\/www.ainojaaskelainen.com\\\/?p=309#breadcrumb\",\"itemListElement\":[{\"@type\":\"ListItem\",\"position\":1,\"name\":\"Etusivu\",\"item\":\"https:\\\/\\\/www.ainojaaskelainen.com\\\/\"},{\"@type\":\"ListItem\",\"position\":2,\"name\":\"Kes\u00e4n\u00e4yttelyit\u00e4!\"}]},{\"@type\":\"WebSite\",\"@id\":\"https:\\\/\\\/www.ainojaaskelainen.com\\\/#website\",\"url\":\"https:\\\/\\\/www.ainojaaskelainen.com\\\/\",\"name\":\"Kuvataiteilija Aino J\u00e4\u00e4skel\u00e4inen\",\"description\":\"\",\"potentialAction\":[{\"@type\":\"SearchAction\",\"target\":{\"@type\":\"EntryPoint\",\"urlTemplate\":\"https:\\\/\\\/www.ainojaaskelainen.com\\\/?s={search_term_string}\"},\"query-input\":{\"@type\":\"PropertyValueSpecification\",\"valueRequired\":true,\"valueName\":\"search_term_string\"}}],\"inLanguage\":\"fi\"},{\"@type\":\"Person\",\"@id\":\"https:\\\/\\\/www.ainojaaskelainen.com\\\/#\\\/schema\\\/person\\\/5de3f06d8bc849361e2df771dac39724\",\"name\":\"lauri\",\"image\":{\"@type\":\"ImageObject\",\"inLanguage\":\"fi\",\"@id\":\"https:\\\/\\\/secure.gravatar.com\\\/avatar\\\/d90c290269aeffca0587c02eaf0f689e2f10d1e8c2b8cc64cbc0eec3c4340272?s=96&d=mm&r=g\",\"url\":\"https:\\\/\\\/secure.gravatar.com\\\/avatar\\\/d90c290269aeffca0587c02eaf0f689e2f10d1e8c2b8cc64cbc0eec3c4340272?s=96&d=mm&r=g\",\"contentUrl\":\"https:\\\/\\\/secure.gravatar.com\\\/avatar\\\/d90c290269aeffca0587c02eaf0f689e2f10d1e8c2b8cc64cbc0eec3c4340272?s=96&d=mm&r=g\",\"caption\":\"lauri\"}}]}<\/script>\n<!-- \/ Yoast SEO plugin. -->","yoast_head_json":{"title":"Kes\u00e4n\u00e4yttelyit\u00e4! - Kuvataiteilija Aino J\u00e4\u00e4skel\u00e4inen","robots":{"index":"index","follow":"follow","max-snippet":"max-snippet:-1","max-image-preview":"max-image-preview:large","max-video-preview":"max-video-preview:-1"},"canonical":"https:\/\/www.ainojaaskelainen.com\/?p=309","og_locale":"fi_FI","og_type":"article","og_title":"Kes\u00e4n\u00e4yttelyit\u00e4! - Kuvataiteilija Aino J\u00e4\u00e4skel\u00e4inen","og_description":"Kes\u00e4 on taas t\u00e4\u00e4ll\u00e4 ja kes\u00e4 on kes\u00e4n\u00e4yttelyiden aikaa! Olen kes\u00e4kuun ajan Helsingin Taiteilijaseuran &#8217;Taidelainaamon taiteilija&#8217;. Pienen n\u00e4yttelykokonaisuuden nimi on \u201cKes\u00e4n valoa\u201d. Hein\u00e4kuussa aukeaa Galleria G:ss\u00e4 Summer Prints myyntin\u00e4yttely, jossa minulla on teoksia. Taidelainaamo on Rikhardinkadun kirjaston yhteydess\u00e4 ja Galleria G sijaitsee Pienen Roobertinkadun ja Korkeavuorenkadun risteyksess\u00e4.","og_url":"https:\/\/www.ainojaaskelainen.com\/?p=309","og_site_name":"Kuvataiteilija Aino J\u00e4\u00e4skel\u00e4inen","article_publisher":"https:\/\/www.facebook.com\/ainojaaskelainentaidegraafikko\/","article_published_time":"2017-06-05T14:47:19+00:00","article_modified_time":"2017-06-06T17:37:05+00:00","og_image":[{"url":"http:\/\/www.ainojaaskelainen.com\/wp-content\/uploads\/2017\/06\/vain-pieni-saari-300x279.jpg","type":"","width":"","height":""}],"author":"lauri","twitter_card":"summary_large_image","twitter_misc":{"Kirjoittanut":"lauri"},"schema":{"@context":"https:\/\/schema.org","@graph":[{"@type":"Article","@id":"https:\/\/www.ainojaaskelainen.com\/?p=309#article","isPartOf":{"@id":"https:\/\/www.ainojaaskelainen.com\/?p=309"},"author":{"name":"lauri","@id":"https:\/\/www.ainojaaskelainen.com\/#\/schema\/person\/5de3f06d8bc849361e2df771dac39724"},"headline":"Kes\u00e4n\u00e4yttelyit\u00e4!","datePublished":"2017-06-05T14:47:19+00:00","dateModified":"2017-06-06T17:37:05+00:00","mainEntityOfPage":{"@id":"https:\/\/www.ainojaaskelainen.com\/?p=309"},"wordCount":59,"commentCount":0,"image":{"@id":"https:\/\/www.ainojaaskelainen.com\/?p=309#primaryimage"},"thumbnailUrl":"http:\/\/www.ainojaaskelainen.com\/wp-content\/uploads\/2017\/06\/vain-pieni-saari-300x279.jpg","articleSection":["galleria g","summer prints","Teosv\u00e4litys"],"inLanguage":"fi","potentialAction":[{"@type":"CommentAction","name":"Comment","target":["https:\/\/www.ainojaaskelainen.com\/?p=309#respond"]}]},{"@type":"WebPage","@id":"https:\/\/www.ainojaaskelainen.com\/?p=309","url":"https:\/\/www.ainojaaskelainen.com\/?p=309","name":"Kes\u00e4n\u00e4yttelyit\u00e4! - Kuvataiteilija Aino J\u00e4\u00e4skel\u00e4inen","isPartOf":{"@id":"https:\/\/www.ainojaaskelainen.com\/#website"},"primaryImageOfPage":{"@id":"https:\/\/www.ainojaaskelainen.com\/?p=309#primaryimage"},"image":{"@id":"https:\/\/www.ainojaaskelainen.com\/?p=309#primaryimage"},"thumbnailUrl":"http:\/\/www.ainojaaskelainen.com\/wp-content\/uploads\/2017\/06\/vain-pieni-saari-300x279.jpg","datePublished":"2017-06-05T14:47:19+00:00","dateModified":"2017-06-06T17:37:05+00:00","author":{"@id":"https:\/\/www.ainojaaskelainen.com\/#\/schema\/person\/5de3f06d8bc849361e2df771dac39724"},"breadcrumb":{"@id":"https:\/\/www.ainojaaskelainen.com\/?p=309#breadcrumb"},"inLanguage":"fi","potentialAction":[{"@type":"ReadAction","target":["https:\/\/www.ainojaaskelainen.com\/?p=309"]}]},{"@type":"ImageObject","inLanguage":"fi","@id":"https:\/\/www.ainojaaskelainen.com\/?p=309#primaryimage","url":"https:\/\/www.ainojaaskelainen.com\/wp-content\/uploads\/2017\/06\/vain-pieni-saari.jpg","contentUrl":"https:\/\/www.ainojaaskelainen.com\/wp-content\/uploads\/2017\/06\/vain-pieni-saari.jpg","width":1270,"height":1181},{"@type":"BreadcrumbList","@id":"https:\/\/www.ainojaaskelainen.com\/?p=309#breadcrumb","itemListElement":[{"@type":"ListItem","position":1,"name":"Etusivu","item":"https:\/\/www.ainojaaskelainen.com\/"},{"@type":"ListItem","position":2,"name":"Kes\u00e4n\u00e4yttelyit\u00e4!"}]},{"@type":"WebSite","@id":"https:\/\/www.ainojaaskelainen.com\/#website","url":"https:\/\/www.ainojaaskelainen.com\/","name":"Kuvataiteilija Aino J\u00e4\u00e4skel\u00e4inen","description":"","potentialAction":[{"@type":"SearchAction","target":{"@type":"EntryPoint","urlTemplate":"https:\/\/www.ainojaaskelainen.com\/?s={search_term_string}"},"query-input":{"@type":"PropertyValueSpecification","valueRequired":true,"valueName":"search_term_string"}}],"inLanguage":"fi"},{"@type":"Person","@id":"https:\/\/www.ainojaaskelainen.com\/#\/schema\/person\/5de3f06d8bc849361e2df771dac39724","name":"lauri","image":{"@type":"ImageObject","inLanguage":"fi","@id":"https:\/\/secure.gravatar.com\/avatar\/d90c290269aeffca0587c02eaf0f689e2f10d1e8c2b8cc64cbc0eec3c4340272?s=96&d=mm&r=g","url":"https:\/\/secure.gravatar.com\/avatar\/d90c290269aeffca0587c02eaf0f689e2f10d1e8c2b8cc64cbc0eec3c4340272?s=96&d=mm&r=g","contentUrl":"https:\/\/secure.gravatar.com\/avatar\/d90c290269aeffca0587c02eaf0f689e2f10d1e8c2b8cc64cbc0eec3c4340272?s=96&d=mm&r=g","caption":"lauri"}}]}},"_links":{"self":[{"href":"https:\/\/www.ainojaaskelainen.com\/index.php?rest_route=\/wp\/v2\/posts\/309","targetHints":{"allow":["GET"]}}],"collection":[{"href":"https:\/\/www.ainojaaskelainen.com\/index.php?rest_route=\/wp\/v2\/posts"}],"about":[{"href":"https:\/\/www.ainojaaskelainen.com\/index.php?rest_route=\/wp\/v2\/types\/post"}],"author":[{"embeddable":true,"href":"https:\/\/www.ainojaaskelainen.com\/index.php?rest_route=\/wp\/v2\/users\/1"}],"replies":[{"embeddable":true,"href":"https:\/\/www.ainojaaskelainen.com\/index.php?rest_route=%2Fwp%2Fv2%2Fcomments&post=309"}],"version-history":[{"count":5,"href":"https:\/\/www.ainojaaskelainen.com\/index.php?rest_route=\/wp\/v2\/posts\/309\/revisions"}],"predecessor-version":[{"id":319,"href":"https:\/\/www.ainojaaskelainen.com\/index.php?rest_route=\/wp\/v2\/posts\/309\/revisions\/319"}],"wp:attachment":[{"href":"https:\/\/www.ainojaaskelainen.com\/index.php?rest_route=%2Fwp%2Fv2%2Fmedia&parent=309"}],"wp:term":[{"taxonomy":"category","embeddable":true,"href":"https:\/\/www.ainojaaskelainen.com\/index.php?rest_route=%2Fwp%2Fv2%2Fcategories&post=309"},{"taxonomy":"post_tag","embeddable":true,"href":"https:\/\/www.ainojaaskelainen.com\/index.php?rest_route=%2Fwp%2Fv2%2Ftags&post=309"}],"curies":[{"name":"wp","href":"https:\/\/api.w.org\/{rel}","templated":true}]}}