{"id":297,"date":"2017-04-21T10:02:48","date_gmt":"2017-04-21T08:02:48","guid":{"rendered":"http:\/\/www.ainojaaskelainen.com\/?p=297"},"modified":"2017-04-21T10:25:19","modified_gmt":"2017-04-21T08:25:19","slug":"avajaiset-on-juhlittu-ja-nayttely-on-auki-7-5-asti","status":"publish","type":"post","link":"https:\/\/www.ainojaaskelainen.com\/?p=297","title":{"rendered":"Avajaiset on juhlittu!"},"content":{"rendered":"<div class=\"_5wde _n4o\">\n<div class=\"_5w1r _3_om _5wdf\">\n<div class=\"_4gx_\">\n<div class=\"_d97\"><span class=\"_5yl5\">N\u00e4yttely T\u00e4htipoika &amp; ruususuut, l\u00f6ytyy osoitteessa Galleria Huuto, Uudenmaankatu 35. <\/span><\/div>\n<div class=\"_d97\">&nbsp;<\/div>\n<div class=\"_d97\"><span class=\"_5yl5\">Avajaiset on onnistuneesti juhlittu ja n\u00e4yttely on auki 7.5. asti ti-su 12-17. L\u00e4mpim\u00e4sti tervetuloa k\u00e4ym\u00e4\u00e4n.<br \/>\n<\/span><\/div>\n<div class=\"_d97\">&nbsp;<\/div>\n<div class=\"_d97\"><a href=\"http:\/\/www.ainojaaskelainen.com\/wp-content\/uploads\/2017\/04\/354.jpg\"><img loading=\"lazy\" decoding=\"async\" class=\"alignnone size-medium wp-image-298\" src=\"http:\/\/www.ainojaaskelainen.com\/wp-content\/uploads\/2017\/04\/354-300x200.jpg\" alt=\"\" width=\"300\" height=\"200\" srcset=\"https:\/\/www.ainojaaskelainen.com\/wp-content\/uploads\/2017\/04\/354-300x200.jpg 300w, https:\/\/www.ainojaaskelainen.com\/wp-content\/uploads\/2017\/04\/354-768x512.jpg 768w, https:\/\/www.ainojaaskelainen.com\/wp-content\/uploads\/2017\/04\/354-1024x683.jpg 1024w, https:\/\/www.ainojaaskelainen.com\/wp-content\/uploads\/2017\/04\/354-624x416.jpg 624w\" sizes=\"auto, (max-width: 300px) 100vw, 300px\" \/><\/a><\/div>\n<\/div>\n<\/div>\n<div class=\"_d97\">&nbsp;<\/div>\n<div class=\"_5w1r _3_om _5wdf\">\n<div class=\"_4gx_\">\n<div class=\"_d97\"><a href=\"http:\/\/www.ainojaaskelainen.com\/wp-content\/uploads\/2017\/04\/353.jpg\"><img loading=\"lazy\" decoding=\"async\" class=\"alignnone wp-image-299 size-medium\" src=\"http:\/\/www.ainojaaskelainen.com\/wp-content\/uploads\/2017\/04\/353-300x200.jpg\" alt=\"\" width=\"300\" height=\"200\" srcset=\"https:\/\/www.ainojaaskelainen.com\/wp-content\/uploads\/2017\/04\/353-300x200.jpg 300w, https:\/\/www.ainojaaskelainen.com\/wp-content\/uploads\/2017\/04\/353-768x512.jpg 768w, https:\/\/www.ainojaaskelainen.com\/wp-content\/uploads\/2017\/04\/353-1024x683.jpg 1024w, https:\/\/www.ainojaaskelainen.com\/wp-content\/uploads\/2017\/04\/353-624x416.jpg 624w\" sizes=\"auto, (max-width: 300px) 100vw, 300px\" \/><\/a><\/div>\n<div class=\"_d97\">&nbsp;<\/div>\n<div class=\"_d97\"><span class=\"_5yl5\">Taiteilijan voi tavata gallerialla todenn\u00e4k\u00f6isemmin viikonloppuisin. K\u00e4yk\u00e4\u00e4 katsomassa!<\/span><\/div>\n<div class=\"_d97\">&nbsp;<\/div>\n<\/div>\n<\/div>\n<\/div>\n<div class=\"_d97\">\n<p><a href=\"http:\/\/www.ainojaaskelainen.com\/wp-content\/uploads\/2017\/04\/356.jpg\"><img loading=\"lazy\" decoding=\"async\" class=\"alignleft wp-image-300 size-medium\" src=\"http:\/\/www.ainojaaskelainen.com\/wp-content\/uploads\/2017\/04\/356-e1492761582552-200x300.jpg\" alt=\"\" width=\"200\" height=\"300\" srcset=\"https:\/\/www.ainojaaskelainen.com\/wp-content\/uploads\/2017\/04\/356-e1492761582552-200x300.jpg 200w, https:\/\/www.ainojaaskelainen.com\/wp-content\/uploads\/2017\/04\/356-e1492761582552-768x1152.jpg 768w, https:\/\/www.ainojaaskelainen.com\/wp-content\/uploads\/2017\/04\/356-e1492761582552-683x1024.jpg 683w, https:\/\/www.ainojaaskelainen.com\/wp-content\/uploads\/2017\/04\/356-e1492761582552-624x936.jpg 624w\" sizes=\"auto, (max-width: 200px) 100vw, 200px\" \/><\/a><\/p>\n<\/div>\n<p>&nbsp;<\/p>\n<p>&nbsp;<\/p>\n<p>&nbsp;<\/p>\n<p>&nbsp;<\/p>\n<p>&nbsp;<\/p>\n<p>&nbsp;<\/p>\n<p>&nbsp;<\/p>\n<p><a href=\"http:\/\/www.galleriahuuto.net\/?p=18532\">N\u00e4yttelyst\u00e4 Huudon sivuilla!<\/a><\/p>\n","protected":false},"excerpt":{"rendered":"<p>N\u00e4yttely T\u00e4htipoika &amp; ruususuut, l\u00f6ytyy osoitteessa Galleria Huuto, Uudenmaankatu 35. &nbsp; Avajaiset on onnistuneesti juhlittu ja n\u00e4yttely on auki 7.5. asti ti-su 12-17. L\u00e4mpim\u00e4sti tervetuloa k\u00e4ym\u00e4\u00e4n. &nbsp; &nbsp; &nbsp; Taiteilijan voi tavata gallerialla todenn\u00e4k\u00f6isemmin viikonloppuisin. K\u00e4yk\u00e4\u00e4 katsomassa! &nbsp; &nbsp; &nbsp; &nbsp; &nbsp; &nbsp; &nbsp; &nbsp; N\u00e4yttelyst\u00e4 Huudon sivuilla!<\/p>\n","protected":false},"author":1,"featured_media":0,"comment_status":"open","ping_status":"closed","sticky":false,"template":"","format":"standard","meta":{"ngg_post_thumbnail":0,"footnotes":""},"categories":[1],"tags":[],"class_list":["post-297","post","type-post","status-publish","format-standard","hentry","category-yleinen"],"yoast_head":"<!-- This site is optimized with the Yoast SEO plugin v27.5 - https:\/\/yoast.com\/product\/yoast-seo-wordpress\/ -->\n<title>Avajaiset on juhlittu! - Kuvataiteilija Aino J\u00e4\u00e4skel\u00e4inen<\/title>\n<meta name=\"robots\" content=\"index, follow, max-snippet:-1, max-image-preview:large, max-video-preview:-1\" \/>\n<link rel=\"canonical\" href=\"https:\/\/www.ainojaaskelainen.com\/?p=297\" \/>\n<meta property=\"og:locale\" content=\"fi_FI\" \/>\n<meta property=\"og:type\" content=\"article\" \/>\n<meta property=\"og:title\" content=\"Avajaiset on juhlittu! - Kuvataiteilija Aino J\u00e4\u00e4skel\u00e4inen\" \/>\n<meta property=\"og:description\" content=\"N\u00e4yttely T\u00e4htipoika &amp; ruususuut, l\u00f6ytyy osoitteessa Galleria Huuto, Uudenmaankatu 35. &nbsp; Avajaiset on onnistuneesti juhlittu ja n\u00e4yttely on auki 7.5. asti ti-su 12-17. L\u00e4mpim\u00e4sti tervetuloa k\u00e4ym\u00e4\u00e4n. &nbsp; &nbsp; &nbsp; Taiteilijan voi tavata gallerialla todenn\u00e4k\u00f6isemmin viikonloppuisin. K\u00e4yk\u00e4\u00e4 katsomassa! &nbsp; &nbsp; &nbsp; &nbsp; &nbsp; &nbsp; &nbsp; &nbsp; N\u00e4yttelyst\u00e4 Huudon sivuilla!\" \/>\n<meta property=\"og:url\" content=\"https:\/\/www.ainojaaskelainen.com\/?p=297\" \/>\n<meta property=\"og:site_name\" content=\"Kuvataiteilija Aino J\u00e4\u00e4skel\u00e4inen\" \/>\n<meta property=\"article:publisher\" content=\"https:\/\/www.facebook.com\/ainojaaskelainentaidegraafikko\/\" \/>\n<meta property=\"article:published_time\" content=\"2017-04-21T08:02:48+00:00\" \/>\n<meta property=\"article:modified_time\" content=\"2017-04-21T08:25:19+00:00\" \/>\n<meta property=\"og:image\" content=\"http:\/\/www.ainojaaskelainen.com\/wp-content\/uploads\/2017\/04\/354-300x200.jpg\" \/>\n<meta name=\"author\" content=\"lauri\" \/>\n<meta name=\"twitter:card\" content=\"summary_large_image\" \/>\n<meta name=\"twitter:label1\" content=\"Kirjoittanut\" \/>\n\t<meta name=\"twitter:data1\" content=\"lauri\" \/>\n<script type=\"application\/ld+json\" class=\"yoast-schema-graph\">{\"@context\":\"https:\\\/\\\/schema.org\",\"@graph\":[{\"@type\":\"Article\",\"@id\":\"https:\\\/\\\/www.ainojaaskelainen.com\\\/?p=297#article\",\"isPartOf\":{\"@id\":\"https:\\\/\\\/www.ainojaaskelainen.com\\\/?p=297\"},\"author\":{\"name\":\"lauri\",\"@id\":\"https:\\\/\\\/www.ainojaaskelainen.com\\\/#\\\/schema\\\/person\\\/5de3f06d8bc849361e2df771dac39724\"},\"headline\":\"Avajaiset on juhlittu!\",\"datePublished\":\"2017-04-21T08:02:48+00:00\",\"dateModified\":\"2017-04-21T08:25:19+00:00\",\"mainEntityOfPage\":{\"@id\":\"https:\\\/\\\/www.ainojaaskelainen.com\\\/?p=297\"},\"wordCount\":61,\"commentCount\":0,\"image\":{\"@id\":\"https:\\\/\\\/www.ainojaaskelainen.com\\\/?p=297#primaryimage\"},\"thumbnailUrl\":\"http:\\\/\\\/www.ainojaaskelainen.com\\\/wp-content\\\/uploads\\\/2017\\\/04\\\/354-300x200.jpg\",\"inLanguage\":\"fi\",\"potentialAction\":[{\"@type\":\"CommentAction\",\"name\":\"Comment\",\"target\":[\"https:\\\/\\\/www.ainojaaskelainen.com\\\/?p=297#respond\"]}]},{\"@type\":\"WebPage\",\"@id\":\"https:\\\/\\\/www.ainojaaskelainen.com\\\/?p=297\",\"url\":\"https:\\\/\\\/www.ainojaaskelainen.com\\\/?p=297\",\"name\":\"Avajaiset on juhlittu! - Kuvataiteilija Aino J\u00e4\u00e4skel\u00e4inen\",\"isPartOf\":{\"@id\":\"https:\\\/\\\/www.ainojaaskelainen.com\\\/#website\"},\"primaryImageOfPage\":{\"@id\":\"https:\\\/\\\/www.ainojaaskelainen.com\\\/?p=297#primaryimage\"},\"image\":{\"@id\":\"https:\\\/\\\/www.ainojaaskelainen.com\\\/?p=297#primaryimage\"},\"thumbnailUrl\":\"http:\\\/\\\/www.ainojaaskelainen.com\\\/wp-content\\\/uploads\\\/2017\\\/04\\\/354-300x200.jpg\",\"datePublished\":\"2017-04-21T08:02:48+00:00\",\"dateModified\":\"2017-04-21T08:25:19+00:00\",\"author\":{\"@id\":\"https:\\\/\\\/www.ainojaaskelainen.com\\\/#\\\/schema\\\/person\\\/5de3f06d8bc849361e2df771dac39724\"},\"breadcrumb\":{\"@id\":\"https:\\\/\\\/www.ainojaaskelainen.com\\\/?p=297#breadcrumb\"},\"inLanguage\":\"fi\",\"potentialAction\":[{\"@type\":\"ReadAction\",\"target\":[\"https:\\\/\\\/www.ainojaaskelainen.com\\\/?p=297\"]}]},{\"@type\":\"ImageObject\",\"inLanguage\":\"fi\",\"@id\":\"https:\\\/\\\/www.ainojaaskelainen.com\\\/?p=297#primaryimage\",\"url\":\"https:\\\/\\\/www.ainojaaskelainen.com\\\/wp-content\\\/uploads\\\/2017\\\/04\\\/354.jpg\",\"contentUrl\":\"https:\\\/\\\/www.ainojaaskelainen.com\\\/wp-content\\\/uploads\\\/2017\\\/04\\\/354.jpg\",\"width\":3888,\"height\":2592},{\"@type\":\"BreadcrumbList\",\"@id\":\"https:\\\/\\\/www.ainojaaskelainen.com\\\/?p=297#breadcrumb\",\"itemListElement\":[{\"@type\":\"ListItem\",\"position\":1,\"name\":\"Etusivu\",\"item\":\"https:\\\/\\\/www.ainojaaskelainen.com\\\/\"},{\"@type\":\"ListItem\",\"position\":2,\"name\":\"Avajaiset on juhlittu!\"}]},{\"@type\":\"WebSite\",\"@id\":\"https:\\\/\\\/www.ainojaaskelainen.com\\\/#website\",\"url\":\"https:\\\/\\\/www.ainojaaskelainen.com\\\/\",\"name\":\"Kuvataiteilija Aino J\u00e4\u00e4skel\u00e4inen\",\"description\":\"\",\"potentialAction\":[{\"@type\":\"SearchAction\",\"target\":{\"@type\":\"EntryPoint\",\"urlTemplate\":\"https:\\\/\\\/www.ainojaaskelainen.com\\\/?s={search_term_string}\"},\"query-input\":{\"@type\":\"PropertyValueSpecification\",\"valueRequired\":true,\"valueName\":\"search_term_string\"}}],\"inLanguage\":\"fi\"},{\"@type\":\"Person\",\"@id\":\"https:\\\/\\\/www.ainojaaskelainen.com\\\/#\\\/schema\\\/person\\\/5de3f06d8bc849361e2df771dac39724\",\"name\":\"lauri\",\"image\":{\"@type\":\"ImageObject\",\"inLanguage\":\"fi\",\"@id\":\"https:\\\/\\\/secure.gravatar.com\\\/avatar\\\/d90c290269aeffca0587c02eaf0f689e2f10d1e8c2b8cc64cbc0eec3c4340272?s=96&d=mm&r=g\",\"url\":\"https:\\\/\\\/secure.gravatar.com\\\/avatar\\\/d90c290269aeffca0587c02eaf0f689e2f10d1e8c2b8cc64cbc0eec3c4340272?s=96&d=mm&r=g\",\"contentUrl\":\"https:\\\/\\\/secure.gravatar.com\\\/avatar\\\/d90c290269aeffca0587c02eaf0f689e2f10d1e8c2b8cc64cbc0eec3c4340272?s=96&d=mm&r=g\",\"caption\":\"lauri\"}}]}<\/script>\n<!-- \/ Yoast SEO plugin. -->","yoast_head_json":{"title":"Avajaiset on juhlittu! - Kuvataiteilija Aino J\u00e4\u00e4skel\u00e4inen","robots":{"index":"index","follow":"follow","max-snippet":"max-snippet:-1","max-image-preview":"max-image-preview:large","max-video-preview":"max-video-preview:-1"},"canonical":"https:\/\/www.ainojaaskelainen.com\/?p=297","og_locale":"fi_FI","og_type":"article","og_title":"Avajaiset on juhlittu! - Kuvataiteilija Aino J\u00e4\u00e4skel\u00e4inen","og_description":"N\u00e4yttely T\u00e4htipoika &amp; ruususuut, l\u00f6ytyy osoitteessa Galleria Huuto, Uudenmaankatu 35. &nbsp; Avajaiset on onnistuneesti juhlittu ja n\u00e4yttely on auki 7.5. asti ti-su 12-17. L\u00e4mpim\u00e4sti tervetuloa k\u00e4ym\u00e4\u00e4n. &nbsp; &nbsp; &nbsp; Taiteilijan voi tavata gallerialla todenn\u00e4k\u00f6isemmin viikonloppuisin. K\u00e4yk\u00e4\u00e4 katsomassa! &nbsp; &nbsp; &nbsp; &nbsp; &nbsp; &nbsp; &nbsp; &nbsp; N\u00e4yttelyst\u00e4 Huudon sivuilla!","og_url":"https:\/\/www.ainojaaskelainen.com\/?p=297","og_site_name":"Kuvataiteilija Aino J\u00e4\u00e4skel\u00e4inen","article_publisher":"https:\/\/www.facebook.com\/ainojaaskelainentaidegraafikko\/","article_published_time":"2017-04-21T08:02:48+00:00","article_modified_time":"2017-04-21T08:25:19+00:00","og_image":[{"url":"http:\/\/www.ainojaaskelainen.com\/wp-content\/uploads\/2017\/04\/354-300x200.jpg","type":"","width":"","height":""}],"author":"lauri","twitter_card":"summary_large_image","twitter_misc":{"Kirjoittanut":"lauri"},"schema":{"@context":"https:\/\/schema.org","@graph":[{"@type":"Article","@id":"https:\/\/www.ainojaaskelainen.com\/?p=297#article","isPartOf":{"@id":"https:\/\/www.ainojaaskelainen.com\/?p=297"},"author":{"name":"lauri","@id":"https:\/\/www.ainojaaskelainen.com\/#\/schema\/person\/5de3f06d8bc849361e2df771dac39724"},"headline":"Avajaiset on juhlittu!","datePublished":"2017-04-21T08:02:48+00:00","dateModified":"2017-04-21T08:25:19+00:00","mainEntityOfPage":{"@id":"https:\/\/www.ainojaaskelainen.com\/?p=297"},"wordCount":61,"commentCount":0,"image":{"@id":"https:\/\/www.ainojaaskelainen.com\/?p=297#primaryimage"},"thumbnailUrl":"http:\/\/www.ainojaaskelainen.com\/wp-content\/uploads\/2017\/04\/354-300x200.jpg","inLanguage":"fi","potentialAction":[{"@type":"CommentAction","name":"Comment","target":["https:\/\/www.ainojaaskelainen.com\/?p=297#respond"]}]},{"@type":"WebPage","@id":"https:\/\/www.ainojaaskelainen.com\/?p=297","url":"https:\/\/www.ainojaaskelainen.com\/?p=297","name":"Avajaiset on juhlittu! - Kuvataiteilija Aino J\u00e4\u00e4skel\u00e4inen","isPartOf":{"@id":"https:\/\/www.ainojaaskelainen.com\/#website"},"primaryImageOfPage":{"@id":"https:\/\/www.ainojaaskelainen.com\/?p=297#primaryimage"},"image":{"@id":"https:\/\/www.ainojaaskelainen.com\/?p=297#primaryimage"},"thumbnailUrl":"http:\/\/www.ainojaaskelainen.com\/wp-content\/uploads\/2017\/04\/354-300x200.jpg","datePublished":"2017-04-21T08:02:48+00:00","dateModified":"2017-04-21T08:25:19+00:00","author":{"@id":"https:\/\/www.ainojaaskelainen.com\/#\/schema\/person\/5de3f06d8bc849361e2df771dac39724"},"breadcrumb":{"@id":"https:\/\/www.ainojaaskelainen.com\/?p=297#breadcrumb"},"inLanguage":"fi","potentialAction":[{"@type":"ReadAction","target":["https:\/\/www.ainojaaskelainen.com\/?p=297"]}]},{"@type":"ImageObject","inLanguage":"fi","@id":"https:\/\/www.ainojaaskelainen.com\/?p=297#primaryimage","url":"https:\/\/www.ainojaaskelainen.com\/wp-content\/uploads\/2017\/04\/354.jpg","contentUrl":"https:\/\/www.ainojaaskelainen.com\/wp-content\/uploads\/2017\/04\/354.jpg","width":3888,"height":2592},{"@type":"BreadcrumbList","@id":"https:\/\/www.ainojaaskelainen.com\/?p=297#breadcrumb","itemListElement":[{"@type":"ListItem","position":1,"name":"Etusivu","item":"https:\/\/www.ainojaaskelainen.com\/"},{"@type":"ListItem","position":2,"name":"Avajaiset on juhlittu!"}]},{"@type":"WebSite","@id":"https:\/\/www.ainojaaskelainen.com\/#website","url":"https:\/\/www.ainojaaskelainen.com\/","name":"Kuvataiteilija Aino J\u00e4\u00e4skel\u00e4inen","description":"","potentialAction":[{"@type":"SearchAction","target":{"@type":"EntryPoint","urlTemplate":"https:\/\/www.ainojaaskelainen.com\/?s={search_term_string}"},"query-input":{"@type":"PropertyValueSpecification","valueRequired":true,"valueName":"search_term_string"}}],"inLanguage":"fi"},{"@type":"Person","@id":"https:\/\/www.ainojaaskelainen.com\/#\/schema\/person\/5de3f06d8bc849361e2df771dac39724","name":"lauri","image":{"@type":"ImageObject","inLanguage":"fi","@id":"https:\/\/secure.gravatar.com\/avatar\/d90c290269aeffca0587c02eaf0f689e2f10d1e8c2b8cc64cbc0eec3c4340272?s=96&d=mm&r=g","url":"https:\/\/secure.gravatar.com\/avatar\/d90c290269aeffca0587c02eaf0f689e2f10d1e8c2b8cc64cbc0eec3c4340272?s=96&d=mm&r=g","contentUrl":"https:\/\/secure.gravatar.com\/avatar\/d90c290269aeffca0587c02eaf0f689e2f10d1e8c2b8cc64cbc0eec3c4340272?s=96&d=mm&r=g","caption":"lauri"}}]}},"_links":{"self":[{"href":"https:\/\/www.ainojaaskelainen.com\/index.php?rest_route=\/wp\/v2\/posts\/297","targetHints":{"allow":["GET"]}}],"collection":[{"href":"https:\/\/www.ainojaaskelainen.com\/index.php?rest_route=\/wp\/v2\/posts"}],"about":[{"href":"https:\/\/www.ainojaaskelainen.com\/index.php?rest_route=\/wp\/v2\/types\/post"}],"author":[{"embeddable":true,"href":"https:\/\/www.ainojaaskelainen.com\/index.php?rest_route=\/wp\/v2\/users\/1"}],"replies":[{"embeddable":true,"href":"https:\/\/www.ainojaaskelainen.com\/index.php?rest_route=%2Fwp%2Fv2%2Fcomments&post=297"}],"version-history":[{"count":6,"href":"https:\/\/www.ainojaaskelainen.com\/index.php?rest_route=\/wp\/v2\/posts\/297\/revisions"}],"predecessor-version":[{"id":306,"href":"https:\/\/www.ainojaaskelainen.com\/index.php?rest_route=\/wp\/v2\/posts\/297\/revisions\/306"}],"wp:attachment":[{"href":"https:\/\/www.ainojaaskelainen.com\/index.php?rest_route=%2Fwp%2Fv2%2Fmedia&parent=297"}],"wp:term":[{"taxonomy":"category","embeddable":true,"href":"https:\/\/www.ainojaaskelainen.com\/index.php?rest_route=%2Fwp%2Fv2%2Fcategories&post=297"},{"taxonomy":"post_tag","embeddable":true,"href":"https:\/\/www.ainojaaskelainen.com\/index.php?rest_route=%2Fwp%2Fv2%2Ftags&post=297"}],"curies":[{"name":"wp","href":"https:\/\/api.w.org\/{rel}","templated":true}]}}