{"id":278,"date":"2017-02-26T14:10:04","date_gmt":"2017-02-26T12:10:04","guid":{"rendered":"http:\/\/www.ainojaaskelainen.com\/?p=278"},"modified":"2017-02-26T14:10:04","modified_gmt":"2017-02-26T12:10:04","slug":"nayttely-19-4-7-5-2017-uudenmaankadun-huudossa","status":"publish","type":"post","link":"https:\/\/www.ainojaaskelainen.com\/?p=278","title":{"rendered":"N\u00e4yttely 19.4-7.5 2017 Uudenmaankadun Huudossa"},"content":{"rendered":"<p>Heippa!<\/p>\n<p>T\u00e4n\u00e4 kev\u00e4\u00e4n\u00e4 on paljon tapahtumia joissa olen mukana.<\/p>\n<p>Kev\u00e4\u00e4ll\u00e4 minulla on&nbsp; 19.4-7.5 2017 <a href=\"http:\/\/www.galleriahuuto.net\/?page_id=8415\" target=\"_blank\">Uudenmaankadun Huudossa<\/a> (<span class=\"_Xbe\">Uudenmaankatu 35, Helsinki<\/span>). Avajaiset 18.4 18-20! Tervetuloa.<\/p>\n<p>Paljon olen tehnyt ja paljon on viel\u00e4 tekem\u00e4tt\u00e4.<\/p>\n<p><a href=\"http:\/\/www.ainojaaskelainen.com\/wp-content\/uploads\/2017\/02\/blogiintahtipoika.jpg\"><img loading=\"lazy\" decoding=\"async\" class=\"alignnone size-medium wp-image-280\" src=\"http:\/\/www.ainojaaskelainen.com\/wp-content\/uploads\/2017\/02\/blogiintahtipoika-224x300.jpg\" alt=\"\" height=\"300\" width=\"224\" srcset=\"https:\/\/www.ainojaaskelainen.com\/wp-content\/uploads\/2017\/02\/blogiintahtipoika-224x300.jpg 224w, https:\/\/www.ainojaaskelainen.com\/wp-content\/uploads\/2017\/02\/blogiintahtipoika.jpg 595w\" sizes=\"auto, (max-width: 224px) 100vw, 224px\" \/><\/a>&nbsp;<a href=\"http:\/\/www.ainojaaskelainen.com\/wp-content\/uploads\/2017\/02\/ty\u00f6huoneeltatilaablokiin.jpg\"><img loading=\"lazy\" decoding=\"async\" class=\"alignnone size-medium wp-image-285\" src=\"http:\/\/www.ainojaaskelainen.com\/wp-content\/uploads\/2017\/02\/ty\u00f6huoneeltatilaablokiin-200x300.jpg\" alt=\"\" height=\"300\" width=\"200\" srcset=\"https:\/\/www.ainojaaskelainen.com\/wp-content\/uploads\/2017\/02\/ty\u00f6huoneeltatilaablokiin-200x300.jpg 200w, https:\/\/www.ainojaaskelainen.com\/wp-content\/uploads\/2017\/02\/ty\u00f6huoneeltatilaablokiin-768x1152.jpg 768w, https:\/\/www.ainojaaskelainen.com\/wp-content\/uploads\/2017\/02\/ty\u00f6huoneeltatilaablokiin-683x1024.jpg 683w, https:\/\/www.ainojaaskelainen.com\/wp-content\/uploads\/2017\/02\/ty\u00f6huoneeltatilaablokiin-624x936.jpg 624w, https:\/\/www.ainojaaskelainen.com\/wp-content\/uploads\/2017\/02\/ty\u00f6huoneeltatilaablokiin.jpg 945w\" sizes=\"auto, (max-width: 200px) 100vw, 200px\" \/><\/a><\/p>\n<p>&nbsp;<\/p>\n<p>Sit\u00e4 ennen on <a href=\"https:\/\/www.taidegraafikot.fi\/grafoteekki\/teos-2017-kuvanveistajien-ja-taidegraafikoiden-teosvalitys\/\" target=\"_blank\">TEOS 2017<\/a> Kuvanvaest\u00e4jien ja Taidegraafikoiden teosv\u00e4litystalaisuus, joka on Kaapelitehtaan Puristamossa ja Valssaamossa 23.2-5.3 2017.&nbsp; Sielt\u00e4 l\u00f6yd\u00e4t my\u00f6s minun teoksiani. K\u00e4y tutustumassa!<\/p>\n<div id=\"attachment_279\" style=\"width: 310px\" class=\"wp-caption alignnone\"><a href=\"http:\/\/www.ainojaaskelainen.com\/wp-content\/uploads\/2017\/02\/blogiinlaguunihamyssa.jpg\"><img loading=\"lazy\" decoding=\"async\" aria-describedby=\"caption-attachment-279\" class=\"wp-image-279 size-medium\" src=\"http:\/\/www.ainojaaskelainen.com\/wp-content\/uploads\/2017\/02\/blogiinlaguunihamyssa-300x229.jpg\" height=\"229\" width=\"300\" srcset=\"https:\/\/www.ainojaaskelainen.com\/wp-content\/uploads\/2017\/02\/blogiinlaguunihamyssa-300x229.jpg 300w, https:\/\/www.ainojaaskelainen.com\/wp-content\/uploads\/2017\/02\/blogiinlaguunihamyssa-768x586.jpg 768w, https:\/\/www.ainojaaskelainen.com\/wp-content\/uploads\/2017\/02\/blogiinlaguunihamyssa-624x476.jpg 624w, https:\/\/www.ainojaaskelainen.com\/wp-content\/uploads\/2017\/02\/blogiinlaguunihamyssa.jpg 787w\" sizes=\"auto, (max-width: 300px) 100vw, 300px\" \/><\/a><p id=\"caption-attachment-279\" class=\"wp-caption-text\">&#8221;Laguuni h\u00e4myss\u00e4&#8221; monotypia ja muste paperille, 45&#215;33 cm, 2017<\/p><\/div>\n<div id=\"attachment_287\" style=\"width: 297px\" class=\"wp-caption alignnone\"><a href=\"http:\/\/www.ainojaaskelainen.com\/wp-content\/uploads\/2017\/02\/blogiinyksinainenpuu.jpg\"><img loading=\"lazy\" decoding=\"async\" aria-describedby=\"caption-attachment-287\" class=\"wp-image-287 size-medium\" src=\"http:\/\/www.ainojaaskelainen.com\/wp-content\/uploads\/2017\/02\/blogiinyksinainenpuu-287x300.jpg\" height=\"300\" width=\"287\" srcset=\"https:\/\/www.ainojaaskelainen.com\/wp-content\/uploads\/2017\/02\/blogiinyksinainenpuu-287x300.jpg 287w, https:\/\/www.ainojaaskelainen.com\/wp-content\/uploads\/2017\/02\/blogiinyksinainenpuu-768x802.jpg 768w, https:\/\/www.ainojaaskelainen.com\/wp-content\/uploads\/2017\/02\/blogiinyksinainenpuu-624x652.jpg 624w, https:\/\/www.ainojaaskelainen.com\/wp-content\/uploads\/2017\/02\/blogiinyksinainenpuu.jpg 787w\" sizes=\"auto, (max-width: 287px) 100vw, 287px\" \/><\/a><p id=\"caption-attachment-287\" class=\"wp-caption-text\">&#8221;Yksin\u00e4inen puu&#8221; monotypia ja muste paperille, 80&#215;80 cm, 2017<\/p><\/div>\n<p>Olen my\u00f6s mukana J\u00e4tk\u00e4saaren Huuto Gallerian <a href=\"http:\/\/www.galleriahuuto.net\/?p=18046\" target=\"_blank\">Yksi\u00f6ss\u00e4<\/a> (18.2. \u2013 5.3.2017). Se on Ryhm\u00e4n\u00e4yttely joka juhlistaa Huudon 15-vuotista taivalta. Yksi\u00f6n esillepano on kuin messujen huonekalun\u00e4yttely,&nbsp; mutta tarkempi tarkastelu paljastaa sisustukseen k\u00e4tkeytyv\u00e4t taideteokset.<\/p>\n<div id=\"attachment_284\" style=\"width: 310px\" class=\"wp-caption alignnone\"><a href=\"http:\/\/www.ainojaaskelainen.com\/wp-content\/uploads\/2017\/02\/teekuppi.jpg\"><img loading=\"lazy\" decoding=\"async\" aria-describedby=\"caption-attachment-284\" class=\"wp-image-284 size-medium\" src=\"http:\/\/www.ainojaaskelainen.com\/wp-content\/uploads\/2017\/02\/teekuppi-300x209.jpg\" height=\"209\" width=\"300\" srcset=\"https:\/\/www.ainojaaskelainen.com\/wp-content\/uploads\/2017\/02\/teekuppi-300x209.jpg 300w, https:\/\/www.ainojaaskelainen.com\/wp-content\/uploads\/2017\/02\/teekuppi-768x534.jpg 768w, https:\/\/www.ainojaaskelainen.com\/wp-content\/uploads\/2017\/02\/teekuppi-1024x712.jpg 1024w, https:\/\/www.ainojaaskelainen.com\/wp-content\/uploads\/2017\/02\/teekuppi-624x434.jpg 624w, https:\/\/www.ainojaaskelainen.com\/wp-content\/uploads\/2017\/02\/teekuppi.jpg 1304w\" sizes=\"auto, (max-width: 300px) 100vw, 300px\" \/><\/a><p id=\"caption-attachment-284\" class=\"wp-caption-text\">&#8221;Teekuppi&#8221; posliini ja liima, 2017<\/p><\/div>\n<p>Yksi\u00f6 on Huuto J\u00e4tk\u00e4saaren lis\u00e4ksi esill\u00e4 taidemessuilla Supermarket Alternative Art Fair,Tukholma, 23. \u2013 26.3.2017 ja Art Fair Suomi, Kaapelitehdas, Helsinki, 25.\u201328.5.2017.<\/p>\n<p>&nbsp;<\/p>\n<p>&nbsp;<\/p>\n","protected":false},"excerpt":{"rendered":"<p>Heippa! T\u00e4n\u00e4 kev\u00e4\u00e4n\u00e4 on paljon tapahtumia joissa olen mukana. Kev\u00e4\u00e4ll\u00e4 minulla on&nbsp; 19.4-7.5 2017 Uudenmaankadun Huudossa (Uudenmaankatu 35, Helsinki). Avajaiset 18.4 18-20! Tervetuloa. Paljon olen tehnyt ja paljon on viel\u00e4 tekem\u00e4tt\u00e4. &nbsp; &nbsp; Sit\u00e4 ennen on TEOS 2017 Kuvanvaest\u00e4jien ja Taidegraafikoiden teosv\u00e4litystalaisuus, joka on Kaapelitehtaan Puristamossa ja Valssaamossa 23.2-5.3 2017.&nbsp; Sielt\u00e4 l\u00f6yd\u00e4t my\u00f6s minun teoksiani. [&hellip;]<\/p>\n","protected":false},"author":1,"featured_media":0,"comment_status":"open","ping_status":"closed","sticky":false,"template":"","format":"standard","meta":{"ngg_post_thumbnail":0,"footnotes":""},"categories":[8,3,9,10,1],"tags":[],"class_list":["post-278","post","type-post","status-publish","format-standard","hentry","category-galleria-huuto","category-nayttelyt","category-ryhmanayttelyt","category-teosvalitys","category-yleinen"],"yoast_head":"<!-- This site is optimized with the Yoast SEO plugin v27.5 - https:\/\/yoast.com\/product\/yoast-seo-wordpress\/ -->\n<title>N\u00e4yttely 19.4-7.5 2017 Uudenmaankadun Huudossa - Kuvataiteilija Aino J\u00e4\u00e4skel\u00e4inen<\/title>\n<meta name=\"robots\" content=\"index, follow, max-snippet:-1, max-image-preview:large, max-video-preview:-1\" \/>\n<link rel=\"canonical\" href=\"https:\/\/www.ainojaaskelainen.com\/?p=278\" \/>\n<meta property=\"og:locale\" content=\"fi_FI\" \/>\n<meta property=\"og:type\" content=\"article\" \/>\n<meta property=\"og:title\" content=\"N\u00e4yttely 19.4-7.5 2017 Uudenmaankadun Huudossa - Kuvataiteilija Aino J\u00e4\u00e4skel\u00e4inen\" \/>\n<meta property=\"og:description\" content=\"Heippa! T\u00e4n\u00e4 kev\u00e4\u00e4n\u00e4 on paljon tapahtumia joissa olen mukana. Kev\u00e4\u00e4ll\u00e4 minulla on&nbsp; 19.4-7.5 2017 Uudenmaankadun Huudossa (Uudenmaankatu 35, Helsinki). Avajaiset 18.4 18-20! Tervetuloa. Paljon olen tehnyt ja paljon on viel\u00e4 tekem\u00e4tt\u00e4. &nbsp; &nbsp; Sit\u00e4 ennen on TEOS 2017 Kuvanvaest\u00e4jien ja Taidegraafikoiden teosv\u00e4litystalaisuus, joka on Kaapelitehtaan Puristamossa ja Valssaamossa 23.2-5.3 2017.&nbsp; Sielt\u00e4 l\u00f6yd\u00e4t my\u00f6s minun teoksiani. [&hellip;]\" \/>\n<meta property=\"og:url\" content=\"https:\/\/www.ainojaaskelainen.com\/?p=278\" \/>\n<meta property=\"og:site_name\" content=\"Kuvataiteilija Aino J\u00e4\u00e4skel\u00e4inen\" \/>\n<meta property=\"article:publisher\" content=\"https:\/\/www.facebook.com\/ainojaaskelainentaidegraafikko\/\" \/>\n<meta property=\"article:published_time\" content=\"2017-02-26T12:10:04+00:00\" \/>\n<meta property=\"og:image\" content=\"http:\/\/www.ainojaaskelainen.com\/wp-content\/uploads\/2017\/02\/blogiintahtipoika-224x300.jpg\" \/>\n<meta name=\"author\" content=\"lauri\" \/>\n<meta name=\"twitter:card\" content=\"summary_large_image\" \/>\n<meta name=\"twitter:label1\" content=\"Kirjoittanut\" \/>\n\t<meta name=\"twitter:data1\" content=\"lauri\" \/>\n\t<meta name=\"twitter:label2\" content=\"Arvioitu lukuaika\" \/>\n\t<meta name=\"twitter:data2\" content=\"1 minuutti\" \/>\n<script type=\"application\/ld+json\" class=\"yoast-schema-graph\">{\"@context\":\"https:\\\/\\\/schema.org\",\"@graph\":[{\"@type\":\"Article\",\"@id\":\"https:\\\/\\\/www.ainojaaskelainen.com\\\/?p=278#article\",\"isPartOf\":{\"@id\":\"https:\\\/\\\/www.ainojaaskelainen.com\\\/?p=278\"},\"author\":{\"name\":\"lauri\",\"@id\":\"https:\\\/\\\/www.ainojaaskelainen.com\\\/#\\\/schema\\\/person\\\/5de3f06d8bc849361e2df771dac39724\"},\"headline\":\"N\u00e4yttely 19.4-7.5 2017 Uudenmaankadun Huudossa\",\"datePublished\":\"2017-02-26T12:10:04+00:00\",\"mainEntityOfPage\":{\"@id\":\"https:\\\/\\\/www.ainojaaskelainen.com\\\/?p=278\"},\"wordCount\":174,\"commentCount\":0,\"image\":{\"@id\":\"https:\\\/\\\/www.ainojaaskelainen.com\\\/?p=278#primaryimage\"},\"thumbnailUrl\":\"http:\\\/\\\/www.ainojaaskelainen.com\\\/wp-content\\\/uploads\\\/2017\\\/02\\\/blogiintahtipoika-224x300.jpg\",\"articleSection\":[\"Galleria Huuto\",\"n\u00e4yttelyt\",\"Ryhm\u00e4n\u00e4yttelyt\",\"Teosv\u00e4litys\"],\"inLanguage\":\"fi\",\"potentialAction\":[{\"@type\":\"CommentAction\",\"name\":\"Comment\",\"target\":[\"https:\\\/\\\/www.ainojaaskelainen.com\\\/?p=278#respond\"]}]},{\"@type\":\"WebPage\",\"@id\":\"https:\\\/\\\/www.ainojaaskelainen.com\\\/?p=278\",\"url\":\"https:\\\/\\\/www.ainojaaskelainen.com\\\/?p=278\",\"name\":\"N\u00e4yttely 19.4-7.5 2017 Uudenmaankadun Huudossa - Kuvataiteilija Aino J\u00e4\u00e4skel\u00e4inen\",\"isPartOf\":{\"@id\":\"https:\\\/\\\/www.ainojaaskelainen.com\\\/#website\"},\"primaryImageOfPage\":{\"@id\":\"https:\\\/\\\/www.ainojaaskelainen.com\\\/?p=278#primaryimage\"},\"image\":{\"@id\":\"https:\\\/\\\/www.ainojaaskelainen.com\\\/?p=278#primaryimage\"},\"thumbnailUrl\":\"http:\\\/\\\/www.ainojaaskelainen.com\\\/wp-content\\\/uploads\\\/2017\\\/02\\\/blogiintahtipoika-224x300.jpg\",\"datePublished\":\"2017-02-26T12:10:04+00:00\",\"author\":{\"@id\":\"https:\\\/\\\/www.ainojaaskelainen.com\\\/#\\\/schema\\\/person\\\/5de3f06d8bc849361e2df771dac39724\"},\"breadcrumb\":{\"@id\":\"https:\\\/\\\/www.ainojaaskelainen.com\\\/?p=278#breadcrumb\"},\"inLanguage\":\"fi\",\"potentialAction\":[{\"@type\":\"ReadAction\",\"target\":[\"https:\\\/\\\/www.ainojaaskelainen.com\\\/?p=278\"]}]},{\"@type\":\"ImageObject\",\"inLanguage\":\"fi\",\"@id\":\"https:\\\/\\\/www.ainojaaskelainen.com\\\/?p=278#primaryimage\",\"url\":\"https:\\\/\\\/www.ainojaaskelainen.com\\\/wp-content\\\/uploads\\\/2017\\\/02\\\/blogiintahtipoika.jpg\",\"contentUrl\":\"https:\\\/\\\/www.ainojaaskelainen.com\\\/wp-content\\\/uploads\\\/2017\\\/02\\\/blogiintahtipoika.jpg\",\"width\":595,\"height\":796},{\"@type\":\"BreadcrumbList\",\"@id\":\"https:\\\/\\\/www.ainojaaskelainen.com\\\/?p=278#breadcrumb\",\"itemListElement\":[{\"@type\":\"ListItem\",\"position\":1,\"name\":\"Etusivu\",\"item\":\"https:\\\/\\\/www.ainojaaskelainen.com\\\/\"},{\"@type\":\"ListItem\",\"position\":2,\"name\":\"N\u00e4yttely 19.4-7.5 2017 Uudenmaankadun Huudossa\"}]},{\"@type\":\"WebSite\",\"@id\":\"https:\\\/\\\/www.ainojaaskelainen.com\\\/#website\",\"url\":\"https:\\\/\\\/www.ainojaaskelainen.com\\\/\",\"name\":\"Kuvataiteilija Aino J\u00e4\u00e4skel\u00e4inen\",\"description\":\"\",\"potentialAction\":[{\"@type\":\"SearchAction\",\"target\":{\"@type\":\"EntryPoint\",\"urlTemplate\":\"https:\\\/\\\/www.ainojaaskelainen.com\\\/?s={search_term_string}\"},\"query-input\":{\"@type\":\"PropertyValueSpecification\",\"valueRequired\":true,\"valueName\":\"search_term_string\"}}],\"inLanguage\":\"fi\"},{\"@type\":\"Person\",\"@id\":\"https:\\\/\\\/www.ainojaaskelainen.com\\\/#\\\/schema\\\/person\\\/5de3f06d8bc849361e2df771dac39724\",\"name\":\"lauri\",\"image\":{\"@type\":\"ImageObject\",\"inLanguage\":\"fi\",\"@id\":\"https:\\\/\\\/secure.gravatar.com\\\/avatar\\\/d90c290269aeffca0587c02eaf0f689e2f10d1e8c2b8cc64cbc0eec3c4340272?s=96&d=mm&r=g\",\"url\":\"https:\\\/\\\/secure.gravatar.com\\\/avatar\\\/d90c290269aeffca0587c02eaf0f689e2f10d1e8c2b8cc64cbc0eec3c4340272?s=96&d=mm&r=g\",\"contentUrl\":\"https:\\\/\\\/secure.gravatar.com\\\/avatar\\\/d90c290269aeffca0587c02eaf0f689e2f10d1e8c2b8cc64cbc0eec3c4340272?s=96&d=mm&r=g\",\"caption\":\"lauri\"}}]}<\/script>\n<!-- \/ Yoast SEO plugin. -->","yoast_head_json":{"title":"N\u00e4yttely 19.4-7.5 2017 Uudenmaankadun Huudossa - Kuvataiteilija Aino J\u00e4\u00e4skel\u00e4inen","robots":{"index":"index","follow":"follow","max-snippet":"max-snippet:-1","max-image-preview":"max-image-preview:large","max-video-preview":"max-video-preview:-1"},"canonical":"https:\/\/www.ainojaaskelainen.com\/?p=278","og_locale":"fi_FI","og_type":"article","og_title":"N\u00e4yttely 19.4-7.5 2017 Uudenmaankadun Huudossa - Kuvataiteilija Aino J\u00e4\u00e4skel\u00e4inen","og_description":"Heippa! T\u00e4n\u00e4 kev\u00e4\u00e4n\u00e4 on paljon tapahtumia joissa olen mukana. Kev\u00e4\u00e4ll\u00e4 minulla on&nbsp; 19.4-7.5 2017 Uudenmaankadun Huudossa (Uudenmaankatu 35, Helsinki). Avajaiset 18.4 18-20! Tervetuloa. Paljon olen tehnyt ja paljon on viel\u00e4 tekem\u00e4tt\u00e4. &nbsp; &nbsp; Sit\u00e4 ennen on TEOS 2017 Kuvanvaest\u00e4jien ja Taidegraafikoiden teosv\u00e4litystalaisuus, joka on Kaapelitehtaan Puristamossa ja Valssaamossa 23.2-5.3 2017.&nbsp; Sielt\u00e4 l\u00f6yd\u00e4t my\u00f6s minun teoksiani. [&hellip;]","og_url":"https:\/\/www.ainojaaskelainen.com\/?p=278","og_site_name":"Kuvataiteilija Aino J\u00e4\u00e4skel\u00e4inen","article_publisher":"https:\/\/www.facebook.com\/ainojaaskelainentaidegraafikko\/","article_published_time":"2017-02-26T12:10:04+00:00","og_image":[{"url":"http:\/\/www.ainojaaskelainen.com\/wp-content\/uploads\/2017\/02\/blogiintahtipoika-224x300.jpg","type":"","width":"","height":""}],"author":"lauri","twitter_card":"summary_large_image","twitter_misc":{"Kirjoittanut":"lauri","Arvioitu lukuaika":"1 minuutti"},"schema":{"@context":"https:\/\/schema.org","@graph":[{"@type":"Article","@id":"https:\/\/www.ainojaaskelainen.com\/?p=278#article","isPartOf":{"@id":"https:\/\/www.ainojaaskelainen.com\/?p=278"},"author":{"name":"lauri","@id":"https:\/\/www.ainojaaskelainen.com\/#\/schema\/person\/5de3f06d8bc849361e2df771dac39724"},"headline":"N\u00e4yttely 19.4-7.5 2017 Uudenmaankadun Huudossa","datePublished":"2017-02-26T12:10:04+00:00","mainEntityOfPage":{"@id":"https:\/\/www.ainojaaskelainen.com\/?p=278"},"wordCount":174,"commentCount":0,"image":{"@id":"https:\/\/www.ainojaaskelainen.com\/?p=278#primaryimage"},"thumbnailUrl":"http:\/\/www.ainojaaskelainen.com\/wp-content\/uploads\/2017\/02\/blogiintahtipoika-224x300.jpg","articleSection":["Galleria Huuto","n\u00e4yttelyt","Ryhm\u00e4n\u00e4yttelyt","Teosv\u00e4litys"],"inLanguage":"fi","potentialAction":[{"@type":"CommentAction","name":"Comment","target":["https:\/\/www.ainojaaskelainen.com\/?p=278#respond"]}]},{"@type":"WebPage","@id":"https:\/\/www.ainojaaskelainen.com\/?p=278","url":"https:\/\/www.ainojaaskelainen.com\/?p=278","name":"N\u00e4yttely 19.4-7.5 2017 Uudenmaankadun Huudossa - Kuvataiteilija Aino J\u00e4\u00e4skel\u00e4inen","isPartOf":{"@id":"https:\/\/www.ainojaaskelainen.com\/#website"},"primaryImageOfPage":{"@id":"https:\/\/www.ainojaaskelainen.com\/?p=278#primaryimage"},"image":{"@id":"https:\/\/www.ainojaaskelainen.com\/?p=278#primaryimage"},"thumbnailUrl":"http:\/\/www.ainojaaskelainen.com\/wp-content\/uploads\/2017\/02\/blogiintahtipoika-224x300.jpg","datePublished":"2017-02-26T12:10:04+00:00","author":{"@id":"https:\/\/www.ainojaaskelainen.com\/#\/schema\/person\/5de3f06d8bc849361e2df771dac39724"},"breadcrumb":{"@id":"https:\/\/www.ainojaaskelainen.com\/?p=278#breadcrumb"},"inLanguage":"fi","potentialAction":[{"@type":"ReadAction","target":["https:\/\/www.ainojaaskelainen.com\/?p=278"]}]},{"@type":"ImageObject","inLanguage":"fi","@id":"https:\/\/www.ainojaaskelainen.com\/?p=278#primaryimage","url":"https:\/\/www.ainojaaskelainen.com\/wp-content\/uploads\/2017\/02\/blogiintahtipoika.jpg","contentUrl":"https:\/\/www.ainojaaskelainen.com\/wp-content\/uploads\/2017\/02\/blogiintahtipoika.jpg","width":595,"height":796},{"@type":"BreadcrumbList","@id":"https:\/\/www.ainojaaskelainen.com\/?p=278#breadcrumb","itemListElement":[{"@type":"ListItem","position":1,"name":"Etusivu","item":"https:\/\/www.ainojaaskelainen.com\/"},{"@type":"ListItem","position":2,"name":"N\u00e4yttely 19.4-7.5 2017 Uudenmaankadun Huudossa"}]},{"@type":"WebSite","@id":"https:\/\/www.ainojaaskelainen.com\/#website","url":"https:\/\/www.ainojaaskelainen.com\/","name":"Kuvataiteilija Aino J\u00e4\u00e4skel\u00e4inen","description":"","potentialAction":[{"@type":"SearchAction","target":{"@type":"EntryPoint","urlTemplate":"https:\/\/www.ainojaaskelainen.com\/?s={search_term_string}"},"query-input":{"@type":"PropertyValueSpecification","valueRequired":true,"valueName":"search_term_string"}}],"inLanguage":"fi"},{"@type":"Person","@id":"https:\/\/www.ainojaaskelainen.com\/#\/schema\/person\/5de3f06d8bc849361e2df771dac39724","name":"lauri","image":{"@type":"ImageObject","inLanguage":"fi","@id":"https:\/\/secure.gravatar.com\/avatar\/d90c290269aeffca0587c02eaf0f689e2f10d1e8c2b8cc64cbc0eec3c4340272?s=96&d=mm&r=g","url":"https:\/\/secure.gravatar.com\/avatar\/d90c290269aeffca0587c02eaf0f689e2f10d1e8c2b8cc64cbc0eec3c4340272?s=96&d=mm&r=g","contentUrl":"https:\/\/secure.gravatar.com\/avatar\/d90c290269aeffca0587c02eaf0f689e2f10d1e8c2b8cc64cbc0eec3c4340272?s=96&d=mm&r=g","caption":"lauri"}}]}},"_links":{"self":[{"href":"https:\/\/www.ainojaaskelainen.com\/index.php?rest_route=\/wp\/v2\/posts\/278","targetHints":{"allow":["GET"]}}],"collection":[{"href":"https:\/\/www.ainojaaskelainen.com\/index.php?rest_route=\/wp\/v2\/posts"}],"about":[{"href":"https:\/\/www.ainojaaskelainen.com\/index.php?rest_route=\/wp\/v2\/types\/post"}],"author":[{"embeddable":true,"href":"https:\/\/www.ainojaaskelainen.com\/index.php?rest_route=\/wp\/v2\/users\/1"}],"replies":[{"embeddable":true,"href":"https:\/\/www.ainojaaskelainen.com\/index.php?rest_route=%2Fwp%2Fv2%2Fcomments&post=278"}],"version-history":[{"count":4,"href":"https:\/\/www.ainojaaskelainen.com\/index.php?rest_route=\/wp\/v2\/posts\/278\/revisions"}],"predecessor-version":[{"id":292,"href":"https:\/\/www.ainojaaskelainen.com\/index.php?rest_route=\/wp\/v2\/posts\/278\/revisions\/292"}],"wp:attachment":[{"href":"https:\/\/www.ainojaaskelainen.com\/index.php?rest_route=%2Fwp%2Fv2%2Fmedia&parent=278"}],"wp:term":[{"taxonomy":"category","embeddable":true,"href":"https:\/\/www.ainojaaskelainen.com\/index.php?rest_route=%2Fwp%2Fv2%2Fcategories&post=278"},{"taxonomy":"post_tag","embeddable":true,"href":"https:\/\/www.ainojaaskelainen.com\/index.php?rest_route=%2Fwp%2Fv2%2Ftags&post=278"}],"curies":[{"name":"wp","href":"https:\/\/api.w.org\/{rel}","templated":true}]}}