{"id":267,"date":"2016-07-01T16:17:23","date_gmt":"2016-07-01T14:17:23","guid":{"rendered":"http:\/\/www.ainojaaskelainen.com\/?p=267"},"modified":"2016-07-01T20:17:24","modified_gmt":"2016-07-01T18:17:24","slug":"ihanaa-kesaa-kaikille","status":"publish","type":"post","link":"https:\/\/www.ainojaaskelainen.com\/?p=267","title":{"rendered":"Summer Prints Galleria G:ss\u00e4 28.6. &#8211; 23.7.16."},"content":{"rendered":"<p>Ihanaa kes\u00e4\u00e4 kaikille!<\/p>\n<p><a href=\"http:\/\/www.taidegraafikot.fi\/nayttelyt\/\" target=\"_blank\">Suomen Taidegraafikoiden Galleria G:ss\u00e4 on kes\u00e4ripustus.<\/a> Summer Printsin periaate on, ett\u00e4 voit ostaa ja saada teoksen sein\u00e4lt\u00e4 heti mukaasi.<\/p>\n<div id=\"attachment_266\" style=\"width: 310px\" class=\"wp-caption alignnone\"><a href=\"http:\/\/www.ainojaaskelainen.com\/wp-content\/uploads\/2016\/07\/530.jpg\" rel=\"attachment wp-att-266\"><img loading=\"lazy\" decoding=\"async\" aria-describedby=\"caption-attachment-266\" class=\"size-medium wp-image-266\" src=\"http:\/\/www.ainojaaskelainen.com\/wp-content\/uploads\/2016\/07\/530-300x224.jpg\" alt=\"Summer Prints Galleria G:ss\u00e4.\" width=\"300\" height=\"224\" srcset=\"https:\/\/www.ainojaaskelainen.com\/wp-content\/uploads\/2016\/07\/530-300x224.jpg 300w, https:\/\/www.ainojaaskelainen.com\/wp-content\/uploads\/2016\/07\/530-768x574.jpg 768w, https:\/\/www.ainojaaskelainen.com\/wp-content\/uploads\/2016\/07\/530-1024x765.jpg 1024w, https:\/\/www.ainojaaskelainen.com\/wp-content\/uploads\/2016\/07\/530-624x466.jpg 624w\" sizes=\"auto, (max-width: 300px) 100vw, 300px\" \/><\/a><p id=\"caption-attachment-266\" class=\"wp-caption-text\">Summer Prints Galleria G:ss\u00e4.<\/p><\/div>\n<p>Summer Prints on kolmen viikon teosv\u00e4litys, jonka teemana ovat kes\u00e4iset kuvat.<br \/>\nK\u00e4yk\u00e4\u00e4 katsomassa ja bongaamassa mun teokset! Alla olevassa kuvassa on kaksi saaria esitt\u00e4v\u00e4\u00e4 ty\u00f6t\u00e4ni.<\/p>\n<div id=\"attachment_265\" style=\"width: 234px\" class=\"wp-caption alignnone\"><a href=\"http:\/\/www.ainojaaskelainen.com\/wp-content\/uploads\/2016\/07\/529.jpg\" rel=\"attachment wp-att-265\"><img loading=\"lazy\" decoding=\"async\" aria-describedby=\"caption-attachment-265\" class=\"size-medium wp-image-265\" src=\"http:\/\/www.ainojaaskelainen.com\/wp-content\/uploads\/2016\/07\/529-224x300.jpg\" alt=\"Saaria\" width=\"224\" height=\"300\" srcset=\"https:\/\/www.ainojaaskelainen.com\/wp-content\/uploads\/2016\/07\/529-224x300.jpg 224w, https:\/\/www.ainojaaskelainen.com\/wp-content\/uploads\/2016\/07\/529-768x1028.jpg 768w, https:\/\/www.ainojaaskelainen.com\/wp-content\/uploads\/2016\/07\/529-765x1024.jpg 765w, https:\/\/www.ainojaaskelainen.com\/wp-content\/uploads\/2016\/07\/529-624x835.jpg 624w, https:\/\/www.ainojaaskelainen.com\/wp-content\/uploads\/2016\/07\/529.jpg 1936w\" sizes=\"auto, (max-width: 224px) 100vw, 224px\" \/><\/a><p id=\"caption-attachment-265\" class=\"wp-caption-text\">Saaria<\/p><\/div>\n<p>N\u00e4in Galleria G:n sivuilla kuvailaan Summer Printsi\u00e4:<br \/>\n&#8221;Galleria G:n kes\u00e4n\u00e4yttelyss\u00e4 on esill\u00e4 monipuolinen kattaus tuoretta kotimaista taidegrafiikkaa ja piirustuksia. Tarjolla on yli 500 uutta teosta yli yhdeks\u00e4lt\u00e4kymmenelt\u00e4 Suomen Taidegraafikot ry:n j\u00e4senelt\u00e4. N\u00e4yttelyst\u00e4 l\u00f6ytyy teoksia niin itselle kuin lahjaksi kes\u00e4n juhliin. Teokset myyd\u00e4\u00e4n heti mukaan. Tule katsastamaan suomalaisen taidegrafiikan viimeisimm\u00e4t tuulet!&#8221;<br \/>\nGalleria G sijaitsee Pikku Robertinkatu 10.<br \/>\nMyyntin\u00e4yttely on avoinna 28.6.-23.7. tiistaista lauantaihin klo 11-16, tervetuloa!<\/p>\n","protected":false},"excerpt":{"rendered":"<p>Ihanaa kes\u00e4\u00e4 kaikille! Suomen Taidegraafikoiden Galleria G:ss\u00e4 on kes\u00e4ripustus. Summer Printsin periaate on, ett\u00e4 voit ostaa ja saada teoksen sein\u00e4lt\u00e4 heti mukaasi. Summer Prints on kolmen viikon teosv\u00e4litys, jonka teemana ovat kes\u00e4iset kuvat. K\u00e4yk\u00e4\u00e4 katsomassa ja bongaamassa mun teokset! Alla olevassa kuvassa on kaksi saaria esitt\u00e4v\u00e4\u00e4 ty\u00f6t\u00e4ni. N\u00e4in Galleria G:n sivuilla kuvailaan Summer Printsi\u00e4: &#8221;Galleria [&hellip;]<\/p>\n","protected":false},"author":1,"featured_media":0,"comment_status":"open","ping_status":"closed","sticky":false,"template":"","format":"standard","meta":{"ngg_post_thumbnail":0,"footnotes":""},"categories":[5,7,6],"tags":[],"class_list":["post-267","post","type-post","status-publish","format-standard","hentry","category-galleria-g","category-nayttely","category-summer-prints"],"yoast_head":"<!-- This site is optimized with the Yoast SEO plugin v27.5 - https:\/\/yoast.com\/product\/yoast-seo-wordpress\/ -->\n<title>Summer Prints Galleria G:ss\u00e4 28.6. - 23.7.16. - Kuvataiteilija Aino J\u00e4\u00e4skel\u00e4inen<\/title>\n<meta name=\"robots\" content=\"index, follow, max-snippet:-1, max-image-preview:large, max-video-preview:-1\" \/>\n<link rel=\"canonical\" href=\"https:\/\/www.ainojaaskelainen.com\/?p=267\" \/>\n<meta property=\"og:locale\" content=\"fi_FI\" \/>\n<meta property=\"og:type\" content=\"article\" \/>\n<meta property=\"og:title\" content=\"Summer Prints Galleria G:ss\u00e4 28.6. - 23.7.16. - Kuvataiteilija Aino J\u00e4\u00e4skel\u00e4inen\" \/>\n<meta property=\"og:description\" content=\"Ihanaa kes\u00e4\u00e4 kaikille! Suomen Taidegraafikoiden Galleria G:ss\u00e4 on kes\u00e4ripustus. Summer Printsin periaate on, ett\u00e4 voit ostaa ja saada teoksen sein\u00e4lt\u00e4 heti mukaasi. Summer Prints on kolmen viikon teosv\u00e4litys, jonka teemana ovat kes\u00e4iset kuvat. K\u00e4yk\u00e4\u00e4 katsomassa ja bongaamassa mun teokset! Alla olevassa kuvassa on kaksi saaria esitt\u00e4v\u00e4\u00e4 ty\u00f6t\u00e4ni. N\u00e4in Galleria G:n sivuilla kuvailaan Summer Printsi\u00e4: &#8221;Galleria [&hellip;]\" \/>\n<meta property=\"og:url\" content=\"https:\/\/www.ainojaaskelainen.com\/?p=267\" \/>\n<meta property=\"og:site_name\" content=\"Kuvataiteilija Aino J\u00e4\u00e4skel\u00e4inen\" \/>\n<meta property=\"article:publisher\" content=\"https:\/\/www.facebook.com\/ainojaaskelainentaidegraafikko\/\" \/>\n<meta property=\"article:published_time\" content=\"2016-07-01T14:17:23+00:00\" \/>\n<meta property=\"article:modified_time\" content=\"2016-07-01T18:17:24+00:00\" \/>\n<meta property=\"og:image\" content=\"http:\/\/www.ainojaaskelainen.com\/wp-content\/uploads\/2016\/07\/530-300x224.jpg\" \/>\n<meta name=\"author\" content=\"lauri\" \/>\n<meta name=\"twitter:card\" content=\"summary_large_image\" \/>\n<meta name=\"twitter:label1\" content=\"Kirjoittanut\" \/>\n\t<meta name=\"twitter:data1\" content=\"lauri\" \/>\n\t<meta name=\"twitter:label2\" content=\"Arvioitu lukuaika\" \/>\n\t<meta name=\"twitter:data2\" content=\"1 minuutti\" \/>\n<script type=\"application\/ld+json\" class=\"yoast-schema-graph\">{\"@context\":\"https:\\\/\\\/schema.org\",\"@graph\":[{\"@type\":\"Article\",\"@id\":\"https:\\\/\\\/www.ainojaaskelainen.com\\\/?p=267#article\",\"isPartOf\":{\"@id\":\"https:\\\/\\\/www.ainojaaskelainen.com\\\/?p=267\"},\"author\":{\"name\":\"lauri\",\"@id\":\"https:\\\/\\\/www.ainojaaskelainen.com\\\/#\\\/schema\\\/person\\\/5de3f06d8bc849361e2df771dac39724\"},\"headline\":\"Summer Prints Galleria G:ss\u00e4 28.6. &#8211; 23.7.16.\",\"datePublished\":\"2016-07-01T14:17:23+00:00\",\"dateModified\":\"2016-07-01T18:17:24+00:00\",\"mainEntityOfPage\":{\"@id\":\"https:\\\/\\\/www.ainojaaskelainen.com\\\/?p=267\"},\"wordCount\":160,\"commentCount\":0,\"image\":{\"@id\":\"https:\\\/\\\/www.ainojaaskelainen.com\\\/?p=267#primaryimage\"},\"thumbnailUrl\":\"http:\\\/\\\/www.ainojaaskelainen.com\\\/wp-content\\\/uploads\\\/2016\\\/07\\\/530-300x224.jpg\",\"articleSection\":[\"galleria g\",\"n\u00e4yttely\",\"summer prints\"],\"inLanguage\":\"fi\",\"potentialAction\":[{\"@type\":\"CommentAction\",\"name\":\"Comment\",\"target\":[\"https:\\\/\\\/www.ainojaaskelainen.com\\\/?p=267#respond\"]}]},{\"@type\":\"WebPage\",\"@id\":\"https:\\\/\\\/www.ainojaaskelainen.com\\\/?p=267\",\"url\":\"https:\\\/\\\/www.ainojaaskelainen.com\\\/?p=267\",\"name\":\"Summer Prints Galleria G:ss\u00e4 28.6. - 23.7.16. - Kuvataiteilija Aino J\u00e4\u00e4skel\u00e4inen\",\"isPartOf\":{\"@id\":\"https:\\\/\\\/www.ainojaaskelainen.com\\\/#website\"},\"primaryImageOfPage\":{\"@id\":\"https:\\\/\\\/www.ainojaaskelainen.com\\\/?p=267#primaryimage\"},\"image\":{\"@id\":\"https:\\\/\\\/www.ainojaaskelainen.com\\\/?p=267#primaryimage\"},\"thumbnailUrl\":\"http:\\\/\\\/www.ainojaaskelainen.com\\\/wp-content\\\/uploads\\\/2016\\\/07\\\/530-300x224.jpg\",\"datePublished\":\"2016-07-01T14:17:23+00:00\",\"dateModified\":\"2016-07-01T18:17:24+00:00\",\"author\":{\"@id\":\"https:\\\/\\\/www.ainojaaskelainen.com\\\/#\\\/schema\\\/person\\\/5de3f06d8bc849361e2df771dac39724\"},\"breadcrumb\":{\"@id\":\"https:\\\/\\\/www.ainojaaskelainen.com\\\/?p=267#breadcrumb\"},\"inLanguage\":\"fi\",\"potentialAction\":[{\"@type\":\"ReadAction\",\"target\":[\"https:\\\/\\\/www.ainojaaskelainen.com\\\/?p=267\"]}]},{\"@type\":\"ImageObject\",\"inLanguage\":\"fi\",\"@id\":\"https:\\\/\\\/www.ainojaaskelainen.com\\\/?p=267#primaryimage\",\"url\":\"https:\\\/\\\/www.ainojaaskelainen.com\\\/wp-content\\\/uploads\\\/2016\\\/07\\\/530.jpg\",\"contentUrl\":\"https:\\\/\\\/www.ainojaaskelainen.com\\\/wp-content\\\/uploads\\\/2016\\\/07\\\/530.jpg\",\"width\":2592,\"height\":1936,\"caption\":\"Summer Prints Galleria G:ss\u00e4.\"},{\"@type\":\"BreadcrumbList\",\"@id\":\"https:\\\/\\\/www.ainojaaskelainen.com\\\/?p=267#breadcrumb\",\"itemListElement\":[{\"@type\":\"ListItem\",\"position\":1,\"name\":\"Etusivu\",\"item\":\"https:\\\/\\\/www.ainojaaskelainen.com\\\/\"},{\"@type\":\"ListItem\",\"position\":2,\"name\":\"Summer Prints Galleria G:ss\u00e4 28.6. &#8211; 23.7.16.\"}]},{\"@type\":\"WebSite\",\"@id\":\"https:\\\/\\\/www.ainojaaskelainen.com\\\/#website\",\"url\":\"https:\\\/\\\/www.ainojaaskelainen.com\\\/\",\"name\":\"Kuvataiteilija Aino J\u00e4\u00e4skel\u00e4inen\",\"description\":\"\",\"potentialAction\":[{\"@type\":\"SearchAction\",\"target\":{\"@type\":\"EntryPoint\",\"urlTemplate\":\"https:\\\/\\\/www.ainojaaskelainen.com\\\/?s={search_term_string}\"},\"query-input\":{\"@type\":\"PropertyValueSpecification\",\"valueRequired\":true,\"valueName\":\"search_term_string\"}}],\"inLanguage\":\"fi\"},{\"@type\":\"Person\",\"@id\":\"https:\\\/\\\/www.ainojaaskelainen.com\\\/#\\\/schema\\\/person\\\/5de3f06d8bc849361e2df771dac39724\",\"name\":\"lauri\",\"image\":{\"@type\":\"ImageObject\",\"inLanguage\":\"fi\",\"@id\":\"https:\\\/\\\/secure.gravatar.com\\\/avatar\\\/d90c290269aeffca0587c02eaf0f689e2f10d1e8c2b8cc64cbc0eec3c4340272?s=96&d=mm&r=g\",\"url\":\"https:\\\/\\\/secure.gravatar.com\\\/avatar\\\/d90c290269aeffca0587c02eaf0f689e2f10d1e8c2b8cc64cbc0eec3c4340272?s=96&d=mm&r=g\",\"contentUrl\":\"https:\\\/\\\/secure.gravatar.com\\\/avatar\\\/d90c290269aeffca0587c02eaf0f689e2f10d1e8c2b8cc64cbc0eec3c4340272?s=96&d=mm&r=g\",\"caption\":\"lauri\"}}]}<\/script>\n<!-- \/ Yoast SEO plugin. -->","yoast_head_json":{"title":"Summer Prints Galleria G:ss\u00e4 28.6. - 23.7.16. - Kuvataiteilija Aino J\u00e4\u00e4skel\u00e4inen","robots":{"index":"index","follow":"follow","max-snippet":"max-snippet:-1","max-image-preview":"max-image-preview:large","max-video-preview":"max-video-preview:-1"},"canonical":"https:\/\/www.ainojaaskelainen.com\/?p=267","og_locale":"fi_FI","og_type":"article","og_title":"Summer Prints Galleria G:ss\u00e4 28.6. - 23.7.16. - Kuvataiteilija Aino J\u00e4\u00e4skel\u00e4inen","og_description":"Ihanaa kes\u00e4\u00e4 kaikille! Suomen Taidegraafikoiden Galleria G:ss\u00e4 on kes\u00e4ripustus. Summer Printsin periaate on, ett\u00e4 voit ostaa ja saada teoksen sein\u00e4lt\u00e4 heti mukaasi. Summer Prints on kolmen viikon teosv\u00e4litys, jonka teemana ovat kes\u00e4iset kuvat. K\u00e4yk\u00e4\u00e4 katsomassa ja bongaamassa mun teokset! Alla olevassa kuvassa on kaksi saaria esitt\u00e4v\u00e4\u00e4 ty\u00f6t\u00e4ni. N\u00e4in Galleria G:n sivuilla kuvailaan Summer Printsi\u00e4: &#8221;Galleria [&hellip;]","og_url":"https:\/\/www.ainojaaskelainen.com\/?p=267","og_site_name":"Kuvataiteilija Aino J\u00e4\u00e4skel\u00e4inen","article_publisher":"https:\/\/www.facebook.com\/ainojaaskelainentaidegraafikko\/","article_published_time":"2016-07-01T14:17:23+00:00","article_modified_time":"2016-07-01T18:17:24+00:00","og_image":[{"url":"http:\/\/www.ainojaaskelainen.com\/wp-content\/uploads\/2016\/07\/530-300x224.jpg","type":"","width":"","height":""}],"author":"lauri","twitter_card":"summary_large_image","twitter_misc":{"Kirjoittanut":"lauri","Arvioitu lukuaika":"1 minuutti"},"schema":{"@context":"https:\/\/schema.org","@graph":[{"@type":"Article","@id":"https:\/\/www.ainojaaskelainen.com\/?p=267#article","isPartOf":{"@id":"https:\/\/www.ainojaaskelainen.com\/?p=267"},"author":{"name":"lauri","@id":"https:\/\/www.ainojaaskelainen.com\/#\/schema\/person\/5de3f06d8bc849361e2df771dac39724"},"headline":"Summer Prints Galleria G:ss\u00e4 28.6. &#8211; 23.7.16.","datePublished":"2016-07-01T14:17:23+00:00","dateModified":"2016-07-01T18:17:24+00:00","mainEntityOfPage":{"@id":"https:\/\/www.ainojaaskelainen.com\/?p=267"},"wordCount":160,"commentCount":0,"image":{"@id":"https:\/\/www.ainojaaskelainen.com\/?p=267#primaryimage"},"thumbnailUrl":"http:\/\/www.ainojaaskelainen.com\/wp-content\/uploads\/2016\/07\/530-300x224.jpg","articleSection":["galleria g","n\u00e4yttely","summer prints"],"inLanguage":"fi","potentialAction":[{"@type":"CommentAction","name":"Comment","target":["https:\/\/www.ainojaaskelainen.com\/?p=267#respond"]}]},{"@type":"WebPage","@id":"https:\/\/www.ainojaaskelainen.com\/?p=267","url":"https:\/\/www.ainojaaskelainen.com\/?p=267","name":"Summer Prints Galleria G:ss\u00e4 28.6. - 23.7.16. - Kuvataiteilija Aino J\u00e4\u00e4skel\u00e4inen","isPartOf":{"@id":"https:\/\/www.ainojaaskelainen.com\/#website"},"primaryImageOfPage":{"@id":"https:\/\/www.ainojaaskelainen.com\/?p=267#primaryimage"},"image":{"@id":"https:\/\/www.ainojaaskelainen.com\/?p=267#primaryimage"},"thumbnailUrl":"http:\/\/www.ainojaaskelainen.com\/wp-content\/uploads\/2016\/07\/530-300x224.jpg","datePublished":"2016-07-01T14:17:23+00:00","dateModified":"2016-07-01T18:17:24+00:00","author":{"@id":"https:\/\/www.ainojaaskelainen.com\/#\/schema\/person\/5de3f06d8bc849361e2df771dac39724"},"breadcrumb":{"@id":"https:\/\/www.ainojaaskelainen.com\/?p=267#breadcrumb"},"inLanguage":"fi","potentialAction":[{"@type":"ReadAction","target":["https:\/\/www.ainojaaskelainen.com\/?p=267"]}]},{"@type":"ImageObject","inLanguage":"fi","@id":"https:\/\/www.ainojaaskelainen.com\/?p=267#primaryimage","url":"https:\/\/www.ainojaaskelainen.com\/wp-content\/uploads\/2016\/07\/530.jpg","contentUrl":"https:\/\/www.ainojaaskelainen.com\/wp-content\/uploads\/2016\/07\/530.jpg","width":2592,"height":1936,"caption":"Summer Prints Galleria G:ss\u00e4."},{"@type":"BreadcrumbList","@id":"https:\/\/www.ainojaaskelainen.com\/?p=267#breadcrumb","itemListElement":[{"@type":"ListItem","position":1,"name":"Etusivu","item":"https:\/\/www.ainojaaskelainen.com\/"},{"@type":"ListItem","position":2,"name":"Summer Prints Galleria G:ss\u00e4 28.6. &#8211; 23.7.16."}]},{"@type":"WebSite","@id":"https:\/\/www.ainojaaskelainen.com\/#website","url":"https:\/\/www.ainojaaskelainen.com\/","name":"Kuvataiteilija Aino J\u00e4\u00e4skel\u00e4inen","description":"","potentialAction":[{"@type":"SearchAction","target":{"@type":"EntryPoint","urlTemplate":"https:\/\/www.ainojaaskelainen.com\/?s={search_term_string}"},"query-input":{"@type":"PropertyValueSpecification","valueRequired":true,"valueName":"search_term_string"}}],"inLanguage":"fi"},{"@type":"Person","@id":"https:\/\/www.ainojaaskelainen.com\/#\/schema\/person\/5de3f06d8bc849361e2df771dac39724","name":"lauri","image":{"@type":"ImageObject","inLanguage":"fi","@id":"https:\/\/secure.gravatar.com\/avatar\/d90c290269aeffca0587c02eaf0f689e2f10d1e8c2b8cc64cbc0eec3c4340272?s=96&d=mm&r=g","url":"https:\/\/secure.gravatar.com\/avatar\/d90c290269aeffca0587c02eaf0f689e2f10d1e8c2b8cc64cbc0eec3c4340272?s=96&d=mm&r=g","contentUrl":"https:\/\/secure.gravatar.com\/avatar\/d90c290269aeffca0587c02eaf0f689e2f10d1e8c2b8cc64cbc0eec3c4340272?s=96&d=mm&r=g","caption":"lauri"}}]}},"_links":{"self":[{"href":"https:\/\/www.ainojaaskelainen.com\/index.php?rest_route=\/wp\/v2\/posts\/267","targetHints":{"allow":["GET"]}}],"collection":[{"href":"https:\/\/www.ainojaaskelainen.com\/index.php?rest_route=\/wp\/v2\/posts"}],"about":[{"href":"https:\/\/www.ainojaaskelainen.com\/index.php?rest_route=\/wp\/v2\/types\/post"}],"author":[{"embeddable":true,"href":"https:\/\/www.ainojaaskelainen.com\/index.php?rest_route=\/wp\/v2\/users\/1"}],"replies":[{"embeddable":true,"href":"https:\/\/www.ainojaaskelainen.com\/index.php?rest_route=%2Fwp%2Fv2%2Fcomments&post=267"}],"version-history":[{"count":9,"href":"https:\/\/www.ainojaaskelainen.com\/index.php?rest_route=\/wp\/v2\/posts\/267\/revisions"}],"predecessor-version":[{"id":276,"href":"https:\/\/www.ainojaaskelainen.com\/index.php?rest_route=\/wp\/v2\/posts\/267\/revisions\/276"}],"wp:attachment":[{"href":"https:\/\/www.ainojaaskelainen.com\/index.php?rest_route=%2Fwp%2Fv2%2Fmedia&parent=267"}],"wp:term":[{"taxonomy":"category","embeddable":true,"href":"https:\/\/www.ainojaaskelainen.com\/index.php?rest_route=%2Fwp%2Fv2%2Fcategories&post=267"},{"taxonomy":"post_tag","embeddable":true,"href":"https:\/\/www.ainojaaskelainen.com\/index.php?rest_route=%2Fwp%2Fv2%2Ftags&post=267"}],"curies":[{"name":"wp","href":"https:\/\/api.w.org\/{rel}","templated":true}]}}