{"id":258,"date":"2016-02-06T12:26:41","date_gmt":"2016-02-06T10:26:41","guid":{"rendered":"http:\/\/www.ainojaaskelainen.com\/?p=258"},"modified":"2016-02-06T17:06:11","modified_gmt":"2016-02-06T15:06:11","slug":"peruste-seka-niin-ja-nain","status":"publish","type":"post","link":"https:\/\/www.ainojaaskelainen.com\/?p=258","title":{"rendered":"Peruste sek\u00e4 niin &#038; n\u00e4in"},"content":{"rendered":"<p>Hei!<br \/>\nHyv\u00e4\u00e4 alkanutta vuotta!<br \/>\nT\u00e4ss\u00e4 kuva kahdesta tyylikk\u00e4\u00e4st\u00e4 julkaisusta. Kummankin kannessa koreilee kuva teoksestani, ja sis\u00e4lt\u00e4 l\u00f6ytyy niit\u00e4 lis\u00e4\u00e4.<br \/>\nPeruste on yhteiskunnallinen aikakausilehti ja se ilmestyi juuri, loppuvuonna 2015<br \/>\nniin &#038; n\u00e4in  on filosofinen aikakausilehti, minun kanteni on vuodelta 2014.<br \/>\n<a href=\"http:\/\/www.ainojaaskelainen.com\/wp-content\/uploads\/2016\/02\/lehdet2.jpg\"><img loading=\"lazy\" decoding=\"async\" src=\"http:\/\/www.ainojaaskelainen.com\/wp-content\/uploads\/2016\/02\/lehdet2-300x194.jpg\" alt=\"lehdet2\" width=\"300\" height=\"194\" class=\"alignnone size-medium wp-image-259\" srcset=\"https:\/\/www.ainojaaskelainen.com\/wp-content\/uploads\/2016\/02\/lehdet2-300x194.jpg 300w, https:\/\/www.ainojaaskelainen.com\/wp-content\/uploads\/2016\/02\/lehdet2-1024x661.jpg 1024w, https:\/\/www.ainojaaskelainen.com\/wp-content\/uploads\/2016\/02\/lehdet2-624x403.jpg 624w, https:\/\/www.ainojaaskelainen.com\/wp-content\/uploads\/2016\/02\/lehdet2.jpg 1476w\" sizes=\"auto, (max-width: 300px) 100vw, 300px\" \/><\/a><br \/>\nTutustukaa ihmeess\u00e4!<\/p>\n<p>Talvisin terveisin, Aino<\/p>\n","protected":false},"excerpt":{"rendered":"<p>Hei! Hyv\u00e4\u00e4 alkanutta vuotta! T\u00e4ss\u00e4 kuva kahdesta tyylikk\u00e4\u00e4st\u00e4 julkaisusta. Kummankin kannessa koreilee kuva teoksestani, ja sis\u00e4lt\u00e4 l\u00f6ytyy niit\u00e4 lis\u00e4\u00e4. Peruste on yhteiskunnallinen aikakausilehti ja se ilmestyi juuri, loppuvuonna 2015 niin &#038; n\u00e4in on filosofinen aikakausilehti, minun kanteni on vuodelta 2014. Tutustukaa ihmeess\u00e4! Talvisin terveisin, Aino<\/p>\n","protected":false},"author":1,"featured_media":0,"comment_status":"open","ping_status":"closed","sticky":false,"template":"","format":"standard","meta":{"ngg_post_thumbnail":0,"footnotes":""},"categories":[4],"tags":[],"class_list":["post-258","post","type-post","status-publish","format-standard","hentry","category-kannet"],"yoast_head":"<!-- This site is optimized with the Yoast SEO plugin v27.5 - https:\/\/yoast.com\/product\/yoast-seo-wordpress\/ -->\n<title>Peruste sek\u00e4 niin &amp; n\u00e4in - Kuvataiteilija Aino J\u00e4\u00e4skel\u00e4inen<\/title>\n<meta name=\"robots\" content=\"index, follow, max-snippet:-1, max-image-preview:large, max-video-preview:-1\" \/>\n<link rel=\"canonical\" href=\"https:\/\/www.ainojaaskelainen.com\/?p=258\" \/>\n<meta property=\"og:locale\" content=\"fi_FI\" \/>\n<meta property=\"og:type\" content=\"article\" \/>\n<meta property=\"og:title\" content=\"Peruste sek\u00e4 niin &amp; n\u00e4in - Kuvataiteilija Aino J\u00e4\u00e4skel\u00e4inen\" \/>\n<meta property=\"og:description\" content=\"Hei! Hyv\u00e4\u00e4 alkanutta vuotta! T\u00e4ss\u00e4 kuva kahdesta tyylikk\u00e4\u00e4st\u00e4 julkaisusta. Kummankin kannessa koreilee kuva teoksestani, ja sis\u00e4lt\u00e4 l\u00f6ytyy niit\u00e4 lis\u00e4\u00e4. Peruste on yhteiskunnallinen aikakausilehti ja se ilmestyi juuri, loppuvuonna 2015 niin &#038; n\u00e4in on filosofinen aikakausilehti, minun kanteni on vuodelta 2014. Tutustukaa ihmeess\u00e4! Talvisin terveisin, Aino\" \/>\n<meta property=\"og:url\" content=\"https:\/\/www.ainojaaskelainen.com\/?p=258\" \/>\n<meta property=\"og:site_name\" content=\"Kuvataiteilija Aino J\u00e4\u00e4skel\u00e4inen\" \/>\n<meta property=\"article:publisher\" content=\"https:\/\/www.facebook.com\/ainojaaskelainentaidegraafikko\/\" \/>\n<meta property=\"article:published_time\" content=\"2016-02-06T10:26:41+00:00\" \/>\n<meta property=\"article:modified_time\" content=\"2016-02-06T15:06:11+00:00\" \/>\n<meta property=\"og:image\" content=\"http:\/\/www.ainojaaskelainen.com\/wp-content\/uploads\/2016\/02\/lehdet2-300x194.jpg\" \/>\n<meta name=\"author\" content=\"lauri\" \/>\n<meta name=\"twitter:card\" content=\"summary_large_image\" \/>\n<meta name=\"twitter:label1\" content=\"Kirjoittanut\" \/>\n\t<meta name=\"twitter:data1\" content=\"lauri\" \/>\n<script type=\"application\/ld+json\" class=\"yoast-schema-graph\">{\"@context\":\"https:\\\/\\\/schema.org\",\"@graph\":[{\"@type\":\"Article\",\"@id\":\"https:\\\/\\\/www.ainojaaskelainen.com\\\/?p=258#article\",\"isPartOf\":{\"@id\":\"https:\\\/\\\/www.ainojaaskelainen.com\\\/?p=258\"},\"author\":{\"name\":\"lauri\",\"@id\":\"https:\\\/\\\/www.ainojaaskelainen.com\\\/#\\\/schema\\\/person\\\/5de3f06d8bc849361e2df771dac39724\"},\"headline\":\"Peruste sek\u00e4 niin &#038; n\u00e4in\",\"datePublished\":\"2016-02-06T10:26:41+00:00\",\"dateModified\":\"2016-02-06T15:06:11+00:00\",\"mainEntityOfPage\":{\"@id\":\"https:\\\/\\\/www.ainojaaskelainen.com\\\/?p=258\"},\"wordCount\":52,\"commentCount\":0,\"image\":{\"@id\":\"https:\\\/\\\/www.ainojaaskelainen.com\\\/?p=258#primaryimage\"},\"thumbnailUrl\":\"http:\\\/\\\/www.ainojaaskelainen.com\\\/wp-content\\\/uploads\\\/2016\\\/02\\\/lehdet2-300x194.jpg\",\"articleSection\":[\"kannet\"],\"inLanguage\":\"fi\",\"potentialAction\":[{\"@type\":\"CommentAction\",\"name\":\"Comment\",\"target\":[\"https:\\\/\\\/www.ainojaaskelainen.com\\\/?p=258#respond\"]}]},{\"@type\":\"WebPage\",\"@id\":\"https:\\\/\\\/www.ainojaaskelainen.com\\\/?p=258\",\"url\":\"https:\\\/\\\/www.ainojaaskelainen.com\\\/?p=258\",\"name\":\"Peruste sek\u00e4 niin & n\u00e4in - Kuvataiteilija Aino J\u00e4\u00e4skel\u00e4inen\",\"isPartOf\":{\"@id\":\"https:\\\/\\\/www.ainojaaskelainen.com\\\/#website\"},\"primaryImageOfPage\":{\"@id\":\"https:\\\/\\\/www.ainojaaskelainen.com\\\/?p=258#primaryimage\"},\"image\":{\"@id\":\"https:\\\/\\\/www.ainojaaskelainen.com\\\/?p=258#primaryimage\"},\"thumbnailUrl\":\"http:\\\/\\\/www.ainojaaskelainen.com\\\/wp-content\\\/uploads\\\/2016\\\/02\\\/lehdet2-300x194.jpg\",\"datePublished\":\"2016-02-06T10:26:41+00:00\",\"dateModified\":\"2016-02-06T15:06:11+00:00\",\"author\":{\"@id\":\"https:\\\/\\\/www.ainojaaskelainen.com\\\/#\\\/schema\\\/person\\\/5de3f06d8bc849361e2df771dac39724\"},\"breadcrumb\":{\"@id\":\"https:\\\/\\\/www.ainojaaskelainen.com\\\/?p=258#breadcrumb\"},\"inLanguage\":\"fi\",\"potentialAction\":[{\"@type\":\"ReadAction\",\"target\":[\"https:\\\/\\\/www.ainojaaskelainen.com\\\/?p=258\"]}]},{\"@type\":\"ImageObject\",\"inLanguage\":\"fi\",\"@id\":\"https:\\\/\\\/www.ainojaaskelainen.com\\\/?p=258#primaryimage\",\"url\":\"https:\\\/\\\/www.ainojaaskelainen.com\\\/wp-content\\\/uploads\\\/2016\\\/02\\\/lehdet2.jpg\",\"contentUrl\":\"https:\\\/\\\/www.ainojaaskelainen.com\\\/wp-content\\\/uploads\\\/2016\\\/02\\\/lehdet2.jpg\",\"width\":1476,\"height\":953},{\"@type\":\"BreadcrumbList\",\"@id\":\"https:\\\/\\\/www.ainojaaskelainen.com\\\/?p=258#breadcrumb\",\"itemListElement\":[{\"@type\":\"ListItem\",\"position\":1,\"name\":\"Etusivu\",\"item\":\"https:\\\/\\\/www.ainojaaskelainen.com\\\/\"},{\"@type\":\"ListItem\",\"position\":2,\"name\":\"Peruste sek\u00e4 niin &#038; n\u00e4in\"}]},{\"@type\":\"WebSite\",\"@id\":\"https:\\\/\\\/www.ainojaaskelainen.com\\\/#website\",\"url\":\"https:\\\/\\\/www.ainojaaskelainen.com\\\/\",\"name\":\"Kuvataiteilija Aino J\u00e4\u00e4skel\u00e4inen\",\"description\":\"\",\"potentialAction\":[{\"@type\":\"SearchAction\",\"target\":{\"@type\":\"EntryPoint\",\"urlTemplate\":\"https:\\\/\\\/www.ainojaaskelainen.com\\\/?s={search_term_string}\"},\"query-input\":{\"@type\":\"PropertyValueSpecification\",\"valueRequired\":true,\"valueName\":\"search_term_string\"}}],\"inLanguage\":\"fi\"},{\"@type\":\"Person\",\"@id\":\"https:\\\/\\\/www.ainojaaskelainen.com\\\/#\\\/schema\\\/person\\\/5de3f06d8bc849361e2df771dac39724\",\"name\":\"lauri\",\"image\":{\"@type\":\"ImageObject\",\"inLanguage\":\"fi\",\"@id\":\"https:\\\/\\\/secure.gravatar.com\\\/avatar\\\/d90c290269aeffca0587c02eaf0f689e2f10d1e8c2b8cc64cbc0eec3c4340272?s=96&d=mm&r=g\",\"url\":\"https:\\\/\\\/secure.gravatar.com\\\/avatar\\\/d90c290269aeffca0587c02eaf0f689e2f10d1e8c2b8cc64cbc0eec3c4340272?s=96&d=mm&r=g\",\"contentUrl\":\"https:\\\/\\\/secure.gravatar.com\\\/avatar\\\/d90c290269aeffca0587c02eaf0f689e2f10d1e8c2b8cc64cbc0eec3c4340272?s=96&d=mm&r=g\",\"caption\":\"lauri\"}}]}<\/script>\n<!-- \/ Yoast SEO plugin. -->","yoast_head_json":{"title":"Peruste sek\u00e4 niin & n\u00e4in - Kuvataiteilija Aino J\u00e4\u00e4skel\u00e4inen","robots":{"index":"index","follow":"follow","max-snippet":"max-snippet:-1","max-image-preview":"max-image-preview:large","max-video-preview":"max-video-preview:-1"},"canonical":"https:\/\/www.ainojaaskelainen.com\/?p=258","og_locale":"fi_FI","og_type":"article","og_title":"Peruste sek\u00e4 niin & n\u00e4in - Kuvataiteilija Aino J\u00e4\u00e4skel\u00e4inen","og_description":"Hei! Hyv\u00e4\u00e4 alkanutta vuotta! T\u00e4ss\u00e4 kuva kahdesta tyylikk\u00e4\u00e4st\u00e4 julkaisusta. Kummankin kannessa koreilee kuva teoksestani, ja sis\u00e4lt\u00e4 l\u00f6ytyy niit\u00e4 lis\u00e4\u00e4. Peruste on yhteiskunnallinen aikakausilehti ja se ilmestyi juuri, loppuvuonna 2015 niin &#038; n\u00e4in on filosofinen aikakausilehti, minun kanteni on vuodelta 2014. Tutustukaa ihmeess\u00e4! Talvisin terveisin, Aino","og_url":"https:\/\/www.ainojaaskelainen.com\/?p=258","og_site_name":"Kuvataiteilija Aino J\u00e4\u00e4skel\u00e4inen","article_publisher":"https:\/\/www.facebook.com\/ainojaaskelainentaidegraafikko\/","article_published_time":"2016-02-06T10:26:41+00:00","article_modified_time":"2016-02-06T15:06:11+00:00","og_image":[{"url":"http:\/\/www.ainojaaskelainen.com\/wp-content\/uploads\/2016\/02\/lehdet2-300x194.jpg","type":"","width":"","height":""}],"author":"lauri","twitter_card":"summary_large_image","twitter_misc":{"Kirjoittanut":"lauri"},"schema":{"@context":"https:\/\/schema.org","@graph":[{"@type":"Article","@id":"https:\/\/www.ainojaaskelainen.com\/?p=258#article","isPartOf":{"@id":"https:\/\/www.ainojaaskelainen.com\/?p=258"},"author":{"name":"lauri","@id":"https:\/\/www.ainojaaskelainen.com\/#\/schema\/person\/5de3f06d8bc849361e2df771dac39724"},"headline":"Peruste sek\u00e4 niin &#038; n\u00e4in","datePublished":"2016-02-06T10:26:41+00:00","dateModified":"2016-02-06T15:06:11+00:00","mainEntityOfPage":{"@id":"https:\/\/www.ainojaaskelainen.com\/?p=258"},"wordCount":52,"commentCount":0,"image":{"@id":"https:\/\/www.ainojaaskelainen.com\/?p=258#primaryimage"},"thumbnailUrl":"http:\/\/www.ainojaaskelainen.com\/wp-content\/uploads\/2016\/02\/lehdet2-300x194.jpg","articleSection":["kannet"],"inLanguage":"fi","potentialAction":[{"@type":"CommentAction","name":"Comment","target":["https:\/\/www.ainojaaskelainen.com\/?p=258#respond"]}]},{"@type":"WebPage","@id":"https:\/\/www.ainojaaskelainen.com\/?p=258","url":"https:\/\/www.ainojaaskelainen.com\/?p=258","name":"Peruste sek\u00e4 niin & n\u00e4in - Kuvataiteilija Aino J\u00e4\u00e4skel\u00e4inen","isPartOf":{"@id":"https:\/\/www.ainojaaskelainen.com\/#website"},"primaryImageOfPage":{"@id":"https:\/\/www.ainojaaskelainen.com\/?p=258#primaryimage"},"image":{"@id":"https:\/\/www.ainojaaskelainen.com\/?p=258#primaryimage"},"thumbnailUrl":"http:\/\/www.ainojaaskelainen.com\/wp-content\/uploads\/2016\/02\/lehdet2-300x194.jpg","datePublished":"2016-02-06T10:26:41+00:00","dateModified":"2016-02-06T15:06:11+00:00","author":{"@id":"https:\/\/www.ainojaaskelainen.com\/#\/schema\/person\/5de3f06d8bc849361e2df771dac39724"},"breadcrumb":{"@id":"https:\/\/www.ainojaaskelainen.com\/?p=258#breadcrumb"},"inLanguage":"fi","potentialAction":[{"@type":"ReadAction","target":["https:\/\/www.ainojaaskelainen.com\/?p=258"]}]},{"@type":"ImageObject","inLanguage":"fi","@id":"https:\/\/www.ainojaaskelainen.com\/?p=258#primaryimage","url":"https:\/\/www.ainojaaskelainen.com\/wp-content\/uploads\/2016\/02\/lehdet2.jpg","contentUrl":"https:\/\/www.ainojaaskelainen.com\/wp-content\/uploads\/2016\/02\/lehdet2.jpg","width":1476,"height":953},{"@type":"BreadcrumbList","@id":"https:\/\/www.ainojaaskelainen.com\/?p=258#breadcrumb","itemListElement":[{"@type":"ListItem","position":1,"name":"Etusivu","item":"https:\/\/www.ainojaaskelainen.com\/"},{"@type":"ListItem","position":2,"name":"Peruste sek\u00e4 niin &#038; n\u00e4in"}]},{"@type":"WebSite","@id":"https:\/\/www.ainojaaskelainen.com\/#website","url":"https:\/\/www.ainojaaskelainen.com\/","name":"Kuvataiteilija Aino J\u00e4\u00e4skel\u00e4inen","description":"","potentialAction":[{"@type":"SearchAction","target":{"@type":"EntryPoint","urlTemplate":"https:\/\/www.ainojaaskelainen.com\/?s={search_term_string}"},"query-input":{"@type":"PropertyValueSpecification","valueRequired":true,"valueName":"search_term_string"}}],"inLanguage":"fi"},{"@type":"Person","@id":"https:\/\/www.ainojaaskelainen.com\/#\/schema\/person\/5de3f06d8bc849361e2df771dac39724","name":"lauri","image":{"@type":"ImageObject","inLanguage":"fi","@id":"https:\/\/secure.gravatar.com\/avatar\/d90c290269aeffca0587c02eaf0f689e2f10d1e8c2b8cc64cbc0eec3c4340272?s=96&d=mm&r=g","url":"https:\/\/secure.gravatar.com\/avatar\/d90c290269aeffca0587c02eaf0f689e2f10d1e8c2b8cc64cbc0eec3c4340272?s=96&d=mm&r=g","contentUrl":"https:\/\/secure.gravatar.com\/avatar\/d90c290269aeffca0587c02eaf0f689e2f10d1e8c2b8cc64cbc0eec3c4340272?s=96&d=mm&r=g","caption":"lauri"}}]}},"_links":{"self":[{"href":"https:\/\/www.ainojaaskelainen.com\/index.php?rest_route=\/wp\/v2\/posts\/258","targetHints":{"allow":["GET"]}}],"collection":[{"href":"https:\/\/www.ainojaaskelainen.com\/index.php?rest_route=\/wp\/v2\/posts"}],"about":[{"href":"https:\/\/www.ainojaaskelainen.com\/index.php?rest_route=\/wp\/v2\/types\/post"}],"author":[{"embeddable":true,"href":"https:\/\/www.ainojaaskelainen.com\/index.php?rest_route=\/wp\/v2\/users\/1"}],"replies":[{"embeddable":true,"href":"https:\/\/www.ainojaaskelainen.com\/index.php?rest_route=%2Fwp%2Fv2%2Fcomments&post=258"}],"version-history":[{"count":2,"href":"https:\/\/www.ainojaaskelainen.com\/index.php?rest_route=\/wp\/v2\/posts\/258\/revisions"}],"predecessor-version":[{"id":262,"href":"https:\/\/www.ainojaaskelainen.com\/index.php?rest_route=\/wp\/v2\/posts\/258\/revisions\/262"}],"wp:attachment":[{"href":"https:\/\/www.ainojaaskelainen.com\/index.php?rest_route=%2Fwp%2Fv2%2Fmedia&parent=258"}],"wp:term":[{"taxonomy":"category","embeddable":true,"href":"https:\/\/www.ainojaaskelainen.com\/index.php?rest_route=%2Fwp%2Fv2%2Fcategories&post=258"},{"taxonomy":"post_tag","embeddable":true,"href":"https:\/\/www.ainojaaskelainen.com\/index.php?rest_route=%2Fwp%2Fv2%2Ftags&post=258"}],"curies":[{"name":"wp","href":"https:\/\/api.w.org\/{rel}","templated":true}]}}