{"id":251,"date":"2015-09-09T11:44:31","date_gmt":"2015-09-09T09:44:31","guid":{"rendered":"http:\/\/www.ainojaaskelainen.com\/?p=251"},"modified":"2015-09-09T11:45:33","modified_gmt":"2015-09-09T09:45:33","slug":"251","status":"publish","type":"post","link":"https:\/\/www.ainojaaskelainen.com\/?p=251","title":{"rendered":"Grafoteekin kuukauden taitelija Syyskuu 2015"},"content":{"rendered":"<p>Alkusyksyn uutisia!<\/p>\n<p><a href=\"http:\/\/www.taidegraafikot.fi\/grafoteekinkuukaudentaiteilijat_2015.html\">Olen Galleria G:n Grafoteekin kuukauden taitelija<\/a>. Esill\u00e4 on monotypioitani koko syyskuun.<\/p>\n<p>&#8221;On kaunis kirkas aamu. Tuulee juuri sopivasti ja silm\u00e4t h\u00e4ik\u00e4istyv\u00e4t kaikesta kirkkaudesta. On aika l\u00e4hte\u00e4 kultalaineille seikkailuun. Tein saaria. Saaret ovat minulle matkan turvasatamia ja p\u00e4\u00e4tepisteit\u00e4. Meri on vaikea k\u00e4sitelt\u00e4v\u00e4. Saari on turvallinen l\u00e4ntti suuren aavan keskell\u00e4. Sinne on hyv\u00e4 k\u00e4perty\u00e4.&#8221;<\/p>\n<p><a href=\"http:\/\/www.ainojaaskelainen.com\/wp-content\/uploads\/2015\/09\/IMG_20150908_112605.jpg\"><img loading=\"lazy\" decoding=\"async\" class=\"alignnone size-medium wp-image-252\" src=\"http:\/\/www.ainojaaskelainen.com\/wp-content\/uploads\/2015\/09\/IMG_20150908_112605-300x225.jpg\" alt=\"Saaria\" width=\"300\" height=\"225\" srcset=\"https:\/\/www.ainojaaskelainen.com\/wp-content\/uploads\/2015\/09\/IMG_20150908_112605-300x225.jpg 300w, https:\/\/www.ainojaaskelainen.com\/wp-content\/uploads\/2015\/09\/IMG_20150908_112605-1024x768.jpg 1024w, https:\/\/www.ainojaaskelainen.com\/wp-content\/uploads\/2015\/09\/IMG_20150908_112605-624x468.jpg 624w\" sizes=\"auto, (max-width: 300px) 100vw, 300px\" \/><\/a><\/p>\n<p>Kiit\u00e4n Suomen Kulttuurirahaston Uudenmaan rahastoa tuesta.<\/p>\n<p><a href=\"http:\/\/www.ainojaaskelainen.com\/wp-content\/uploads\/2015\/09\/IMG_20150908_112922.jpg\"><img loading=\"lazy\" decoding=\"async\" class=\"alignnone size-medium wp-image-253\" src=\"http:\/\/www.ainojaaskelainen.com\/wp-content\/uploads\/2015\/09\/IMG_20150908_112922-300x225.jpg\" alt=\"Saari\" width=\"300\" height=\"225\" srcset=\"https:\/\/www.ainojaaskelainen.com\/wp-content\/uploads\/2015\/09\/IMG_20150908_112922-300x225.jpg 300w, https:\/\/www.ainojaaskelainen.com\/wp-content\/uploads\/2015\/09\/IMG_20150908_112922-1024x768.jpg 1024w, https:\/\/www.ainojaaskelainen.com\/wp-content\/uploads\/2015\/09\/IMG_20150908_112922-624x468.jpg 624w\" sizes=\"auto, (max-width: 300px) 100vw, 300px\" \/><\/a><\/p>\n<p>N\u00e4yttelytilassa on Irma Tonterin n\u00e4yttely.<\/p>\n<blockquote class=\"wp-embedded-content\" data-secret=\"kJwj7n7b51\"><p><a href=\"https:\/\/www.taidegraafikot.fi\/\">Etusivu<\/a><\/p><\/blockquote>\n<p><iframe loading=\"lazy\" class=\"wp-embedded-content\" sandbox=\"allow-scripts\" security=\"restricted\" style=\"position: absolute; clip: rect(1px, 1px, 1px, 1px);\" title=\"&#8221;Etusivu&#8221; &#8212; Suomen Taidegraafikot ry\" src=\"https:\/\/www.taidegraafikot.fi\/embed\/#?secret=EQLTSrCnZm#?secret=kJwj7n7b51\" data-secret=\"kJwj7n7b51\" width=\"600\" height=\"338\" frameborder=\"0\" marginwidth=\"0\" marginheight=\"0\" scrolling=\"no\"><\/iframe><\/p>\n","protected":false},"excerpt":{"rendered":"<p>Alkusyksyn uutisia! Olen Galleria G:n Grafoteekin kuukauden taitelija. Esill\u00e4 on monotypioitani koko syyskuun. &#8221;On kaunis kirkas aamu. Tuulee juuri sopivasti ja silm\u00e4t h\u00e4ik\u00e4istyv\u00e4t kaikesta kirkkaudesta. On aika l\u00e4hte\u00e4 kultalaineille seikkailuun. Tein saaria. Saaret ovat minulle matkan turvasatamia ja p\u00e4\u00e4tepisteit\u00e4. Meri on vaikea k\u00e4sitelt\u00e4v\u00e4. Saari on turvallinen l\u00e4ntti suuren aavan keskell\u00e4. Sinne on hyv\u00e4 k\u00e4perty\u00e4.&#8221; Kiit\u00e4n [&hellip;]<\/p>\n","protected":false},"author":2,"featured_media":0,"comment_status":"open","ping_status":"closed","sticky":false,"template":"","format":"standard","meta":{"ngg_post_thumbnail":0,"footnotes":""},"categories":[1],"tags":[],"class_list":["post-251","post","type-post","status-publish","format-standard","hentry","category-yleinen"],"yoast_head":"<!-- This site is optimized with the Yoast SEO plugin v27.5 - https:\/\/yoast.com\/product\/yoast-seo-wordpress\/ -->\n<title>Grafoteekin kuukauden taitelija Syyskuu 2015 - Kuvataiteilija Aino J\u00e4\u00e4skel\u00e4inen<\/title>\n<meta name=\"robots\" content=\"index, follow, max-snippet:-1, max-image-preview:large, max-video-preview:-1\" \/>\n<link rel=\"canonical\" href=\"https:\/\/www.ainojaaskelainen.com\/?p=251\" \/>\n<meta property=\"og:locale\" content=\"fi_FI\" \/>\n<meta property=\"og:type\" content=\"article\" \/>\n<meta property=\"og:title\" content=\"Grafoteekin kuukauden taitelija Syyskuu 2015 - Kuvataiteilija Aino J\u00e4\u00e4skel\u00e4inen\" \/>\n<meta property=\"og:description\" content=\"Alkusyksyn uutisia! Olen Galleria G:n Grafoteekin kuukauden taitelija. Esill\u00e4 on monotypioitani koko syyskuun. &#8221;On kaunis kirkas aamu. Tuulee juuri sopivasti ja silm\u00e4t h\u00e4ik\u00e4istyv\u00e4t kaikesta kirkkaudesta. On aika l\u00e4hte\u00e4 kultalaineille seikkailuun. Tein saaria. Saaret ovat minulle matkan turvasatamia ja p\u00e4\u00e4tepisteit\u00e4. Meri on vaikea k\u00e4sitelt\u00e4v\u00e4. Saari on turvallinen l\u00e4ntti suuren aavan keskell\u00e4. Sinne on hyv\u00e4 k\u00e4perty\u00e4.&#8221; Kiit\u00e4n [&hellip;]\" \/>\n<meta property=\"og:url\" content=\"https:\/\/www.ainojaaskelainen.com\/?p=251\" \/>\n<meta property=\"og:site_name\" content=\"Kuvataiteilija Aino J\u00e4\u00e4skel\u00e4inen\" \/>\n<meta property=\"article:publisher\" content=\"https:\/\/www.facebook.com\/ainojaaskelainentaidegraafikko\/\" \/>\n<meta property=\"article:published_time\" content=\"2015-09-09T09:44:31+00:00\" \/>\n<meta property=\"article:modified_time\" content=\"2015-09-09T09:45:33+00:00\" \/>\n<meta property=\"og:image\" content=\"http:\/\/www.ainojaaskelainen.com\/wp-content\/uploads\/2015\/09\/IMG_20150908_112605-300x225.jpg\" \/>\n<meta name=\"author\" content=\"aino\" \/>\n<meta name=\"twitter:card\" content=\"summary_large_image\" \/>\n<meta name=\"twitter:label1\" content=\"Kirjoittanut\" \/>\n\t<meta name=\"twitter:data1\" content=\"aino\" \/>\n<script type=\"application\/ld+json\" class=\"yoast-schema-graph\">{\"@context\":\"https:\\\/\\\/schema.org\",\"@graph\":[{\"@type\":\"Article\",\"@id\":\"https:\\\/\\\/www.ainojaaskelainen.com\\\/?p=251#article\",\"isPartOf\":{\"@id\":\"https:\\\/\\\/www.ainojaaskelainen.com\\\/?p=251\"},\"author\":{\"name\":\"aino\",\"@id\":\"https:\\\/\\\/www.ainojaaskelainen.com\\\/#\\\/schema\\\/person\\\/4324d52d7a074f0be829f9dc6d7263b7\"},\"headline\":\"Grafoteekin kuukauden taitelija Syyskuu 2015\",\"datePublished\":\"2015-09-09T09:44:31+00:00\",\"dateModified\":\"2015-09-09T09:45:33+00:00\",\"mainEntityOfPage\":{\"@id\":\"https:\\\/\\\/www.ainojaaskelainen.com\\\/?p=251\"},\"wordCount\":87,\"commentCount\":0,\"image\":{\"@id\":\"https:\\\/\\\/www.ainojaaskelainen.com\\\/?p=251#primaryimage\"},\"thumbnailUrl\":\"http:\\\/\\\/www.ainojaaskelainen.com\\\/wp-content\\\/uploads\\\/2015\\\/09\\\/IMG_20150908_112605-300x225.jpg\",\"inLanguage\":\"fi\",\"potentialAction\":[{\"@type\":\"CommentAction\",\"name\":\"Comment\",\"target\":[\"https:\\\/\\\/www.ainojaaskelainen.com\\\/?p=251#respond\"]}]},{\"@type\":\"WebPage\",\"@id\":\"https:\\\/\\\/www.ainojaaskelainen.com\\\/?p=251\",\"url\":\"https:\\\/\\\/www.ainojaaskelainen.com\\\/?p=251\",\"name\":\"Grafoteekin kuukauden taitelija Syyskuu 2015 - Kuvataiteilija Aino J\u00e4\u00e4skel\u00e4inen\",\"isPartOf\":{\"@id\":\"https:\\\/\\\/www.ainojaaskelainen.com\\\/#website\"},\"primaryImageOfPage\":{\"@id\":\"https:\\\/\\\/www.ainojaaskelainen.com\\\/?p=251#primaryimage\"},\"image\":{\"@id\":\"https:\\\/\\\/www.ainojaaskelainen.com\\\/?p=251#primaryimage\"},\"thumbnailUrl\":\"http:\\\/\\\/www.ainojaaskelainen.com\\\/wp-content\\\/uploads\\\/2015\\\/09\\\/IMG_20150908_112605-300x225.jpg\",\"datePublished\":\"2015-09-09T09:44:31+00:00\",\"dateModified\":\"2015-09-09T09:45:33+00:00\",\"author\":{\"@id\":\"https:\\\/\\\/www.ainojaaskelainen.com\\\/#\\\/schema\\\/person\\\/4324d52d7a074f0be829f9dc6d7263b7\"},\"breadcrumb\":{\"@id\":\"https:\\\/\\\/www.ainojaaskelainen.com\\\/?p=251#breadcrumb\"},\"inLanguage\":\"fi\",\"potentialAction\":[{\"@type\":\"ReadAction\",\"target\":[\"https:\\\/\\\/www.ainojaaskelainen.com\\\/?p=251\"]}]},{\"@type\":\"ImageObject\",\"inLanguage\":\"fi\",\"@id\":\"https:\\\/\\\/www.ainojaaskelainen.com\\\/?p=251#primaryimage\",\"url\":\"https:\\\/\\\/www.ainojaaskelainen.com\\\/wp-content\\\/uploads\\\/2015\\\/09\\\/IMG_20150908_112605.jpg\",\"contentUrl\":\"https:\\\/\\\/www.ainojaaskelainen.com\\\/wp-content\\\/uploads\\\/2015\\\/09\\\/IMG_20150908_112605.jpg\",\"width\":2560,\"height\":1920},{\"@type\":\"BreadcrumbList\",\"@id\":\"https:\\\/\\\/www.ainojaaskelainen.com\\\/?p=251#breadcrumb\",\"itemListElement\":[{\"@type\":\"ListItem\",\"position\":1,\"name\":\"Etusivu\",\"item\":\"https:\\\/\\\/www.ainojaaskelainen.com\\\/\"},{\"@type\":\"ListItem\",\"position\":2,\"name\":\"Grafoteekin kuukauden taitelija Syyskuu 2015\"}]},{\"@type\":\"WebSite\",\"@id\":\"https:\\\/\\\/www.ainojaaskelainen.com\\\/#website\",\"url\":\"https:\\\/\\\/www.ainojaaskelainen.com\\\/\",\"name\":\"Kuvataiteilija Aino J\u00e4\u00e4skel\u00e4inen\",\"description\":\"\",\"potentialAction\":[{\"@type\":\"SearchAction\",\"target\":{\"@type\":\"EntryPoint\",\"urlTemplate\":\"https:\\\/\\\/www.ainojaaskelainen.com\\\/?s={search_term_string}\"},\"query-input\":{\"@type\":\"PropertyValueSpecification\",\"valueRequired\":true,\"valueName\":\"search_term_string\"}}],\"inLanguage\":\"fi\"},{\"@type\":\"Person\",\"@id\":\"https:\\\/\\\/www.ainojaaskelainen.com\\\/#\\\/schema\\\/person\\\/4324d52d7a074f0be829f9dc6d7263b7\",\"name\":\"aino\",\"image\":{\"@type\":\"ImageObject\",\"inLanguage\":\"fi\",\"@id\":\"https:\\\/\\\/secure.gravatar.com\\\/avatar\\\/8a0c94034ed8b80fb48462da8f154ea6cad02b08eb29f2f53500f8200b2c41cb?s=96&d=mm&r=g\",\"url\":\"https:\\\/\\\/secure.gravatar.com\\\/avatar\\\/8a0c94034ed8b80fb48462da8f154ea6cad02b08eb29f2f53500f8200b2c41cb?s=96&d=mm&r=g\",\"contentUrl\":\"https:\\\/\\\/secure.gravatar.com\\\/avatar\\\/8a0c94034ed8b80fb48462da8f154ea6cad02b08eb29f2f53500f8200b2c41cb?s=96&d=mm&r=g\",\"caption\":\"aino\"}}]}<\/script>\n<!-- \/ Yoast SEO plugin. -->","yoast_head_json":{"title":"Grafoteekin kuukauden taitelija Syyskuu 2015 - Kuvataiteilija Aino J\u00e4\u00e4skel\u00e4inen","robots":{"index":"index","follow":"follow","max-snippet":"max-snippet:-1","max-image-preview":"max-image-preview:large","max-video-preview":"max-video-preview:-1"},"canonical":"https:\/\/www.ainojaaskelainen.com\/?p=251","og_locale":"fi_FI","og_type":"article","og_title":"Grafoteekin kuukauden taitelija Syyskuu 2015 - Kuvataiteilija Aino J\u00e4\u00e4skel\u00e4inen","og_description":"Alkusyksyn uutisia! Olen Galleria G:n Grafoteekin kuukauden taitelija. Esill\u00e4 on monotypioitani koko syyskuun. &#8221;On kaunis kirkas aamu. Tuulee juuri sopivasti ja silm\u00e4t h\u00e4ik\u00e4istyv\u00e4t kaikesta kirkkaudesta. On aika l\u00e4hte\u00e4 kultalaineille seikkailuun. Tein saaria. Saaret ovat minulle matkan turvasatamia ja p\u00e4\u00e4tepisteit\u00e4. Meri on vaikea k\u00e4sitelt\u00e4v\u00e4. Saari on turvallinen l\u00e4ntti suuren aavan keskell\u00e4. Sinne on hyv\u00e4 k\u00e4perty\u00e4.&#8221; Kiit\u00e4n [&hellip;]","og_url":"https:\/\/www.ainojaaskelainen.com\/?p=251","og_site_name":"Kuvataiteilija Aino J\u00e4\u00e4skel\u00e4inen","article_publisher":"https:\/\/www.facebook.com\/ainojaaskelainentaidegraafikko\/","article_published_time":"2015-09-09T09:44:31+00:00","article_modified_time":"2015-09-09T09:45:33+00:00","og_image":[{"url":"http:\/\/www.ainojaaskelainen.com\/wp-content\/uploads\/2015\/09\/IMG_20150908_112605-300x225.jpg","type":"","width":"","height":""}],"author":"aino","twitter_card":"summary_large_image","twitter_misc":{"Kirjoittanut":"aino"},"schema":{"@context":"https:\/\/schema.org","@graph":[{"@type":"Article","@id":"https:\/\/www.ainojaaskelainen.com\/?p=251#article","isPartOf":{"@id":"https:\/\/www.ainojaaskelainen.com\/?p=251"},"author":{"name":"aino","@id":"https:\/\/www.ainojaaskelainen.com\/#\/schema\/person\/4324d52d7a074f0be829f9dc6d7263b7"},"headline":"Grafoteekin kuukauden taitelija Syyskuu 2015","datePublished":"2015-09-09T09:44:31+00:00","dateModified":"2015-09-09T09:45:33+00:00","mainEntityOfPage":{"@id":"https:\/\/www.ainojaaskelainen.com\/?p=251"},"wordCount":87,"commentCount":0,"image":{"@id":"https:\/\/www.ainojaaskelainen.com\/?p=251#primaryimage"},"thumbnailUrl":"http:\/\/www.ainojaaskelainen.com\/wp-content\/uploads\/2015\/09\/IMG_20150908_112605-300x225.jpg","inLanguage":"fi","potentialAction":[{"@type":"CommentAction","name":"Comment","target":["https:\/\/www.ainojaaskelainen.com\/?p=251#respond"]}]},{"@type":"WebPage","@id":"https:\/\/www.ainojaaskelainen.com\/?p=251","url":"https:\/\/www.ainojaaskelainen.com\/?p=251","name":"Grafoteekin kuukauden taitelija Syyskuu 2015 - Kuvataiteilija Aino J\u00e4\u00e4skel\u00e4inen","isPartOf":{"@id":"https:\/\/www.ainojaaskelainen.com\/#website"},"primaryImageOfPage":{"@id":"https:\/\/www.ainojaaskelainen.com\/?p=251#primaryimage"},"image":{"@id":"https:\/\/www.ainojaaskelainen.com\/?p=251#primaryimage"},"thumbnailUrl":"http:\/\/www.ainojaaskelainen.com\/wp-content\/uploads\/2015\/09\/IMG_20150908_112605-300x225.jpg","datePublished":"2015-09-09T09:44:31+00:00","dateModified":"2015-09-09T09:45:33+00:00","author":{"@id":"https:\/\/www.ainojaaskelainen.com\/#\/schema\/person\/4324d52d7a074f0be829f9dc6d7263b7"},"breadcrumb":{"@id":"https:\/\/www.ainojaaskelainen.com\/?p=251#breadcrumb"},"inLanguage":"fi","potentialAction":[{"@type":"ReadAction","target":["https:\/\/www.ainojaaskelainen.com\/?p=251"]}]},{"@type":"ImageObject","inLanguage":"fi","@id":"https:\/\/www.ainojaaskelainen.com\/?p=251#primaryimage","url":"https:\/\/www.ainojaaskelainen.com\/wp-content\/uploads\/2015\/09\/IMG_20150908_112605.jpg","contentUrl":"https:\/\/www.ainojaaskelainen.com\/wp-content\/uploads\/2015\/09\/IMG_20150908_112605.jpg","width":2560,"height":1920},{"@type":"BreadcrumbList","@id":"https:\/\/www.ainojaaskelainen.com\/?p=251#breadcrumb","itemListElement":[{"@type":"ListItem","position":1,"name":"Etusivu","item":"https:\/\/www.ainojaaskelainen.com\/"},{"@type":"ListItem","position":2,"name":"Grafoteekin kuukauden taitelija Syyskuu 2015"}]},{"@type":"WebSite","@id":"https:\/\/www.ainojaaskelainen.com\/#website","url":"https:\/\/www.ainojaaskelainen.com\/","name":"Kuvataiteilija Aino J\u00e4\u00e4skel\u00e4inen","description":"","potentialAction":[{"@type":"SearchAction","target":{"@type":"EntryPoint","urlTemplate":"https:\/\/www.ainojaaskelainen.com\/?s={search_term_string}"},"query-input":{"@type":"PropertyValueSpecification","valueRequired":true,"valueName":"search_term_string"}}],"inLanguage":"fi"},{"@type":"Person","@id":"https:\/\/www.ainojaaskelainen.com\/#\/schema\/person\/4324d52d7a074f0be829f9dc6d7263b7","name":"aino","image":{"@type":"ImageObject","inLanguage":"fi","@id":"https:\/\/secure.gravatar.com\/avatar\/8a0c94034ed8b80fb48462da8f154ea6cad02b08eb29f2f53500f8200b2c41cb?s=96&d=mm&r=g","url":"https:\/\/secure.gravatar.com\/avatar\/8a0c94034ed8b80fb48462da8f154ea6cad02b08eb29f2f53500f8200b2c41cb?s=96&d=mm&r=g","contentUrl":"https:\/\/secure.gravatar.com\/avatar\/8a0c94034ed8b80fb48462da8f154ea6cad02b08eb29f2f53500f8200b2c41cb?s=96&d=mm&r=g","caption":"aino"}}]}},"_links":{"self":[{"href":"https:\/\/www.ainojaaskelainen.com\/index.php?rest_route=\/wp\/v2\/posts\/251","targetHints":{"allow":["GET"]}}],"collection":[{"href":"https:\/\/www.ainojaaskelainen.com\/index.php?rest_route=\/wp\/v2\/posts"}],"about":[{"href":"https:\/\/www.ainojaaskelainen.com\/index.php?rest_route=\/wp\/v2\/types\/post"}],"author":[{"embeddable":true,"href":"https:\/\/www.ainojaaskelainen.com\/index.php?rest_route=\/wp\/v2\/users\/2"}],"replies":[{"embeddable":true,"href":"https:\/\/www.ainojaaskelainen.com\/index.php?rest_route=%2Fwp%2Fv2%2Fcomments&post=251"}],"version-history":[{"count":3,"href":"https:\/\/www.ainojaaskelainen.com\/index.php?rest_route=\/wp\/v2\/posts\/251\/revisions"}],"predecessor-version":[{"id":256,"href":"https:\/\/www.ainojaaskelainen.com\/index.php?rest_route=\/wp\/v2\/posts\/251\/revisions\/256"}],"wp:attachment":[{"href":"https:\/\/www.ainojaaskelainen.com\/index.php?rest_route=%2Fwp%2Fv2%2Fmedia&parent=251"}],"wp:term":[{"taxonomy":"category","embeddable":true,"href":"https:\/\/www.ainojaaskelainen.com\/index.php?rest_route=%2Fwp%2Fv2%2Fcategories&post=251"},{"taxonomy":"post_tag","embeddable":true,"href":"https:\/\/www.ainojaaskelainen.com\/index.php?rest_route=%2Fwp%2Fv2%2Ftags&post=251"}],"curies":[{"name":"wp","href":"https:\/\/api.w.org\/{rel}","templated":true}]}}