{"id":233,"date":"2015-08-11T12:26:51","date_gmt":"2015-08-11T10:26:51","guid":{"rendered":"http:\/\/www.ainojaaskelainen.com\/?p=233"},"modified":"2015-08-11T13:09:16","modified_gmt":"2015-08-11T11:09:16","slug":"huominen-nayttely-on-pystyssa","status":"publish","type":"post","link":"https:\/\/www.ainojaaskelainen.com\/?p=233","title":{"rendered":"&#8221;Huominen&#8221; n\u00e4yttely on pystyss\u00e4!"},"content":{"rendered":"<p>Haihaharan n\u00e4yttely on nyt pystyss\u00e4! Ty\u00f6ni &#8221;Katoavat ja kauniit&#8221; on esill\u00e4 Haiharan hienossa taidekeskukssa Tampereella.<\/p>\n<p>N\u00e4yttely on ammattitaitoisesti koottu ja korkeatasoinen. Kuraattorina oli kuvataitelija Jarno Vesala, joka oli koonnut monipuolisen kokonaisuuden.<\/p>\n<p>Kuten n\u00e4yttelyn tiedotteessa todetaan &#8217;Huominen n\u00e4ytt\u00e4ytyy teoksissa niin ajallisuuden korostumisena kuin sattumavaraisuutena ja valintoina. Teosten tematiikassa keskeisi\u00e4 ovat ihmisten suhde luontoon ja muistojen merkitys. Tosaalta l\u00e4sn\u00e4 ovat my\u00f6s huomiseen liittyv\u00e4t uhat, kuten kulutuksen ja hyvinvoinnin k\u00e4\u00e4nt\u00f6puolet ja ymp\u00e4rist\u00f6n tuhoutuminen&#8217;.<\/p>\n<p><a href=\"http:\/\/www.ainojaaskelainen.com\/wp-content\/uploads\/2015\/08\/1882.jpg\"><img loading=\"lazy\" decoding=\"async\" class=\"alignnone size-medium wp-image-244\" src=\"http:\/\/www.ainojaaskelainen.com\/wp-content\/uploads\/2015\/08\/1882-200x300.jpg\" alt=\"188\" width=\"200\" height=\"300\" srcset=\"https:\/\/www.ainojaaskelainen.com\/wp-content\/uploads\/2015\/08\/1882-200x300.jpg 200w, https:\/\/www.ainojaaskelainen.com\/wp-content\/uploads\/2015\/08\/1882-683x1024.jpg 683w, https:\/\/www.ainojaaskelainen.com\/wp-content\/uploads\/2015\/08\/1882-624x936.jpg 624w\" sizes=\"auto, (max-width: 200px) 100vw, 200px\" \/><\/a><\/p>\n<p>Oli mukavaa ripustaa omaa teosta, kun ruokahuolto toimi ja p\u00e4\u00e4st\u00e4 juttelemaan kollegojen kanssa. Kiitokset Haiharan v\u00e4elle!<\/p>\n<p><a href=\"http:\/\/www.ainojaaskelainen.com\/wp-content\/uploads\/2015\/08\/2471.jpg\"><img loading=\"lazy\" decoding=\"async\" class=\"alignnone size-medium wp-image-245\" src=\"http:\/\/www.ainojaaskelainen.com\/wp-content\/uploads\/2015\/08\/2471-300x200.jpg\" alt=\"247\" width=\"300\" height=\"200\" srcset=\"https:\/\/www.ainojaaskelainen.com\/wp-content\/uploads\/2015\/08\/2471-300x200.jpg 300w, https:\/\/www.ainojaaskelainen.com\/wp-content\/uploads\/2015\/08\/2471-1024x683.jpg 1024w, https:\/\/www.ainojaaskelainen.com\/wp-content\/uploads\/2015\/08\/2471-624x416.jpg 624w\" sizes=\"auto, (max-width: 300px) 100vw, 300px\" \/><\/a><\/p>\n<p>HUOMINEN<br \/>\nHAIHARAN TAIDEKESKUS<br \/>\nHAIHARANKATU 30<br \/>\nTampere<br \/>\nBussilinjan 10 p\u00e4\u00e4tepys\u00e4kki<br \/>\nAvoinna ti-su 12-18<br \/>\nwww.tampere.fi\/haiharanteeman\u00e4yttely<\/p>\n","protected":false},"excerpt":{"rendered":"<p>Haihaharan n\u00e4yttely on nyt pystyss\u00e4! Ty\u00f6ni &#8221;Katoavat ja kauniit&#8221; on esill\u00e4 Haiharan hienossa taidekeskukssa Tampereella. N\u00e4yttely on ammattitaitoisesti koottu ja korkeatasoinen. Kuraattorina oli kuvataitelija Jarno Vesala, joka oli koonnut monipuolisen kokonaisuuden. Kuten n\u00e4yttelyn tiedotteessa todetaan &#8217;Huominen n\u00e4ytt\u00e4ytyy teoksissa niin ajallisuuden korostumisena kuin sattumavaraisuutena ja valintoina. Teosten tematiikassa keskeisi\u00e4 ovat ihmisten suhde luontoon ja muistojen merkitys. [&hellip;]<\/p>\n","protected":false},"author":2,"featured_media":0,"comment_status":"open","ping_status":"closed","sticky":false,"template":"","format":"standard","meta":{"ngg_post_thumbnail":0,"footnotes":""},"categories":[1],"tags":[],"class_list":["post-233","post","type-post","status-publish","format-standard","hentry","category-yleinen"],"yoast_head":"<!-- This site is optimized with the Yoast SEO plugin v27.5 - https:\/\/yoast.com\/product\/yoast-seo-wordpress\/ -->\n<title>&quot;Huominen&quot; n\u00e4yttely on pystyss\u00e4! - Kuvataiteilija Aino J\u00e4\u00e4skel\u00e4inen<\/title>\n<meta name=\"robots\" content=\"index, follow, max-snippet:-1, max-image-preview:large, max-video-preview:-1\" \/>\n<link rel=\"canonical\" href=\"https:\/\/www.ainojaaskelainen.com\/?p=233\" \/>\n<meta property=\"og:locale\" content=\"fi_FI\" \/>\n<meta property=\"og:type\" content=\"article\" \/>\n<meta property=\"og:title\" content=\"&quot;Huominen&quot; n\u00e4yttely on pystyss\u00e4! - Kuvataiteilija Aino J\u00e4\u00e4skel\u00e4inen\" \/>\n<meta property=\"og:description\" content=\"Haihaharan n\u00e4yttely on nyt pystyss\u00e4! Ty\u00f6ni &#8221;Katoavat ja kauniit&#8221; on esill\u00e4 Haiharan hienossa taidekeskukssa Tampereella. N\u00e4yttely on ammattitaitoisesti koottu ja korkeatasoinen. Kuraattorina oli kuvataitelija Jarno Vesala, joka oli koonnut monipuolisen kokonaisuuden. Kuten n\u00e4yttelyn tiedotteessa todetaan &#8217;Huominen n\u00e4ytt\u00e4ytyy teoksissa niin ajallisuuden korostumisena kuin sattumavaraisuutena ja valintoina. Teosten tematiikassa keskeisi\u00e4 ovat ihmisten suhde luontoon ja muistojen merkitys. [&hellip;]\" \/>\n<meta property=\"og:url\" content=\"https:\/\/www.ainojaaskelainen.com\/?p=233\" \/>\n<meta property=\"og:site_name\" content=\"Kuvataiteilija Aino J\u00e4\u00e4skel\u00e4inen\" \/>\n<meta property=\"article:publisher\" content=\"https:\/\/www.facebook.com\/ainojaaskelainentaidegraafikko\/\" \/>\n<meta property=\"article:published_time\" content=\"2015-08-11T10:26:51+00:00\" \/>\n<meta property=\"article:modified_time\" content=\"2015-08-11T11:09:16+00:00\" \/>\n<meta property=\"og:image\" content=\"http:\/\/www.ainojaaskelainen.com\/wp-content\/uploads\/2015\/08\/1882-200x300.jpg\" \/>\n<meta name=\"author\" content=\"aino\" \/>\n<meta name=\"twitter:card\" content=\"summary_large_image\" \/>\n<meta name=\"twitter:label1\" content=\"Kirjoittanut\" \/>\n\t<meta name=\"twitter:data1\" content=\"aino\" \/>\n\t<meta name=\"twitter:label2\" content=\"Arvioitu lukuaika\" \/>\n\t<meta name=\"twitter:data2\" content=\"1 minuutti\" \/>\n<script type=\"application\/ld+json\" class=\"yoast-schema-graph\">{\"@context\":\"https:\\\/\\\/schema.org\",\"@graph\":[{\"@type\":\"Article\",\"@id\":\"https:\\\/\\\/www.ainojaaskelainen.com\\\/?p=233#article\",\"isPartOf\":{\"@id\":\"https:\\\/\\\/www.ainojaaskelainen.com\\\/?p=233\"},\"author\":{\"name\":\"aino\",\"@id\":\"https:\\\/\\\/www.ainojaaskelainen.com\\\/#\\\/schema\\\/person\\\/4324d52d7a074f0be829f9dc6d7263b7\"},\"headline\":\"&#8221;Huominen&#8221; n\u00e4yttely on pystyss\u00e4!\",\"datePublished\":\"2015-08-11T10:26:51+00:00\",\"dateModified\":\"2015-08-11T11:09:16+00:00\",\"mainEntityOfPage\":{\"@id\":\"https:\\\/\\\/www.ainojaaskelainen.com\\\/?p=233\"},\"wordCount\":123,\"commentCount\":0,\"image\":{\"@id\":\"https:\\\/\\\/www.ainojaaskelainen.com\\\/?p=233#primaryimage\"},\"thumbnailUrl\":\"http:\\\/\\\/www.ainojaaskelainen.com\\\/wp-content\\\/uploads\\\/2015\\\/08\\\/1882-200x300.jpg\",\"inLanguage\":\"fi\",\"potentialAction\":[{\"@type\":\"CommentAction\",\"name\":\"Comment\",\"target\":[\"https:\\\/\\\/www.ainojaaskelainen.com\\\/?p=233#respond\"]}]},{\"@type\":\"WebPage\",\"@id\":\"https:\\\/\\\/www.ainojaaskelainen.com\\\/?p=233\",\"url\":\"https:\\\/\\\/www.ainojaaskelainen.com\\\/?p=233\",\"name\":\"\\\"Huominen\\\" n\u00e4yttely on pystyss\u00e4! - Kuvataiteilija Aino J\u00e4\u00e4skel\u00e4inen\",\"isPartOf\":{\"@id\":\"https:\\\/\\\/www.ainojaaskelainen.com\\\/#website\"},\"primaryImageOfPage\":{\"@id\":\"https:\\\/\\\/www.ainojaaskelainen.com\\\/?p=233#primaryimage\"},\"image\":{\"@id\":\"https:\\\/\\\/www.ainojaaskelainen.com\\\/?p=233#primaryimage\"},\"thumbnailUrl\":\"http:\\\/\\\/www.ainojaaskelainen.com\\\/wp-content\\\/uploads\\\/2015\\\/08\\\/1882-200x300.jpg\",\"datePublished\":\"2015-08-11T10:26:51+00:00\",\"dateModified\":\"2015-08-11T11:09:16+00:00\",\"author\":{\"@id\":\"https:\\\/\\\/www.ainojaaskelainen.com\\\/#\\\/schema\\\/person\\\/4324d52d7a074f0be829f9dc6d7263b7\"},\"breadcrumb\":{\"@id\":\"https:\\\/\\\/www.ainojaaskelainen.com\\\/?p=233#breadcrumb\"},\"inLanguage\":\"fi\",\"potentialAction\":[{\"@type\":\"ReadAction\",\"target\":[\"https:\\\/\\\/www.ainojaaskelainen.com\\\/?p=233\"]}]},{\"@type\":\"ImageObject\",\"inLanguage\":\"fi\",\"@id\":\"https:\\\/\\\/www.ainojaaskelainen.com\\\/?p=233#primaryimage\",\"url\":\"https:\\\/\\\/www.ainojaaskelainen.com\\\/wp-content\\\/uploads\\\/2015\\\/08\\\/1882.jpg\",\"contentUrl\":\"https:\\\/\\\/www.ainojaaskelainen.com\\\/wp-content\\\/uploads\\\/2015\\\/08\\\/1882.jpg\",\"width\":2592,\"height\":3888},{\"@type\":\"BreadcrumbList\",\"@id\":\"https:\\\/\\\/www.ainojaaskelainen.com\\\/?p=233#breadcrumb\",\"itemListElement\":[{\"@type\":\"ListItem\",\"position\":1,\"name\":\"Etusivu\",\"item\":\"https:\\\/\\\/www.ainojaaskelainen.com\\\/\"},{\"@type\":\"ListItem\",\"position\":2,\"name\":\"&#8221;Huominen&#8221; n\u00e4yttely on pystyss\u00e4!\"}]},{\"@type\":\"WebSite\",\"@id\":\"https:\\\/\\\/www.ainojaaskelainen.com\\\/#website\",\"url\":\"https:\\\/\\\/www.ainojaaskelainen.com\\\/\",\"name\":\"Kuvataiteilija Aino J\u00e4\u00e4skel\u00e4inen\",\"description\":\"\",\"potentialAction\":[{\"@type\":\"SearchAction\",\"target\":{\"@type\":\"EntryPoint\",\"urlTemplate\":\"https:\\\/\\\/www.ainojaaskelainen.com\\\/?s={search_term_string}\"},\"query-input\":{\"@type\":\"PropertyValueSpecification\",\"valueRequired\":true,\"valueName\":\"search_term_string\"}}],\"inLanguage\":\"fi\"},{\"@type\":\"Person\",\"@id\":\"https:\\\/\\\/www.ainojaaskelainen.com\\\/#\\\/schema\\\/person\\\/4324d52d7a074f0be829f9dc6d7263b7\",\"name\":\"aino\",\"image\":{\"@type\":\"ImageObject\",\"inLanguage\":\"fi\",\"@id\":\"https:\\\/\\\/secure.gravatar.com\\\/avatar\\\/8a0c94034ed8b80fb48462da8f154ea6cad02b08eb29f2f53500f8200b2c41cb?s=96&d=mm&r=g\",\"url\":\"https:\\\/\\\/secure.gravatar.com\\\/avatar\\\/8a0c94034ed8b80fb48462da8f154ea6cad02b08eb29f2f53500f8200b2c41cb?s=96&d=mm&r=g\",\"contentUrl\":\"https:\\\/\\\/secure.gravatar.com\\\/avatar\\\/8a0c94034ed8b80fb48462da8f154ea6cad02b08eb29f2f53500f8200b2c41cb?s=96&d=mm&r=g\",\"caption\":\"aino\"}}]}<\/script>\n<!-- \/ Yoast SEO plugin. -->","yoast_head_json":{"title":"\"Huominen\" n\u00e4yttely on pystyss\u00e4! - Kuvataiteilija Aino J\u00e4\u00e4skel\u00e4inen","robots":{"index":"index","follow":"follow","max-snippet":"max-snippet:-1","max-image-preview":"max-image-preview:large","max-video-preview":"max-video-preview:-1"},"canonical":"https:\/\/www.ainojaaskelainen.com\/?p=233","og_locale":"fi_FI","og_type":"article","og_title":"\"Huominen\" n\u00e4yttely on pystyss\u00e4! - Kuvataiteilija Aino J\u00e4\u00e4skel\u00e4inen","og_description":"Haihaharan n\u00e4yttely on nyt pystyss\u00e4! Ty\u00f6ni &#8221;Katoavat ja kauniit&#8221; on esill\u00e4 Haiharan hienossa taidekeskukssa Tampereella. N\u00e4yttely on ammattitaitoisesti koottu ja korkeatasoinen. Kuraattorina oli kuvataitelija Jarno Vesala, joka oli koonnut monipuolisen kokonaisuuden. Kuten n\u00e4yttelyn tiedotteessa todetaan &#8217;Huominen n\u00e4ytt\u00e4ytyy teoksissa niin ajallisuuden korostumisena kuin sattumavaraisuutena ja valintoina. Teosten tematiikassa keskeisi\u00e4 ovat ihmisten suhde luontoon ja muistojen merkitys. [&hellip;]","og_url":"https:\/\/www.ainojaaskelainen.com\/?p=233","og_site_name":"Kuvataiteilija Aino J\u00e4\u00e4skel\u00e4inen","article_publisher":"https:\/\/www.facebook.com\/ainojaaskelainentaidegraafikko\/","article_published_time":"2015-08-11T10:26:51+00:00","article_modified_time":"2015-08-11T11:09:16+00:00","og_image":[{"url":"http:\/\/www.ainojaaskelainen.com\/wp-content\/uploads\/2015\/08\/1882-200x300.jpg","type":"","width":"","height":""}],"author":"aino","twitter_card":"summary_large_image","twitter_misc":{"Kirjoittanut":"aino","Arvioitu lukuaika":"1 minuutti"},"schema":{"@context":"https:\/\/schema.org","@graph":[{"@type":"Article","@id":"https:\/\/www.ainojaaskelainen.com\/?p=233#article","isPartOf":{"@id":"https:\/\/www.ainojaaskelainen.com\/?p=233"},"author":{"name":"aino","@id":"https:\/\/www.ainojaaskelainen.com\/#\/schema\/person\/4324d52d7a074f0be829f9dc6d7263b7"},"headline":"&#8221;Huominen&#8221; n\u00e4yttely on pystyss\u00e4!","datePublished":"2015-08-11T10:26:51+00:00","dateModified":"2015-08-11T11:09:16+00:00","mainEntityOfPage":{"@id":"https:\/\/www.ainojaaskelainen.com\/?p=233"},"wordCount":123,"commentCount":0,"image":{"@id":"https:\/\/www.ainojaaskelainen.com\/?p=233#primaryimage"},"thumbnailUrl":"http:\/\/www.ainojaaskelainen.com\/wp-content\/uploads\/2015\/08\/1882-200x300.jpg","inLanguage":"fi","potentialAction":[{"@type":"CommentAction","name":"Comment","target":["https:\/\/www.ainojaaskelainen.com\/?p=233#respond"]}]},{"@type":"WebPage","@id":"https:\/\/www.ainojaaskelainen.com\/?p=233","url":"https:\/\/www.ainojaaskelainen.com\/?p=233","name":"\"Huominen\" n\u00e4yttely on pystyss\u00e4! - Kuvataiteilija Aino J\u00e4\u00e4skel\u00e4inen","isPartOf":{"@id":"https:\/\/www.ainojaaskelainen.com\/#website"},"primaryImageOfPage":{"@id":"https:\/\/www.ainojaaskelainen.com\/?p=233#primaryimage"},"image":{"@id":"https:\/\/www.ainojaaskelainen.com\/?p=233#primaryimage"},"thumbnailUrl":"http:\/\/www.ainojaaskelainen.com\/wp-content\/uploads\/2015\/08\/1882-200x300.jpg","datePublished":"2015-08-11T10:26:51+00:00","dateModified":"2015-08-11T11:09:16+00:00","author":{"@id":"https:\/\/www.ainojaaskelainen.com\/#\/schema\/person\/4324d52d7a074f0be829f9dc6d7263b7"},"breadcrumb":{"@id":"https:\/\/www.ainojaaskelainen.com\/?p=233#breadcrumb"},"inLanguage":"fi","potentialAction":[{"@type":"ReadAction","target":["https:\/\/www.ainojaaskelainen.com\/?p=233"]}]},{"@type":"ImageObject","inLanguage":"fi","@id":"https:\/\/www.ainojaaskelainen.com\/?p=233#primaryimage","url":"https:\/\/www.ainojaaskelainen.com\/wp-content\/uploads\/2015\/08\/1882.jpg","contentUrl":"https:\/\/www.ainojaaskelainen.com\/wp-content\/uploads\/2015\/08\/1882.jpg","width":2592,"height":3888},{"@type":"BreadcrumbList","@id":"https:\/\/www.ainojaaskelainen.com\/?p=233#breadcrumb","itemListElement":[{"@type":"ListItem","position":1,"name":"Etusivu","item":"https:\/\/www.ainojaaskelainen.com\/"},{"@type":"ListItem","position":2,"name":"&#8221;Huominen&#8221; n\u00e4yttely on pystyss\u00e4!"}]},{"@type":"WebSite","@id":"https:\/\/www.ainojaaskelainen.com\/#website","url":"https:\/\/www.ainojaaskelainen.com\/","name":"Kuvataiteilija Aino J\u00e4\u00e4skel\u00e4inen","description":"","potentialAction":[{"@type":"SearchAction","target":{"@type":"EntryPoint","urlTemplate":"https:\/\/www.ainojaaskelainen.com\/?s={search_term_string}"},"query-input":{"@type":"PropertyValueSpecification","valueRequired":true,"valueName":"search_term_string"}}],"inLanguage":"fi"},{"@type":"Person","@id":"https:\/\/www.ainojaaskelainen.com\/#\/schema\/person\/4324d52d7a074f0be829f9dc6d7263b7","name":"aino","image":{"@type":"ImageObject","inLanguage":"fi","@id":"https:\/\/secure.gravatar.com\/avatar\/8a0c94034ed8b80fb48462da8f154ea6cad02b08eb29f2f53500f8200b2c41cb?s=96&d=mm&r=g","url":"https:\/\/secure.gravatar.com\/avatar\/8a0c94034ed8b80fb48462da8f154ea6cad02b08eb29f2f53500f8200b2c41cb?s=96&d=mm&r=g","contentUrl":"https:\/\/secure.gravatar.com\/avatar\/8a0c94034ed8b80fb48462da8f154ea6cad02b08eb29f2f53500f8200b2c41cb?s=96&d=mm&r=g","caption":"aino"}}]}},"_links":{"self":[{"href":"https:\/\/www.ainojaaskelainen.com\/index.php?rest_route=\/wp\/v2\/posts\/233","targetHints":{"allow":["GET"]}}],"collection":[{"href":"https:\/\/www.ainojaaskelainen.com\/index.php?rest_route=\/wp\/v2\/posts"}],"about":[{"href":"https:\/\/www.ainojaaskelainen.com\/index.php?rest_route=\/wp\/v2\/types\/post"}],"author":[{"embeddable":true,"href":"https:\/\/www.ainojaaskelainen.com\/index.php?rest_route=\/wp\/v2\/users\/2"}],"replies":[{"embeddable":true,"href":"https:\/\/www.ainojaaskelainen.com\/index.php?rest_route=%2Fwp%2Fv2%2Fcomments&post=233"}],"version-history":[{"count":8,"href":"https:\/\/www.ainojaaskelainen.com\/index.php?rest_route=\/wp\/v2\/posts\/233\/revisions"}],"predecessor-version":[{"id":247,"href":"https:\/\/www.ainojaaskelainen.com\/index.php?rest_route=\/wp\/v2\/posts\/233\/revisions\/247"}],"wp:attachment":[{"href":"https:\/\/www.ainojaaskelainen.com\/index.php?rest_route=%2Fwp%2Fv2%2Fmedia&parent=233"}],"wp:term":[{"taxonomy":"category","embeddable":true,"href":"https:\/\/www.ainojaaskelainen.com\/index.php?rest_route=%2Fwp%2Fv2%2Fcategories&post=233"},{"taxonomy":"post_tag","embeddable":true,"href":"https:\/\/www.ainojaaskelainen.com\/index.php?rest_route=%2Fwp%2Fv2%2Ftags&post=233"}],"curies":[{"name":"wp","href":"https:\/\/api.w.org\/{rel}","templated":true}]}}