{"id":217,"date":"2015-05-29T14:06:13","date_gmt":"2015-05-29T12:06:13","guid":{"rendered":"http:\/\/www.ainojaaskelainen.com\/?p=217"},"modified":"2015-05-29T14:06:13","modified_gmt":"2015-05-29T12:06:13","slug":"haiharan-taidekeskuksen-huominen-teemanayttely-31-7-2015","status":"publish","type":"post","link":"https:\/\/www.ainojaaskelainen.com\/?p=217","title":{"rendered":"Haiharan taidekeskuksen Huominen-teeman\u00e4yttely 31.7.2015"},"content":{"rendered":"<p>Kes\u00e4 on ovella! On siis kes\u00e4n\u00e4yttelyiden aika. Suomen suvi on t\u00e4ynn\u00e4 hienoja ja isoja n\u00e4yttelyit\u00e4.<\/p>\n<p>P\u00e4\u00e4sin mukaan Tampereella j\u00e4rjestett\u00e4v\u00e4\u00e4n Haiharan taidekeskuksen Huominen-teeman\u00e4yttelyyn, jonka avajaiset ovat 31.7. N\u00e4yttely on auki koko elokuun.<br \/>\nN\u00e4yttely\u00e4 kuratoi Jarno Vesala.<\/p>\n<p>Kes\u00e4isin terveisin ja tervetuloa!<\/p>\n<p><a href=\"http:\/\/www.ainojaaskelainen.com\/wp-content\/uploads\/2015\/05\/272.jpg\"><img loading=\"lazy\" decoding=\"async\" class=\"alignnone size-medium wp-image-220\" src=\"http:\/\/www.ainojaaskelainen.com\/wp-content\/uploads\/2015\/05\/272-300x200.jpg\" alt=\"\" width=\"300\" height=\"200\" srcset=\"https:\/\/www.ainojaaskelainen.com\/wp-content\/uploads\/2015\/05\/272-300x200.jpg 300w, https:\/\/www.ainojaaskelainen.com\/wp-content\/uploads\/2015\/05\/272-1024x683.jpg 1024w, https:\/\/www.ainojaaskelainen.com\/wp-content\/uploads\/2015\/05\/272-624x416.jpg 624w\" sizes=\"auto, (max-width: 300px) 100vw, 300px\" \/><\/a><\/p>\n<p>Aino<br \/>\nhttp:\/\/www.tampere.fi\/haiharanteemanayttely<\/p>\n<p>http:\/\/www.tampere.fi\/kulttuuripalvelut\/toimipisteet\/haihara.html<\/p>\n","protected":false},"excerpt":{"rendered":"<p>Kes\u00e4 on ovella! On siis kes\u00e4n\u00e4yttelyiden aika. Suomen suvi on t\u00e4ynn\u00e4 hienoja ja isoja n\u00e4yttelyit\u00e4. P\u00e4\u00e4sin mukaan Tampereella j\u00e4rjestett\u00e4v\u00e4\u00e4n Haiharan taidekeskuksen Huominen-teeman\u00e4yttelyyn, jonka avajaiset ovat 31.7. N\u00e4yttely on auki koko elokuun. N\u00e4yttely\u00e4 kuratoi Jarno Vesala. Kes\u00e4isin terveisin ja tervetuloa! Aino http:\/\/www.tampere.fi\/haiharanteemanayttely http:\/\/www.tampere.fi\/kulttuuripalvelut\/toimipisteet\/haihara.html<\/p>\n","protected":false},"author":2,"featured_media":0,"comment_status":"open","ping_status":"closed","sticky":false,"template":"","format":"standard","meta":{"ngg_post_thumbnail":0,"footnotes":""},"categories":[3],"tags":[],"class_list":["post-217","post","type-post","status-publish","format-standard","hentry","category-nayttelyt"],"yoast_head":"<!-- This site is optimized with the Yoast SEO plugin v27.5 - https:\/\/yoast.com\/product\/yoast-seo-wordpress\/ -->\n<title>Haiharan taidekeskuksen Huominen-teeman\u00e4yttely 31.7.2015 - Kuvataiteilija Aino J\u00e4\u00e4skel\u00e4inen<\/title>\n<meta name=\"robots\" content=\"index, follow, max-snippet:-1, max-image-preview:large, max-video-preview:-1\" \/>\n<link rel=\"canonical\" href=\"https:\/\/www.ainojaaskelainen.com\/?p=217\" \/>\n<meta property=\"og:locale\" content=\"fi_FI\" \/>\n<meta property=\"og:type\" content=\"article\" \/>\n<meta property=\"og:title\" content=\"Haiharan taidekeskuksen Huominen-teeman\u00e4yttely 31.7.2015 - Kuvataiteilija Aino J\u00e4\u00e4skel\u00e4inen\" \/>\n<meta property=\"og:description\" content=\"Kes\u00e4 on ovella! On siis kes\u00e4n\u00e4yttelyiden aika. Suomen suvi on t\u00e4ynn\u00e4 hienoja ja isoja n\u00e4yttelyit\u00e4. P\u00e4\u00e4sin mukaan Tampereella j\u00e4rjestett\u00e4v\u00e4\u00e4n Haiharan taidekeskuksen Huominen-teeman\u00e4yttelyyn, jonka avajaiset ovat 31.7. N\u00e4yttely on auki koko elokuun. N\u00e4yttely\u00e4 kuratoi Jarno Vesala. Kes\u00e4isin terveisin ja tervetuloa! Aino http:\/\/www.tampere.fi\/haiharanteemanayttely http:\/\/www.tampere.fi\/kulttuuripalvelut\/toimipisteet\/haihara.html\" \/>\n<meta property=\"og:url\" content=\"https:\/\/www.ainojaaskelainen.com\/?p=217\" \/>\n<meta property=\"og:site_name\" content=\"Kuvataiteilija Aino J\u00e4\u00e4skel\u00e4inen\" \/>\n<meta property=\"article:publisher\" content=\"https:\/\/www.facebook.com\/ainojaaskelainentaidegraafikko\/\" \/>\n<meta property=\"article:published_time\" content=\"2015-05-29T12:06:13+00:00\" \/>\n<meta property=\"og:image\" content=\"http:\/\/www.ainojaaskelainen.com\/wp-content\/uploads\/2015\/05\/272-300x200.jpg\" \/>\n<meta name=\"author\" content=\"aino\" \/>\n<meta name=\"twitter:card\" content=\"summary_large_image\" \/>\n<meta name=\"twitter:label1\" content=\"Kirjoittanut\" \/>\n\t<meta name=\"twitter:data1\" content=\"aino\" \/>\n<script type=\"application\/ld+json\" class=\"yoast-schema-graph\">{\"@context\":\"https:\\\/\\\/schema.org\",\"@graph\":[{\"@type\":\"Article\",\"@id\":\"https:\\\/\\\/www.ainojaaskelainen.com\\\/?p=217#article\",\"isPartOf\":{\"@id\":\"https:\\\/\\\/www.ainojaaskelainen.com\\\/?p=217\"},\"author\":{\"name\":\"aino\",\"@id\":\"https:\\\/\\\/www.ainojaaskelainen.com\\\/#\\\/schema\\\/person\\\/4324d52d7a074f0be829f9dc6d7263b7\"},\"headline\":\"Haiharan taidekeskuksen Huominen-teeman\u00e4yttely 31.7.2015\",\"datePublished\":\"2015-05-29T12:06:13+00:00\",\"mainEntityOfPage\":{\"@id\":\"https:\\\/\\\/www.ainojaaskelainen.com\\\/?p=217\"},\"wordCount\":68,\"commentCount\":0,\"image\":{\"@id\":\"https:\\\/\\\/www.ainojaaskelainen.com\\\/?p=217#primaryimage\"},\"thumbnailUrl\":\"http:\\\/\\\/www.ainojaaskelainen.com\\\/wp-content\\\/uploads\\\/2015\\\/05\\\/272-300x200.jpg\",\"articleSection\":[\"n\u00e4yttelyt\"],\"inLanguage\":\"fi\",\"potentialAction\":[{\"@type\":\"CommentAction\",\"name\":\"Comment\",\"target\":[\"https:\\\/\\\/www.ainojaaskelainen.com\\\/?p=217#respond\"]}]},{\"@type\":\"WebPage\",\"@id\":\"https:\\\/\\\/www.ainojaaskelainen.com\\\/?p=217\",\"url\":\"https:\\\/\\\/www.ainojaaskelainen.com\\\/?p=217\",\"name\":\"Haiharan taidekeskuksen Huominen-teeman\u00e4yttely 31.7.2015 - Kuvataiteilija Aino J\u00e4\u00e4skel\u00e4inen\",\"isPartOf\":{\"@id\":\"https:\\\/\\\/www.ainojaaskelainen.com\\\/#website\"},\"primaryImageOfPage\":{\"@id\":\"https:\\\/\\\/www.ainojaaskelainen.com\\\/?p=217#primaryimage\"},\"image\":{\"@id\":\"https:\\\/\\\/www.ainojaaskelainen.com\\\/?p=217#primaryimage\"},\"thumbnailUrl\":\"http:\\\/\\\/www.ainojaaskelainen.com\\\/wp-content\\\/uploads\\\/2015\\\/05\\\/272-300x200.jpg\",\"datePublished\":\"2015-05-29T12:06:13+00:00\",\"author\":{\"@id\":\"https:\\\/\\\/www.ainojaaskelainen.com\\\/#\\\/schema\\\/person\\\/4324d52d7a074f0be829f9dc6d7263b7\"},\"breadcrumb\":{\"@id\":\"https:\\\/\\\/www.ainojaaskelainen.com\\\/?p=217#breadcrumb\"},\"inLanguage\":\"fi\",\"potentialAction\":[{\"@type\":\"ReadAction\",\"target\":[\"https:\\\/\\\/www.ainojaaskelainen.com\\\/?p=217\"]}]},{\"@type\":\"ImageObject\",\"inLanguage\":\"fi\",\"@id\":\"https:\\\/\\\/www.ainojaaskelainen.com\\\/?p=217#primaryimage\",\"url\":\"https:\\\/\\\/www.ainojaaskelainen.com\\\/wp-content\\\/uploads\\\/2015\\\/05\\\/272.jpg\",\"contentUrl\":\"https:\\\/\\\/www.ainojaaskelainen.com\\\/wp-content\\\/uploads\\\/2015\\\/05\\\/272.jpg\",\"width\":3888,\"height\":2592},{\"@type\":\"BreadcrumbList\",\"@id\":\"https:\\\/\\\/www.ainojaaskelainen.com\\\/?p=217#breadcrumb\",\"itemListElement\":[{\"@type\":\"ListItem\",\"position\":1,\"name\":\"Etusivu\",\"item\":\"https:\\\/\\\/www.ainojaaskelainen.com\\\/\"},{\"@type\":\"ListItem\",\"position\":2,\"name\":\"Haiharan taidekeskuksen Huominen-teeman\u00e4yttely 31.7.2015\"}]},{\"@type\":\"WebSite\",\"@id\":\"https:\\\/\\\/www.ainojaaskelainen.com\\\/#website\",\"url\":\"https:\\\/\\\/www.ainojaaskelainen.com\\\/\",\"name\":\"Kuvataiteilija Aino J\u00e4\u00e4skel\u00e4inen\",\"description\":\"\",\"potentialAction\":[{\"@type\":\"SearchAction\",\"target\":{\"@type\":\"EntryPoint\",\"urlTemplate\":\"https:\\\/\\\/www.ainojaaskelainen.com\\\/?s={search_term_string}\"},\"query-input\":{\"@type\":\"PropertyValueSpecification\",\"valueRequired\":true,\"valueName\":\"search_term_string\"}}],\"inLanguage\":\"fi\"},{\"@type\":\"Person\",\"@id\":\"https:\\\/\\\/www.ainojaaskelainen.com\\\/#\\\/schema\\\/person\\\/4324d52d7a074f0be829f9dc6d7263b7\",\"name\":\"aino\",\"image\":{\"@type\":\"ImageObject\",\"inLanguage\":\"fi\",\"@id\":\"https:\\\/\\\/secure.gravatar.com\\\/avatar\\\/8a0c94034ed8b80fb48462da8f154ea6cad02b08eb29f2f53500f8200b2c41cb?s=96&d=mm&r=g\",\"url\":\"https:\\\/\\\/secure.gravatar.com\\\/avatar\\\/8a0c94034ed8b80fb48462da8f154ea6cad02b08eb29f2f53500f8200b2c41cb?s=96&d=mm&r=g\",\"contentUrl\":\"https:\\\/\\\/secure.gravatar.com\\\/avatar\\\/8a0c94034ed8b80fb48462da8f154ea6cad02b08eb29f2f53500f8200b2c41cb?s=96&d=mm&r=g\",\"caption\":\"aino\"}}]}<\/script>\n<!-- \/ Yoast SEO plugin. -->","yoast_head_json":{"title":"Haiharan taidekeskuksen Huominen-teeman\u00e4yttely 31.7.2015 - Kuvataiteilija Aino J\u00e4\u00e4skel\u00e4inen","robots":{"index":"index","follow":"follow","max-snippet":"max-snippet:-1","max-image-preview":"max-image-preview:large","max-video-preview":"max-video-preview:-1"},"canonical":"https:\/\/www.ainojaaskelainen.com\/?p=217","og_locale":"fi_FI","og_type":"article","og_title":"Haiharan taidekeskuksen Huominen-teeman\u00e4yttely 31.7.2015 - Kuvataiteilija Aino J\u00e4\u00e4skel\u00e4inen","og_description":"Kes\u00e4 on ovella! On siis kes\u00e4n\u00e4yttelyiden aika. Suomen suvi on t\u00e4ynn\u00e4 hienoja ja isoja n\u00e4yttelyit\u00e4. P\u00e4\u00e4sin mukaan Tampereella j\u00e4rjestett\u00e4v\u00e4\u00e4n Haiharan taidekeskuksen Huominen-teeman\u00e4yttelyyn, jonka avajaiset ovat 31.7. N\u00e4yttely on auki koko elokuun. N\u00e4yttely\u00e4 kuratoi Jarno Vesala. Kes\u00e4isin terveisin ja tervetuloa! Aino http:\/\/www.tampere.fi\/haiharanteemanayttely http:\/\/www.tampere.fi\/kulttuuripalvelut\/toimipisteet\/haihara.html","og_url":"https:\/\/www.ainojaaskelainen.com\/?p=217","og_site_name":"Kuvataiteilija Aino J\u00e4\u00e4skel\u00e4inen","article_publisher":"https:\/\/www.facebook.com\/ainojaaskelainentaidegraafikko\/","article_published_time":"2015-05-29T12:06:13+00:00","og_image":[{"url":"http:\/\/www.ainojaaskelainen.com\/wp-content\/uploads\/2015\/05\/272-300x200.jpg","type":"","width":"","height":""}],"author":"aino","twitter_card":"summary_large_image","twitter_misc":{"Kirjoittanut":"aino"},"schema":{"@context":"https:\/\/schema.org","@graph":[{"@type":"Article","@id":"https:\/\/www.ainojaaskelainen.com\/?p=217#article","isPartOf":{"@id":"https:\/\/www.ainojaaskelainen.com\/?p=217"},"author":{"name":"aino","@id":"https:\/\/www.ainojaaskelainen.com\/#\/schema\/person\/4324d52d7a074f0be829f9dc6d7263b7"},"headline":"Haiharan taidekeskuksen Huominen-teeman\u00e4yttely 31.7.2015","datePublished":"2015-05-29T12:06:13+00:00","mainEntityOfPage":{"@id":"https:\/\/www.ainojaaskelainen.com\/?p=217"},"wordCount":68,"commentCount":0,"image":{"@id":"https:\/\/www.ainojaaskelainen.com\/?p=217#primaryimage"},"thumbnailUrl":"http:\/\/www.ainojaaskelainen.com\/wp-content\/uploads\/2015\/05\/272-300x200.jpg","articleSection":["n\u00e4yttelyt"],"inLanguage":"fi","potentialAction":[{"@type":"CommentAction","name":"Comment","target":["https:\/\/www.ainojaaskelainen.com\/?p=217#respond"]}]},{"@type":"WebPage","@id":"https:\/\/www.ainojaaskelainen.com\/?p=217","url":"https:\/\/www.ainojaaskelainen.com\/?p=217","name":"Haiharan taidekeskuksen Huominen-teeman\u00e4yttely 31.7.2015 - Kuvataiteilija Aino J\u00e4\u00e4skel\u00e4inen","isPartOf":{"@id":"https:\/\/www.ainojaaskelainen.com\/#website"},"primaryImageOfPage":{"@id":"https:\/\/www.ainojaaskelainen.com\/?p=217#primaryimage"},"image":{"@id":"https:\/\/www.ainojaaskelainen.com\/?p=217#primaryimage"},"thumbnailUrl":"http:\/\/www.ainojaaskelainen.com\/wp-content\/uploads\/2015\/05\/272-300x200.jpg","datePublished":"2015-05-29T12:06:13+00:00","author":{"@id":"https:\/\/www.ainojaaskelainen.com\/#\/schema\/person\/4324d52d7a074f0be829f9dc6d7263b7"},"breadcrumb":{"@id":"https:\/\/www.ainojaaskelainen.com\/?p=217#breadcrumb"},"inLanguage":"fi","potentialAction":[{"@type":"ReadAction","target":["https:\/\/www.ainojaaskelainen.com\/?p=217"]}]},{"@type":"ImageObject","inLanguage":"fi","@id":"https:\/\/www.ainojaaskelainen.com\/?p=217#primaryimage","url":"https:\/\/www.ainojaaskelainen.com\/wp-content\/uploads\/2015\/05\/272.jpg","contentUrl":"https:\/\/www.ainojaaskelainen.com\/wp-content\/uploads\/2015\/05\/272.jpg","width":3888,"height":2592},{"@type":"BreadcrumbList","@id":"https:\/\/www.ainojaaskelainen.com\/?p=217#breadcrumb","itemListElement":[{"@type":"ListItem","position":1,"name":"Etusivu","item":"https:\/\/www.ainojaaskelainen.com\/"},{"@type":"ListItem","position":2,"name":"Haiharan taidekeskuksen Huominen-teeman\u00e4yttely 31.7.2015"}]},{"@type":"WebSite","@id":"https:\/\/www.ainojaaskelainen.com\/#website","url":"https:\/\/www.ainojaaskelainen.com\/","name":"Kuvataiteilija Aino J\u00e4\u00e4skel\u00e4inen","description":"","potentialAction":[{"@type":"SearchAction","target":{"@type":"EntryPoint","urlTemplate":"https:\/\/www.ainojaaskelainen.com\/?s={search_term_string}"},"query-input":{"@type":"PropertyValueSpecification","valueRequired":true,"valueName":"search_term_string"}}],"inLanguage":"fi"},{"@type":"Person","@id":"https:\/\/www.ainojaaskelainen.com\/#\/schema\/person\/4324d52d7a074f0be829f9dc6d7263b7","name":"aino","image":{"@type":"ImageObject","inLanguage":"fi","@id":"https:\/\/secure.gravatar.com\/avatar\/8a0c94034ed8b80fb48462da8f154ea6cad02b08eb29f2f53500f8200b2c41cb?s=96&d=mm&r=g","url":"https:\/\/secure.gravatar.com\/avatar\/8a0c94034ed8b80fb48462da8f154ea6cad02b08eb29f2f53500f8200b2c41cb?s=96&d=mm&r=g","contentUrl":"https:\/\/secure.gravatar.com\/avatar\/8a0c94034ed8b80fb48462da8f154ea6cad02b08eb29f2f53500f8200b2c41cb?s=96&d=mm&r=g","caption":"aino"}}]}},"_links":{"self":[{"href":"https:\/\/www.ainojaaskelainen.com\/index.php?rest_route=\/wp\/v2\/posts\/217","targetHints":{"allow":["GET"]}}],"collection":[{"href":"https:\/\/www.ainojaaskelainen.com\/index.php?rest_route=\/wp\/v2\/posts"}],"about":[{"href":"https:\/\/www.ainojaaskelainen.com\/index.php?rest_route=\/wp\/v2\/types\/post"}],"author":[{"embeddable":true,"href":"https:\/\/www.ainojaaskelainen.com\/index.php?rest_route=\/wp\/v2\/users\/2"}],"replies":[{"embeddable":true,"href":"https:\/\/www.ainojaaskelainen.com\/index.php?rest_route=%2Fwp%2Fv2%2Fcomments&post=217"}],"version-history":[{"count":1,"href":"https:\/\/www.ainojaaskelainen.com\/index.php?rest_route=\/wp\/v2\/posts\/217\/revisions"}],"predecessor-version":[{"id":221,"href":"https:\/\/www.ainojaaskelainen.com\/index.php?rest_route=\/wp\/v2\/posts\/217\/revisions\/221"}],"wp:attachment":[{"href":"https:\/\/www.ainojaaskelainen.com\/index.php?rest_route=%2Fwp%2Fv2%2Fmedia&parent=217"}],"wp:term":[{"taxonomy":"category","embeddable":true,"href":"https:\/\/www.ainojaaskelainen.com\/index.php?rest_route=%2Fwp%2Fv2%2Fcategories&post=217"},{"taxonomy":"post_tag","embeddable":true,"href":"https:\/\/www.ainojaaskelainen.com\/index.php?rest_route=%2Fwp%2Fv2%2Ftags&post=217"}],"curies":[{"name":"wp","href":"https:\/\/api.w.org\/{rel}","templated":true}]}}