{"id":718,"date":"2021-06-04T12:59:32","date_gmt":"2021-06-04T10:59:32","guid":{"rendered":"http:\/\/www.ainojaaskelainen.com\/?p=718"},"modified":"2021-06-14T13:23:04","modified_gmt":"2021-06-14T11:23:04","slug":"ihan-tossa-just-dar","status":"publish","type":"post","link":"http:\/\/www.ainojaaskelainen.com\/?p=718","title":{"rendered":"IHAN TOSSA\/JUST D\u00c4R"},"content":{"rendered":"\n<p>2.6.-24.6. 2021 <a href=\"https:\/\/museot.fi\/exhibitions\/?nayttely_id=26210\" target=\"_blank\" rel=\"noreferrer noopener\">Pietarsaaren museo, Tupakkamakasiini<\/a><\/p>\n\n\n\n<p>Hei! Toissap\u00e4iv\u00e4n\u00e4 aukesi Pietarasaaren museon Tupakkamakasiinilla Ihan tossa\/Just d\u00e4r-niminen ryhm\u00e4n\u00e4yttely, joka on minun ja Galleria Huudon toiminnasta saamieni yst\u00e4vien n\u00e4yttely. Minun lis\u00e4kseni n\u00e4yttelyryhm\u00e4\u00e4n kuuluvat <a rel=\"noreferrer noopener\" href=\"http:\/\/www.anuhaapanen.com\/\" data-type=\"URL\" data-id=\"http:\/\/www.anuhaapanen.com\/\" target=\"_blank\">Anu Haapanen<\/a>, <a href=\"http:\/\/saturautiainen.blogspot.com\/\" target=\"_blank\" rel=\"noreferrer noopener\">Satu Rautiainen<\/a>, <a href=\"https:\/\/timotahkanen.myportfolio.com\/\" target=\"_blank\" rel=\"noreferrer noopener\">Timo T\u00e4hk\u00e4nen<\/a> ja <a href=\"https:\/\/kuvataiteilijamatrikkeli.fi\/taiteilija\/simo-mantere\" target=\"_blank\" rel=\"noreferrer noopener\">Simo Mantere<\/a>.<\/p>\n\n\n\n<figure class=\"wp-block-image size-large\"><img loading=\"lazy\" decoding=\"async\" width=\"1024\" height=\"768\" src=\"http:\/\/www.ainojaaskelainen.com\/wp-content\/uploads\/2021\/06\/ryhmakuva-1024x768.jpg\" alt=\"\" class=\"wp-image-719\" srcset=\"http:\/\/www.ainojaaskelainen.com\/wp-content\/uploads\/2021\/06\/ryhmakuva-1024x768.jpg 1024w, http:\/\/www.ainojaaskelainen.com\/wp-content\/uploads\/2021\/06\/ryhmakuva-300x225.jpg 300w, http:\/\/www.ainojaaskelainen.com\/wp-content\/uploads\/2021\/06\/ryhmakuva-768x576.jpg 768w, http:\/\/www.ainojaaskelainen.com\/wp-content\/uploads\/2021\/06\/ryhmakuva-1536x1152.jpg 1536w, http:\/\/www.ainojaaskelainen.com\/wp-content\/uploads\/2021\/06\/ryhmakuva-2048x1536.jpg 2048w, http:\/\/www.ainojaaskelainen.com\/wp-content\/uploads\/2021\/06\/ryhmakuva-624x468.jpg 624w\" sizes=\"auto, (max-width: 1024px) 100vw, 1024px\" \/><figcaption><em>Sadun teoksen edess\u00e4 vasemmalta oikealle: Satu, Simo, min\u00e4, Anu, Timo<\/em><\/figcaption><\/figure>\n\n\n\n<p>Pietarsaari ei ollut tuttu kenellek\u00e4\u00e4n meist\u00e4, joten kes\u00e4s\u00e4inen seikkailu oli luvassa. Kyseess\u00e4h\u00e4n on vanha vieh\u00e4tt\u00e4v\u00e4 merellinen pikkukaupunki, jolla on mahti menneisyys, ainakin talojen tyylist\u00e4 ja koosta p\u00e4\u00e4tellen. Vanhaa ja komeaa teollisuusrakennusta ja erilaisia torneja n\u00e4kyi useita. Meill\u00e4 oli kuitenkin vain v\u00e4h\u00e4n aikaa ripustuksen ulkopuolella, joten syvempi tutustuminen Pietarsaaren j\u00e4i toiseen kertaan. <\/p>\n\n\n\n<p>N\u00e4yttelyn nimi IHAN TOSSA tulee Timon ajatuskiteytyksest\u00e4: \u201cN\u00e4yttelyn taiteilijat lainaavat teoksiinsa aineksia ymp\u00e4r\u00f6iv\u00e4st\u00e4 maailmastamme ja muokkaavat todellisuutta pyrkien tuomaan esiin jotain, mik\u00e4 ilman<br>materiaan kiinnittymist\u00e4 lipuisi pois.\u201d<\/p>\n\n\n\n<p>Itselle ihan tossa voisi olla my\u00f6s sit\u00e4 kun suora kertominen on vaikeaa ja kuinka asiat ja ideat karkaavat, kun niit\u00e4 yrit\u00e4\u00e4 selitt\u00e4\u00e4 tai sanallistaa. P\u00e4\u00e4dynkin kuvailemaan tunnelmia kiert\u00e4en asioiden ymp\u00e4rilt\u00e4. Se oli ihan tossa. Kyll\u00e4 te tied\u00e4tte. <\/p>\n\n\n\n<figure class=\"wp-block-image size-large\"><img loading=\"lazy\" decoding=\"async\" width=\"1024\" height=\"768\" src=\"http:\/\/www.ainojaaskelainen.com\/wp-content\/uploads\/2021\/06\/nakyma-ovista-1024x768.jpg\" alt=\"\" class=\"wp-image-721\" srcset=\"http:\/\/www.ainojaaskelainen.com\/wp-content\/uploads\/2021\/06\/nakyma-ovista-1024x768.jpg 1024w, http:\/\/www.ainojaaskelainen.com\/wp-content\/uploads\/2021\/06\/nakyma-ovista-300x225.jpg 300w, http:\/\/www.ainojaaskelainen.com\/wp-content\/uploads\/2021\/06\/nakyma-ovista-768x576.jpg 768w, http:\/\/www.ainojaaskelainen.com\/wp-content\/uploads\/2021\/06\/nakyma-ovista-1536x1152.jpg 1536w, http:\/\/www.ainojaaskelainen.com\/wp-content\/uploads\/2021\/06\/nakyma-ovista-2048x1536.jpg 2048w, http:\/\/www.ainojaaskelainen.com\/wp-content\/uploads\/2021\/06\/nakyma-ovista-624x468.jpg 624w\" sizes=\"auto, (max-width: 1024px) 100vw, 1024px\" \/><figcaption><em>N\u00e4kym\u00e4, kun astuu sis\u00e4\u00e4n p\u00e4\u00e4n\u00e4yttelytilaan. Sadun teoksia on pylv\u00e4s ja jakkara, sek\u00e4 iso v\u00e4rik\u00e4s teosinstallaointi.<\/em><\/figcaption><\/figure>\n\n\n\n<p>N\u00e4yttelyst\u00e4 tuli hieno ja meill\u00e4 oli hauskaa! Koronavuoden j\u00e4lkeen t\u00e4ydellinen kes\u00e4retki, jonka tuloksesta voi olla ylpe\u00e4 iloinen. <\/p>\n\n\n\n<p>Lopuksi kiit\u00e4mme TAIKEa n\u00e4yttelyn tukemisesta. <\/p>\n\n\n\n<figure class=\"wp-block-image size-large\"><img loading=\"lazy\" decoding=\"async\" width=\"1024\" height=\"1024\" src=\"http:\/\/www.ainojaaskelainen.com\/wp-content\/uploads\/2021\/06\/IMG_4980-1024x1024.jpg\" alt=\"\" class=\"wp-image-722\" srcset=\"http:\/\/www.ainojaaskelainen.com\/wp-content\/uploads\/2021\/06\/IMG_4980-1024x1024.jpg 1024w, http:\/\/www.ainojaaskelainen.com\/wp-content\/uploads\/2021\/06\/IMG_4980-300x300.jpg 300w, http:\/\/www.ainojaaskelainen.com\/wp-content\/uploads\/2021\/06\/IMG_4980-150x150.jpg 150w, http:\/\/www.ainojaaskelainen.com\/wp-content\/uploads\/2021\/06\/IMG_4980-768x768.jpg 768w, http:\/\/www.ainojaaskelainen.com\/wp-content\/uploads\/2021\/06\/IMG_4980-1536x1536.jpg 1536w, http:\/\/www.ainojaaskelainen.com\/wp-content\/uploads\/2021\/06\/IMG_4980-2048x2048.jpg 2048w, http:\/\/www.ainojaaskelainen.com\/wp-content\/uploads\/2021\/06\/IMG_4980-624x624.jpg 624w\" sizes=\"auto, (max-width: 1024px) 100vw, 1024px\" \/><figcaption><em>Mun &#8221;L\u00e4hteell\u00e4&#8221; edess\u00e4 ja monotypioita sein\u00e4ll\u00e4, sek\u00e4 Sadun kangas<\/em><\/figcaption><\/figure>\n\n\n\n<figure class=\"wp-block-image size-large\"><img loading=\"lazy\" decoding=\"async\" width=\"1024\" height=\"682\" src=\"http:\/\/www.ainojaaskelainen.com\/wp-content\/uploads\/2021\/06\/IMG_7500-1024x682.jpg\" alt=\"\" class=\"wp-image-723\" srcset=\"http:\/\/www.ainojaaskelainen.com\/wp-content\/uploads\/2021\/06\/IMG_7500-1024x682.jpg 1024w, http:\/\/www.ainojaaskelainen.com\/wp-content\/uploads\/2021\/06\/IMG_7500-300x200.jpg 300w, http:\/\/www.ainojaaskelainen.com\/wp-content\/uploads\/2021\/06\/IMG_7500-768x511.jpg 768w, http:\/\/www.ainojaaskelainen.com\/wp-content\/uploads\/2021\/06\/IMG_7500-1536x1023.jpg 1536w, http:\/\/www.ainojaaskelainen.com\/wp-content\/uploads\/2021\/06\/IMG_7500-2048x1364.jpg 2048w, http:\/\/www.ainojaaskelainen.com\/wp-content\/uploads\/2021\/06\/IMG_7500-624x416.jpg 624w\" sizes=\"auto, (max-width: 1024px) 100vw, 1024px\" \/><figcaption><em>Anun(hiili paperille) ja Timon(mekko) teokset takana ja mun keramiikkateokset edess\u00e4<\/em><\/figcaption><\/figure>\n\n\n\n<figure class=\"wp-block-image size-large\"><img loading=\"lazy\" decoding=\"async\" width=\"1024\" height=\"1024\" src=\"http:\/\/www.ainojaaskelainen.com\/wp-content\/uploads\/2021\/06\/IMG_4983-1024x1024.jpg\" alt=\"\" class=\"wp-image-724\" srcset=\"http:\/\/www.ainojaaskelainen.com\/wp-content\/uploads\/2021\/06\/IMG_4983-1024x1024.jpg 1024w, http:\/\/www.ainojaaskelainen.com\/wp-content\/uploads\/2021\/06\/IMG_4983-300x300.jpg 300w, http:\/\/www.ainojaaskelainen.com\/wp-content\/uploads\/2021\/06\/IMG_4983-150x150.jpg 150w, http:\/\/www.ainojaaskelainen.com\/wp-content\/uploads\/2021\/06\/IMG_4983-768x768.jpg 768w, http:\/\/www.ainojaaskelainen.com\/wp-content\/uploads\/2021\/06\/IMG_4983-1536x1536.jpg 1536w, http:\/\/www.ainojaaskelainen.com\/wp-content\/uploads\/2021\/06\/IMG_4983-2048x2048.jpg 2048w, http:\/\/www.ainojaaskelainen.com\/wp-content\/uploads\/2021\/06\/IMG_4983-624x624.jpg 624w\" sizes=\"auto, (max-width: 1024px) 100vw, 1024px\" \/><figcaption><em>Timon &#8221;uikkareita merenmiehille<\/em>&#8221;<\/figcaption><\/figure>\n\n\n\n<figure class=\"wp-block-image size-large\"><img loading=\"lazy\" decoding=\"async\" width=\"1024\" height=\"848\" src=\"http:\/\/www.ainojaaskelainen.com\/wp-content\/uploads\/2021\/06\/simontyot-1024x848.jpg\" alt=\"\" class=\"wp-image-725\" srcset=\"http:\/\/www.ainojaaskelainen.com\/wp-content\/uploads\/2021\/06\/simontyot-1024x848.jpg 1024w, http:\/\/www.ainojaaskelainen.com\/wp-content\/uploads\/2021\/06\/simontyot-300x248.jpg 300w, http:\/\/www.ainojaaskelainen.com\/wp-content\/uploads\/2021\/06\/simontyot-768x636.jpg 768w, http:\/\/www.ainojaaskelainen.com\/wp-content\/uploads\/2021\/06\/simontyot-624x517.jpg 624w, http:\/\/www.ainojaaskelainen.com\/wp-content\/uploads\/2021\/06\/simontyot.jpg 1077w\" sizes=\"auto, (max-width: 1024px) 100vw, 1024px\" \/><figcaption><em>Simon maalauksia<\/em><\/figcaption><\/figure>\n\n\n\n<figure class=\"wp-block-image size-large\"><img loading=\"lazy\" decoding=\"async\" width=\"1024\" height=\"682\" src=\"http:\/\/www.ainojaaskelainen.com\/wp-content\/uploads\/2021\/06\/IMG_7505-1-1024x682.jpg\" alt=\"\" class=\"wp-image-729\" srcset=\"http:\/\/www.ainojaaskelainen.com\/wp-content\/uploads\/2021\/06\/IMG_7505-1-1024x682.jpg 1024w, http:\/\/www.ainojaaskelainen.com\/wp-content\/uploads\/2021\/06\/IMG_7505-1-300x200.jpg 300w, http:\/\/www.ainojaaskelainen.com\/wp-content\/uploads\/2021\/06\/IMG_7505-1-768x511.jpg 768w, http:\/\/www.ainojaaskelainen.com\/wp-content\/uploads\/2021\/06\/IMG_7505-1-1536x1023.jpg 1536w, http:\/\/www.ainojaaskelainen.com\/wp-content\/uploads\/2021\/06\/IMG_7505-1-2048x1364.jpg 2048w, http:\/\/www.ainojaaskelainen.com\/wp-content\/uploads\/2021\/06\/IMG_7505-1-624x416.jpg 624w\" sizes=\"auto, (max-width: 1024px) 100vw, 1024px\" \/><figcaption><em>Anun &#8221;Garden of Miracle Anticipators&#8221;<\/em><\/figcaption><\/figure>\n\n\n\n<figure class=\"wp-block-image size-large\"><img loading=\"lazy\" decoding=\"async\" width=\"1024\" height=\"1024\" src=\"http:\/\/www.ainojaaskelainen.com\/wp-content\/uploads\/2021\/06\/IMG_5065-1024x1024.jpg\" alt=\"\" class=\"wp-image-732\" srcset=\"http:\/\/www.ainojaaskelainen.com\/wp-content\/uploads\/2021\/06\/IMG_5065-1024x1024.jpg 1024w, http:\/\/www.ainojaaskelainen.com\/wp-content\/uploads\/2021\/06\/IMG_5065-300x300.jpg 300w, http:\/\/www.ainojaaskelainen.com\/wp-content\/uploads\/2021\/06\/IMG_5065-150x150.jpg 150w, http:\/\/www.ainojaaskelainen.com\/wp-content\/uploads\/2021\/06\/IMG_5065-768x768.jpg 768w, http:\/\/www.ainojaaskelainen.com\/wp-content\/uploads\/2021\/06\/IMG_5065-1536x1536.jpg 1536w, http:\/\/www.ainojaaskelainen.com\/wp-content\/uploads\/2021\/06\/IMG_5065-2048x2048.jpg 2048w, http:\/\/www.ainojaaskelainen.com\/wp-content\/uploads\/2021\/06\/IMG_5065-624x624.jpg 624w\" sizes=\"auto, (max-width: 1024px) 100vw, 1024px\" \/><figcaption><em>Neito katselee ihaillen punaviinitahraista kes\u00e4mekkoa<\/em><\/figcaption><\/figure>\n\n\n\n<p>K\u00e4yk\u00e4\u00e4 n\u00e4yttelyss\u00e4, jos olette kes\u00e4matkalla Pohjanmaalla!  <\/p>\n","protected":false},"excerpt":{"rendered":"<p>2.6.-24.6. 2021 Pietarsaaren museo, Tupakkamakasiini Hei! Toissap\u00e4iv\u00e4n\u00e4 aukesi Pietarasaaren museon Tupakkamakasiinilla Ihan tossa\/Just d\u00e4r-niminen ryhm\u00e4n\u00e4yttely, joka on minun ja Galleria Huudon toiminnasta saamieni yst\u00e4vien n\u00e4yttely. Minun lis\u00e4kseni n\u00e4yttelyryhm\u00e4\u00e4n kuuluvat Anu Haapanen, Satu Rautiainen, Timo T\u00e4hk\u00e4nen ja Simo Mantere. Pietarsaari ei ollut tuttu kenellek\u00e4\u00e4n meist\u00e4, joten kes\u00e4s\u00e4inen seikkailu oli luvassa. Kyseess\u00e4h\u00e4n on vanha vieh\u00e4tt\u00e4v\u00e4 merellinen pikkukaupunki, [&hellip;]<\/p>\n","protected":false},"author":2,"featured_media":0,"comment_status":"open","ping_status":"closed","sticky":false,"template":"","format":"standard","meta":{"ngg_post_thumbnail":0,"footnotes":""},"categories":[16,7,9,1],"tags":[],"class_list":["post-718","post","type-post","status-publish","format-standard","hentry","category-kesanayttelyt","category-nayttely","category-ryhmanayttelyt","category-yleinen"],"yoast_head":"<!-- This site is optimized with the Yoast SEO plugin v27.5 - https:\/\/yoast.com\/product\/yoast-seo-wordpress\/ -->\n<title>IHAN TOSSA\/JUST D\u00c4R - Kuvataiteilija Aino J\u00e4\u00e4skel\u00e4inen<\/title>\n<meta name=\"robots\" content=\"index, follow, max-snippet:-1, max-image-preview:large, max-video-preview:-1\" \/>\n<link rel=\"canonical\" href=\"http:\/\/www.ainojaaskelainen.com\/?p=718\" \/>\n<meta property=\"og:locale\" content=\"fi_FI\" \/>\n<meta property=\"og:type\" content=\"article\" \/>\n<meta property=\"og:title\" content=\"IHAN TOSSA\/JUST D\u00c4R - Kuvataiteilija Aino J\u00e4\u00e4skel\u00e4inen\" \/>\n<meta property=\"og:description\" content=\"2.6.-24.6. 2021 Pietarsaaren museo, Tupakkamakasiini Hei! Toissap\u00e4iv\u00e4n\u00e4 aukesi Pietarasaaren museon Tupakkamakasiinilla Ihan tossa\/Just d\u00e4r-niminen ryhm\u00e4n\u00e4yttely, joka on minun ja Galleria Huudon toiminnasta saamieni yst\u00e4vien n\u00e4yttely. Minun lis\u00e4kseni n\u00e4yttelyryhm\u00e4\u00e4n kuuluvat Anu Haapanen, Satu Rautiainen, Timo T\u00e4hk\u00e4nen ja Simo Mantere. Pietarsaari ei ollut tuttu kenellek\u00e4\u00e4n meist\u00e4, joten kes\u00e4s\u00e4inen seikkailu oli luvassa. Kyseess\u00e4h\u00e4n on vanha vieh\u00e4tt\u00e4v\u00e4 merellinen pikkukaupunki, [&hellip;]\" \/>\n<meta property=\"og:url\" content=\"http:\/\/www.ainojaaskelainen.com\/?p=718\" \/>\n<meta property=\"og:site_name\" content=\"Kuvataiteilija Aino J\u00e4\u00e4skel\u00e4inen\" \/>\n<meta property=\"article:publisher\" content=\"https:\/\/www.facebook.com\/ainojaaskelainentaidegraafikko\/\" \/>\n<meta property=\"article:published_time\" content=\"2021-06-04T10:59:32+00:00\" \/>\n<meta property=\"article:modified_time\" content=\"2021-06-14T11:23:04+00:00\" \/>\n<meta property=\"og:image\" content=\"http:\/\/www.ainojaaskelainen.com\/wp-content\/uploads\/2021\/06\/ryhmakuva-1024x768.jpg\" \/>\n<meta name=\"author\" content=\"aino\" \/>\n<meta name=\"twitter:card\" content=\"summary_large_image\" \/>\n<meta name=\"twitter:label1\" content=\"Kirjoittanut\" \/>\n\t<meta name=\"twitter:data1\" content=\"aino\" \/>\n\t<meta name=\"twitter:label2\" content=\"Arvioitu lukuaika\" \/>\n\t<meta name=\"twitter:data2\" content=\"1 minuutti\" \/>\n<script type=\"application\/ld+json\" class=\"yoast-schema-graph\">{\"@context\":\"https:\\\/\\\/schema.org\",\"@graph\":[{\"@type\":\"Article\",\"@id\":\"http:\\\/\\\/www.ainojaaskelainen.com\\\/?p=718#article\",\"isPartOf\":{\"@id\":\"http:\\\/\\\/www.ainojaaskelainen.com\\\/?p=718\"},\"author\":{\"name\":\"aino\",\"@id\":\"https:\\\/\\\/www.ainojaaskelainen.com\\\/#\\\/schema\\\/person\\\/4324d52d7a074f0be829f9dc6d7263b7\"},\"headline\":\"IHAN TOSSA\\\/JUST D\u00c4R\",\"datePublished\":\"2021-06-04T10:59:32+00:00\",\"dateModified\":\"2021-06-14T11:23:04+00:00\",\"mainEntityOfPage\":{\"@id\":\"http:\\\/\\\/www.ainojaaskelainen.com\\\/?p=718\"},\"wordCount\":299,\"commentCount\":0,\"image\":{\"@id\":\"http:\\\/\\\/www.ainojaaskelainen.com\\\/?p=718#primaryimage\"},\"thumbnailUrl\":\"http:\\\/\\\/www.ainojaaskelainen.com\\\/wp-content\\\/uploads\\\/2021\\\/06\\\/ryhmakuva-1024x768.jpg\",\"articleSection\":[\"kes\u00e4n\u00e4yttelyt\",\"n\u00e4yttely\",\"Ryhm\u00e4n\u00e4yttelyt\"],\"inLanguage\":\"fi\",\"potentialAction\":[{\"@type\":\"CommentAction\",\"name\":\"Comment\",\"target\":[\"http:\\\/\\\/www.ainojaaskelainen.com\\\/?p=718#respond\"]}]},{\"@type\":\"WebPage\",\"@id\":\"http:\\\/\\\/www.ainojaaskelainen.com\\\/?p=718\",\"url\":\"http:\\\/\\\/www.ainojaaskelainen.com\\\/?p=718\",\"name\":\"IHAN TOSSA\\\/JUST D\u00c4R - Kuvataiteilija Aino J\u00e4\u00e4skel\u00e4inen\",\"isPartOf\":{\"@id\":\"https:\\\/\\\/www.ainojaaskelainen.com\\\/#website\"},\"primaryImageOfPage\":{\"@id\":\"http:\\\/\\\/www.ainojaaskelainen.com\\\/?p=718#primaryimage\"},\"image\":{\"@id\":\"http:\\\/\\\/www.ainojaaskelainen.com\\\/?p=718#primaryimage\"},\"thumbnailUrl\":\"http:\\\/\\\/www.ainojaaskelainen.com\\\/wp-content\\\/uploads\\\/2021\\\/06\\\/ryhmakuva-1024x768.jpg\",\"datePublished\":\"2021-06-04T10:59:32+00:00\",\"dateModified\":\"2021-06-14T11:23:04+00:00\",\"author\":{\"@id\":\"https:\\\/\\\/www.ainojaaskelainen.com\\\/#\\\/schema\\\/person\\\/4324d52d7a074f0be829f9dc6d7263b7\"},\"breadcrumb\":{\"@id\":\"http:\\\/\\\/www.ainojaaskelainen.com\\\/?p=718#breadcrumb\"},\"inLanguage\":\"fi\",\"potentialAction\":[{\"@type\":\"ReadAction\",\"target\":[\"http:\\\/\\\/www.ainojaaskelainen.com\\\/?p=718\"]}]},{\"@type\":\"ImageObject\",\"inLanguage\":\"fi\",\"@id\":\"http:\\\/\\\/www.ainojaaskelainen.com\\\/?p=718#primaryimage\",\"url\":\"http:\\\/\\\/www.ainojaaskelainen.com\\\/wp-content\\\/uploads\\\/2021\\\/06\\\/ryhmakuva-1024x768.jpg\",\"contentUrl\":\"http:\\\/\\\/www.ainojaaskelainen.com\\\/wp-content\\\/uploads\\\/2021\\\/06\\\/ryhmakuva-1024x768.jpg\"},{\"@type\":\"BreadcrumbList\",\"@id\":\"http:\\\/\\\/www.ainojaaskelainen.com\\\/?p=718#breadcrumb\",\"itemListElement\":[{\"@type\":\"ListItem\",\"position\":1,\"name\":\"Etusivu\",\"item\":\"https:\\\/\\\/www.ainojaaskelainen.com\\\/\"},{\"@type\":\"ListItem\",\"position\":2,\"name\":\"IHAN TOSSA\\\/JUST D\u00c4R\"}]},{\"@type\":\"WebSite\",\"@id\":\"https:\\\/\\\/www.ainojaaskelainen.com\\\/#website\",\"url\":\"https:\\\/\\\/www.ainojaaskelainen.com\\\/\",\"name\":\"Kuvataiteilija Aino J\u00e4\u00e4skel\u00e4inen\",\"description\":\"\",\"potentialAction\":[{\"@type\":\"SearchAction\",\"target\":{\"@type\":\"EntryPoint\",\"urlTemplate\":\"https:\\\/\\\/www.ainojaaskelainen.com\\\/?s={search_term_string}\"},\"query-input\":{\"@type\":\"PropertyValueSpecification\",\"valueRequired\":true,\"valueName\":\"search_term_string\"}}],\"inLanguage\":\"fi\"},{\"@type\":\"Person\",\"@id\":\"https:\\\/\\\/www.ainojaaskelainen.com\\\/#\\\/schema\\\/person\\\/4324d52d7a074f0be829f9dc6d7263b7\",\"name\":\"aino\",\"image\":{\"@type\":\"ImageObject\",\"inLanguage\":\"fi\",\"@id\":\"https:\\\/\\\/secure.gravatar.com\\\/avatar\\\/8a0c94034ed8b80fb48462da8f154ea6cad02b08eb29f2f53500f8200b2c41cb?s=96&d=mm&r=g\",\"url\":\"https:\\\/\\\/secure.gravatar.com\\\/avatar\\\/8a0c94034ed8b80fb48462da8f154ea6cad02b08eb29f2f53500f8200b2c41cb?s=96&d=mm&r=g\",\"contentUrl\":\"https:\\\/\\\/secure.gravatar.com\\\/avatar\\\/8a0c94034ed8b80fb48462da8f154ea6cad02b08eb29f2f53500f8200b2c41cb?s=96&d=mm&r=g\",\"caption\":\"aino\"}}]}<\/script>\n<!-- \/ Yoast SEO plugin. -->","yoast_head_json":{"title":"IHAN TOSSA\/JUST D\u00c4R - Kuvataiteilija Aino J\u00e4\u00e4skel\u00e4inen","robots":{"index":"index","follow":"follow","max-snippet":"max-snippet:-1","max-image-preview":"max-image-preview:large","max-video-preview":"max-video-preview:-1"},"canonical":"http:\/\/www.ainojaaskelainen.com\/?p=718","og_locale":"fi_FI","og_type":"article","og_title":"IHAN TOSSA\/JUST D\u00c4R - Kuvataiteilija Aino J\u00e4\u00e4skel\u00e4inen","og_description":"2.6.-24.6. 2021 Pietarsaaren museo, Tupakkamakasiini Hei! Toissap\u00e4iv\u00e4n\u00e4 aukesi Pietarasaaren museon Tupakkamakasiinilla Ihan tossa\/Just d\u00e4r-niminen ryhm\u00e4n\u00e4yttely, joka on minun ja Galleria Huudon toiminnasta saamieni yst\u00e4vien n\u00e4yttely. Minun lis\u00e4kseni n\u00e4yttelyryhm\u00e4\u00e4n kuuluvat Anu Haapanen, Satu Rautiainen, Timo T\u00e4hk\u00e4nen ja Simo Mantere. Pietarsaari ei ollut tuttu kenellek\u00e4\u00e4n meist\u00e4, joten kes\u00e4s\u00e4inen seikkailu oli luvassa. Kyseess\u00e4h\u00e4n on vanha vieh\u00e4tt\u00e4v\u00e4 merellinen pikkukaupunki, [&hellip;]","og_url":"http:\/\/www.ainojaaskelainen.com\/?p=718","og_site_name":"Kuvataiteilija Aino J\u00e4\u00e4skel\u00e4inen","article_publisher":"https:\/\/www.facebook.com\/ainojaaskelainentaidegraafikko\/","article_published_time":"2021-06-04T10:59:32+00:00","article_modified_time":"2021-06-14T11:23:04+00:00","og_image":[{"url":"http:\/\/www.ainojaaskelainen.com\/wp-content\/uploads\/2021\/06\/ryhmakuva-1024x768.jpg","type":"","width":"","height":""}],"author":"aino","twitter_card":"summary_large_image","twitter_misc":{"Kirjoittanut":"aino","Arvioitu lukuaika":"1 minuutti"},"schema":{"@context":"https:\/\/schema.org","@graph":[{"@type":"Article","@id":"http:\/\/www.ainojaaskelainen.com\/?p=718#article","isPartOf":{"@id":"http:\/\/www.ainojaaskelainen.com\/?p=718"},"author":{"name":"aino","@id":"https:\/\/www.ainojaaskelainen.com\/#\/schema\/person\/4324d52d7a074f0be829f9dc6d7263b7"},"headline":"IHAN TOSSA\/JUST D\u00c4R","datePublished":"2021-06-04T10:59:32+00:00","dateModified":"2021-06-14T11:23:04+00:00","mainEntityOfPage":{"@id":"http:\/\/www.ainojaaskelainen.com\/?p=718"},"wordCount":299,"commentCount":0,"image":{"@id":"http:\/\/www.ainojaaskelainen.com\/?p=718#primaryimage"},"thumbnailUrl":"http:\/\/www.ainojaaskelainen.com\/wp-content\/uploads\/2021\/06\/ryhmakuva-1024x768.jpg","articleSection":["kes\u00e4n\u00e4yttelyt","n\u00e4yttely","Ryhm\u00e4n\u00e4yttelyt"],"inLanguage":"fi","potentialAction":[{"@type":"CommentAction","name":"Comment","target":["http:\/\/www.ainojaaskelainen.com\/?p=718#respond"]}]},{"@type":"WebPage","@id":"http:\/\/www.ainojaaskelainen.com\/?p=718","url":"http:\/\/www.ainojaaskelainen.com\/?p=718","name":"IHAN TOSSA\/JUST D\u00c4R - Kuvataiteilija Aino J\u00e4\u00e4skel\u00e4inen","isPartOf":{"@id":"https:\/\/www.ainojaaskelainen.com\/#website"},"primaryImageOfPage":{"@id":"http:\/\/www.ainojaaskelainen.com\/?p=718#primaryimage"},"image":{"@id":"http:\/\/www.ainojaaskelainen.com\/?p=718#primaryimage"},"thumbnailUrl":"http:\/\/www.ainojaaskelainen.com\/wp-content\/uploads\/2021\/06\/ryhmakuva-1024x768.jpg","datePublished":"2021-06-04T10:59:32+00:00","dateModified":"2021-06-14T11:23:04+00:00","author":{"@id":"https:\/\/www.ainojaaskelainen.com\/#\/schema\/person\/4324d52d7a074f0be829f9dc6d7263b7"},"breadcrumb":{"@id":"http:\/\/www.ainojaaskelainen.com\/?p=718#breadcrumb"},"inLanguage":"fi","potentialAction":[{"@type":"ReadAction","target":["http:\/\/www.ainojaaskelainen.com\/?p=718"]}]},{"@type":"ImageObject","inLanguage":"fi","@id":"http:\/\/www.ainojaaskelainen.com\/?p=718#primaryimage","url":"http:\/\/www.ainojaaskelainen.com\/wp-content\/uploads\/2021\/06\/ryhmakuva-1024x768.jpg","contentUrl":"http:\/\/www.ainojaaskelainen.com\/wp-content\/uploads\/2021\/06\/ryhmakuva-1024x768.jpg"},{"@type":"BreadcrumbList","@id":"http:\/\/www.ainojaaskelainen.com\/?p=718#breadcrumb","itemListElement":[{"@type":"ListItem","position":1,"name":"Etusivu","item":"https:\/\/www.ainojaaskelainen.com\/"},{"@type":"ListItem","position":2,"name":"IHAN TOSSA\/JUST D\u00c4R"}]},{"@type":"WebSite","@id":"https:\/\/www.ainojaaskelainen.com\/#website","url":"https:\/\/www.ainojaaskelainen.com\/","name":"Kuvataiteilija Aino J\u00e4\u00e4skel\u00e4inen","description":"","potentialAction":[{"@type":"SearchAction","target":{"@type":"EntryPoint","urlTemplate":"https:\/\/www.ainojaaskelainen.com\/?s={search_term_string}"},"query-input":{"@type":"PropertyValueSpecification","valueRequired":true,"valueName":"search_term_string"}}],"inLanguage":"fi"},{"@type":"Person","@id":"https:\/\/www.ainojaaskelainen.com\/#\/schema\/person\/4324d52d7a074f0be829f9dc6d7263b7","name":"aino","image":{"@type":"ImageObject","inLanguage":"fi","@id":"https:\/\/secure.gravatar.com\/avatar\/8a0c94034ed8b80fb48462da8f154ea6cad02b08eb29f2f53500f8200b2c41cb?s=96&d=mm&r=g","url":"https:\/\/secure.gravatar.com\/avatar\/8a0c94034ed8b80fb48462da8f154ea6cad02b08eb29f2f53500f8200b2c41cb?s=96&d=mm&r=g","contentUrl":"https:\/\/secure.gravatar.com\/avatar\/8a0c94034ed8b80fb48462da8f154ea6cad02b08eb29f2f53500f8200b2c41cb?s=96&d=mm&r=g","caption":"aino"}}]}},"_links":{"self":[{"href":"http:\/\/www.ainojaaskelainen.com\/index.php?rest_route=\/wp\/v2\/posts\/718","targetHints":{"allow":["GET"]}}],"collection":[{"href":"http:\/\/www.ainojaaskelainen.com\/index.php?rest_route=\/wp\/v2\/posts"}],"about":[{"href":"http:\/\/www.ainojaaskelainen.com\/index.php?rest_route=\/wp\/v2\/types\/post"}],"author":[{"embeddable":true,"href":"http:\/\/www.ainojaaskelainen.com\/index.php?rest_route=\/wp\/v2\/users\/2"}],"replies":[{"embeddable":true,"href":"http:\/\/www.ainojaaskelainen.com\/index.php?rest_route=%2Fwp%2Fv2%2Fcomments&post=718"}],"version-history":[{"count":6,"href":"http:\/\/www.ainojaaskelainen.com\/index.php?rest_route=\/wp\/v2\/posts\/718\/revisions"}],"predecessor-version":[{"id":736,"href":"http:\/\/www.ainojaaskelainen.com\/index.php?rest_route=\/wp\/v2\/posts\/718\/revisions\/736"}],"wp:attachment":[{"href":"http:\/\/www.ainojaaskelainen.com\/index.php?rest_route=%2Fwp%2Fv2%2Fmedia&parent=718"}],"wp:term":[{"taxonomy":"category","embeddable":true,"href":"http:\/\/www.ainojaaskelainen.com\/index.php?rest_route=%2Fwp%2Fv2%2Fcategories&post=718"},{"taxonomy":"post_tag","embeddable":true,"href":"http:\/\/www.ainojaaskelainen.com\/index.php?rest_route=%2Fwp%2Fv2%2Ftags&post=718"}],"curies":[{"name":"wp","href":"https:\/\/api.w.org\/{rel}","templated":true}]}}